{"id":15582,"date":"2021-10-13T14:04:58","date_gmt":"2021-10-13T17:04:58","guid":{"rendered":"https:\/\/www.ifbaiano.edu.br\/unidades\/santaines\/?p=15582"},"modified":"2021-10-13T14:04:58","modified_gmt":"2021-10-13T17:04:58","slug":"campus-santa-ines-publica-nota-informativa-sobre-assistencia-estudantil","status":"publish","type":"post","link":"https:\/\/www.ifbaiano.edu.br\/unidades\/santaines\/campus-santa-ines-publica-nota-informativa-sobre-assistencia-estudantil\/","title":{"rendered":"Campus Santa In\u00eas publica Nota Informativa sobre Assist\u00eancia Estudantil"},"content":{"rendered":"\n<p>NOTA INFORMATIVA N\u00ba 1\/2021, de 04 de outubro de 2021<\/p>\n\n\n\n<hr class=\"wp-block-separator\" \/>\n\n\n\n<p>O Diretor-Geral do IF Baiano\u00a0<em>Campus\u00a0<\/em>Santa In\u00eas informa que acata a decis\u00e3o da\u00a0Comiss\u00e3o Local de Assist\u00eancia Estudantil sobre a\u00a0prorroga\u00e7\u00e3o dos Editais 01\/2020 (outubro de 2020), 03\/2020 (novembro de 2020) e 01\/2021 (abril de 2021), at\u00e9 dezembro de 2021, com a exclus\u00e3o dos estudantes que j\u00e1 conclu\u00edram o Terceiro Ano.<\/p>\n\n\n\n<hr class=\"wp-block-separator\" \/>\n\n\n\n<p>Documento assinado no SUAP<\/p>\n","protected":false},"excerpt":{"rendered":"<p>NOTA INFORMATIVA N\u00ba 1\/2021, de 04 de outubro de 2021 O Diretor-Geral do IF Baiano\u00a0Campus\u00a0Santa In\u00eas informa que acata a decis\u00e3o da\u00a0Comiss\u00e3o Local de Assist\u00eancia Estudantil sobre a\u00a0prorroga\u00e7\u00e3o dos Editais 01\/2020 (outubro de 2020), 03\/2020 (novembro de 2020) e 01\/2021 (abril de 2021), at\u00e9 dezembro de 2021, com a exclus\u00e3o dos estudantes que j\u00e1 conclu\u00edram [&hellip;]<\/p>\n","protected":false},"author":86,"featured_media":15257,"comment_status":"closed","ping_status":"closed","sticky":false,"template":"","format":"standard","meta":[],"categories":[4,5,57],"tags":[],"_links":{"self":[{"href":"https:\/\/www.ifbaiano.edu.br\/unidades\/santaines\/wp-json\/wp\/v2\/posts\/15582"}],"collection":[{"href":"https:\/\/www.ifbaiano.edu.br\/unidades\/santaines\/wp-json\/wp\/v2\/posts"}],"about":[{"href":"https:\/\/www.ifbaiano.edu.br\/unidades\/santaines\/wp-json\/wp\/v2\/types\/post"}],"author":[{"embeddable":true,"href":"https:\/\/www.ifbaiano.edu.br\/unidades\/santaines\/wp-json\/wp\/v2\/users\/86"}],"replies":[{"embeddable":true,"href":"https:\/\/www.ifbaiano.edu.br\/unidades\/santaines\/wp-json\/wp\/v2\/comments?post=15582"}],"version-history":[{"count":1,"href":"https:\/\/www.ifbaiano.edu.br\/unidades\/santaines\/wp-json\/wp\/v2\/posts\/15582\/revisions"}],"predecessor-version":[{"id":15583,"href":"https:\/\/www.ifbaiano.edu.br\/unidades\/santaines\/wp-json\/wp\/v2\/posts\/15582\/revisions\/15583"}],"wp:featuredmedia":[{"embeddable":true,"href":"https:\/\/www.ifbaiano.edu.br\/unidades\/santaines\/wp-json\/wp\/v2\/media\/15257"}],"wp:attachment":[{"href":"https:\/\/www.ifbaiano.edu.br\/unidades\/santaines\/wp-json\/wp\/v2\/media?parent=15582"}],"wp:term":[{"taxonomy":"category","embeddable":true,"href":"https:\/\/www.ifbaiano.edu.br\/unidades\/santaines\/wp-json\/wp\/v2\/categories?post=15582"},{"taxonomy":"post_tag","embeddable":true,"href":"https:\/\/www.ifbaiano.edu.br\/unidades\/santaines\/wp-json\/wp\/v2\/tags?post=15582"}],"curies":[{"name":"wp","href":"https:\/\/api.w.org\/{rel}","templated":true}]}}