{"id":15584,"date":"2021-10-13T15:08:46","date_gmt":"2021-10-13T18:08:46","guid":{"rendered":"https:\/\/www.ifbaiano.edu.br\/unidades\/santaines\/?p=15584"},"modified":"2021-10-13T15:08:47","modified_gmt":"2021-10-13T18:08:47","slug":"campus-santa-ines-publica-nota-informativa-sobre-inicio-do-ano-letivo-2021-para-as-turmas-dos-cursos-tecnicos-integrados","status":"publish","type":"post","link":"https:\/\/www.ifbaiano.edu.br\/unidades\/santaines\/campus-santa-ines-publica-nota-informativa-sobre-inicio-do-ano-letivo-2021-para-as-turmas-dos-cursos-tecnicos-integrados\/","title":{"rendered":"Campus Santa In\u00eas publica Nota Informativa sobre In\u00edcio do Ano Letivo 2021 para as turmas dos Cursos T\u00e9cnicos Integrados"},"content":{"rendered":"\n<p>O Diretor Geral do Campus Santa In\u00eas  publicou <a href=\"https:\/\/www.ifbaiano.edu.br\/unidades\/santaines\/files\/2021\/10\/Nota-Informativa-02_2021-Inicio-das-Aulas-2.pdf\">NOTA INFORMATIVA n\u00ba 02\/2021<\/a> sobre a situa\u00e7\u00e3o do Campus nesse per\u00edodo de pandemia e o planejamento das atividades acad\u00eamicas para o Ano Letivo 2021 que ocorrer\u00e3o, inicialmente, em formato remoto.  <\/p>\n\n\n\n<p>O Cronograma dos Pr\u00f3ximos Eventos Institucionais referentes ao in\u00edcio das atividades acad\u00eamicas letivas para o ano de 2021 est\u00e1 assim definido:<\/p>\n\n\n\n<figure class=\"wp-block-table\"><table><tbody><tr><td><strong>DATA\/PER\u00cdODO<\/strong><\/td><td><strong>EVENTO<\/strong><\/td><td><strong>P\u00daBLICO ALVO<\/strong><\/td><td><strong>OBSERVA\u00c7\u00d5ES<\/strong><\/td><\/tr><tr><td>18 a 22\/10\/2021<\/td><td>capacita\u00e7\u00f5es alunos ingressantes<\/td><td>Alunos matriculados em 2021<\/td><td>Os estudantes devem ficar atentos ao site do Campus onde ser\u00e1 divulgado o cronograma das atividades e os links para participa\u00e7\u00e3o nas atividades<\/td><\/tr><tr><td>27 a 28\/10\/2021<\/td><td>Jornada Pedag\u00f3gica<\/td><td>Docentes do Campus<\/td><td>Momento destinado para organiza\u00e7\u00e3o das atividades pedag\u00f3gicas a serem realizadas no ano letivo e de capacita\u00e7\u00e3o docente<\/td><\/tr><tr><td>03\/11\/2021<\/td><td>In\u00edcio do Ano Letivo<\/td><td>Todas as turmas dos Cursos Integrados<\/td><td>In\u00edcio do Ano Letivo para as turmas dos Cursos Integrados<\/td><\/tr><tr><td>03 a 05\/11\/2021<\/td><td>Semana de Acolhimento dos Estudantes<\/td><td>Todas as turmas dos Cursos Integrados<\/td><td>Os estudantes devem ficar atentos ao site do Campus onde ser\u00e1 divulgado o cronograma das atividades e os links para participa\u00e7\u00e3o nas atividades<\/td><\/tr><\/tbody><\/table><\/figure>\n\n\n\n<hr class=\"wp-block-separator\" \/>\n","protected":false},"excerpt":{"rendered":"<p>O Diretor Geral do Campus Santa In\u00eas publicou NOTA INFORMATIVA n\u00ba 02\/2021 sobre a situa\u00e7\u00e3o do Campus nesse per\u00edodo de pandemia e o planejamento das atividades acad\u00eamicas para o Ano Letivo 2021 que ocorrer\u00e3o, inicialmente, em formato remoto. O Cronograma dos Pr\u00f3ximos Eventos Institucionais referentes ao in\u00edcio das atividades acad\u00eamicas letivas para o ano de [&hellip;]<\/p>\n","protected":false},"author":86,"featured_media":15257,"comment_status":"closed","ping_status":"closed","sticky":false,"template":"","format":"standard","meta":[],"categories":[4,5,10,57],"tags":[],"_links":{"self":[{"href":"https:\/\/www.ifbaiano.edu.br\/unidades\/santaines\/wp-json\/wp\/v2\/posts\/15584"}],"collection":[{"href":"https:\/\/www.ifbaiano.edu.br\/unidades\/santaines\/wp-json\/wp\/v2\/posts"}],"about":[{"href":"https:\/\/www.ifbaiano.edu.br\/unidades\/santaines\/wp-json\/wp\/v2\/types\/post"}],"author":[{"embeddable":true,"href":"https:\/\/www.ifbaiano.edu.br\/unidades\/santaines\/wp-json\/wp\/v2\/users\/86"}],"replies":[{"embeddable":true,"href":"https:\/\/www.ifbaiano.edu.br\/unidades\/santaines\/wp-json\/wp\/v2\/comments?post=15584"}],"version-history":[{"count":2,"href":"https:\/\/www.ifbaiano.edu.br\/unidades\/santaines\/wp-json\/wp\/v2\/posts\/15584\/revisions"}],"predecessor-version":[{"id":15589,"href":"https:\/\/www.ifbaiano.edu.br\/unidades\/santaines\/wp-json\/wp\/v2\/posts\/15584\/revisions\/15589"}],"wp:featuredmedia":[{"embeddable":true,"href":"https:\/\/www.ifbaiano.edu.br\/unidades\/santaines\/wp-json\/wp\/v2\/media\/15257"}],"wp:attachment":[{"href":"https:\/\/www.ifbaiano.edu.br\/unidades\/santaines\/wp-json\/wp\/v2\/media?parent=15584"}],"wp:term":[{"taxonomy":"category","embeddable":true,"href":"https:\/\/www.ifbaiano.edu.br\/unidades\/santaines\/wp-json\/wp\/v2\/categories?post=15584"},{"taxonomy":"post_tag","embeddable":true,"href":"https:\/\/www.ifbaiano.edu.br\/unidades\/santaines\/wp-json\/wp\/v2\/tags?post=15584"}],"curies":[{"name":"wp","href":"https:\/\/api.w.org\/{rel}","templated":true}]}}