{"id":15592,"date":"2021-10-19T09:49:00","date_gmt":"2021-10-19T12:49:00","guid":{"rendered":"https:\/\/www.ifbaiano.edu.br\/unidades\/santaines\/?p=15592"},"modified":"2021-10-22T07:05:51","modified_gmt":"2021-10-22T10:05:51","slug":"semana-de-acolhimento-e-capacitacoes-de-alunos-ingressantes-nos-cursos-tecnicos-integrados","status":"publish","type":"post","link":"https:\/\/www.ifbaiano.edu.br\/unidades\/santaines\/semana-de-acolhimento-e-capacitacoes-de-alunos-ingressantes-nos-cursos-tecnicos-integrados\/","title":{"rendered":"Semana de acolhimento e capacita\u00e7\u00f5es de alunos ingressantes nos Cursos T\u00e9cnicos Integrados"},"content":{"rendered":"\n<p>O IF Baiano Campus Santa In\u00eas realiza, no per\u00edodo de 18 a 22 de outubro de 2021, a semana de acolhimento e capacita\u00e7\u00f5es dos alunos ingressantes dos Cursos T\u00e9cnicos Integrados em Agropecu\u00e1ria, Alimentos e Zootecnia. <\/p>\n\n\n\n<p>Das atividades programadas para a semana, al\u00e9m da acolhida, apresenta\u00e7\u00f5es, momento cultural, est\u00e3o previstas capacita\u00e7\u00f5es nos programas e plataformas digitais que ser\u00e3o utilizadas pelos(as) estudantes.<\/p>\n\n\n\n<p><strong>CONFIRA A PROGRAMA\u00c7\u00c3O<\/strong>:<\/p>\n\n\n\n<figure class=\"wp-block-image size-full is-resized\"><a href=\"https:\/\/www.ifbaiano.edu.br\/unidades\/santaines\/files\/2021\/10\/Programacao-semana-de-acolhimento.png\"><img decoding=\"async\" loading=\"lazy\" src=\"https:\/\/www.ifbaiano.edu.br\/unidades\/santaines\/files\/2021\/10\/Programacao-semana-de-acolhimento.png\" alt=\"\" class=\"wp-image-15595\" width=\"720\" height=\"610\" \/><\/a><\/figure>\n\n\n\n<p><strong>Para acessar a p\u00e1gina e participar da programa\u00e7\u00e3o, basta clicar, abaixo, na data correspondente<\/strong>:<\/p>\n\n\n\n<ul><li><strong style=\"font-size: revert;color: initial\"><a href=\"https:\/\/www.youtube.com\/watch?v=oG6nxG1LEGM\">18 de outubro<\/a><\/strong> <\/li><li><strong>19 de outubro<\/strong> &#8211; O encontro deste dia est\u00e1 dividido em dois grupos, iniciando no mesmo hor\u00e1rio (14h). Assim, est\u00e3o disponibilizados abaixo os links para as respectivas turmas:<\/li><\/ul>\n\n\n\n<ol><li><a href=\"https:\/\/conferenciaweb.rnp.br\/webconf\/merilande-de-oliveira-soares-eloi\">Cursos T\u00e9cnicos Integrados em Agropecu\u00e1ria e Alimentos<\/a><\/li><li><a href=\"https:\/\/conferenciaweb.rnp.br\/webconf\/viviane-correa-santos-2\">Curso T\u00e9cnico Integrado em Zootecnia<\/a><\/li><\/ol>\n\n\n\n<ul><li><strong><a href=\"https:\/\/www.youtube.com\/watch?v=cBxG4qVVVUE\">20 de outubro<\/a><\/strong><\/li><li><a href=\"https:\/\/www.youtube.com\/watch?v=aYih3yD7sg4\"><strong>21 de outubro<\/strong><\/a><\/li><li><strong><a href=\"https:\/\/www.youtube.com\/watch?v=87f_fUtYvZk\">22 de outubro<\/a><\/strong><\/li><\/ul>\n\n\n\n<hr class=\"wp-block-separator\" \/>\n\n\n\n<p><\/p>\n","protected":false},"excerpt":{"rendered":"<p>Per\u00edodo de 18 a 22 de outubro de 2021<\/p>\n","protected":false},"author":86,"featured_media":0,"comment_status":"closed","ping_status":"closed","sticky":false,"template":"","format":"standard","meta":[],"categories":[4,5,10,57],"tags":[],"_links":{"self":[{"href":"https:\/\/www.ifbaiano.edu.br\/unidades\/santaines\/wp-json\/wp\/v2\/posts\/15592"}],"collection":[{"href":"https:\/\/www.ifbaiano.edu.br\/unidades\/santaines\/wp-json\/wp\/v2\/posts"}],"about":[{"href":"https:\/\/www.ifbaiano.edu.br\/unidades\/santaines\/wp-json\/wp\/v2\/types\/post"}],"author":[{"embeddable":true,"href":"https:\/\/www.ifbaiano.edu.br\/unidades\/santaines\/wp-json\/wp\/v2\/users\/86"}],"replies":[{"embeddable":true,"href":"https:\/\/www.ifbaiano.edu.br\/unidades\/santaines\/wp-json\/wp\/v2\/comments?post=15592"}],"version-history":[{"count":13,"href":"https:\/\/www.ifbaiano.edu.br\/unidades\/santaines\/wp-json\/wp\/v2\/posts\/15592\/revisions"}],"predecessor-version":[{"id":15645,"href":"https:\/\/www.ifbaiano.edu.br\/unidades\/santaines\/wp-json\/wp\/v2\/posts\/15592\/revisions\/15645"}],"wp:attachment":[{"href":"https:\/\/www.ifbaiano.edu.br\/unidades\/santaines\/wp-json\/wp\/v2\/media?parent=15592"}],"wp:term":[{"taxonomy":"category","embeddable":true,"href":"https:\/\/www.ifbaiano.edu.br\/unidades\/santaines\/wp-json\/wp\/v2\/categories?post=15592"},{"taxonomy":"post_tag","embeddable":true,"href":"https:\/\/www.ifbaiano.edu.br\/unidades\/santaines\/wp-json\/wp\/v2\/tags?post=15592"}],"curies":[{"name":"wp","href":"https:\/\/api.w.org\/{rel}","templated":true}]}}