{"id":15597,"date":"2021-10-18T07:32:39","date_gmt":"2021-10-18T10:32:39","guid":{"rendered":"https:\/\/www.ifbaiano.edu.br\/unidades\/santaines\/?p=15597"},"modified":"2021-11-22T09:53:14","modified_gmt":"2021-11-22T12:53:14","slug":"campus-santa-ines-seleciona-estudantes-para-residencia-estudantil","status":"publish","type":"post","link":"https:\/\/www.ifbaiano.edu.br\/unidades\/santaines\/campus-santa-ines-seleciona-estudantes-para-residencia-estudantil\/","title":{"rendered":"Campus Santa In\u00eas seleciona estudantes para Resid\u00eancia Estudantil"},"content":{"rendered":"\n<p>O IF Baiano &#8211; Campus Santa In\u00eas publica <a href=\"http:\/\/Edital n\u00ba 13\">Edital n\u00ba 13\/2021<\/a> de Processo Seletivo para a Resid\u00eancia Estudantil 2022. O referido edital estabelece as normas e crit\u00e9rios para a sele\u00e7\u00e3o de estudantes (EXCLUSIVAMENTE ingressantes em 2021) dos cursos do Ensino M\u00e9dio Integrado, interessados nas vagas para moradia interna, em Regime de Internato Pleno (RIP), no ano letivo de 2021. Esta sele\u00e7\u00e3o \u00e9 <\/p>\n\n\n\n<p>Est\u00e3o sendo disponibilizadas 60 vagas, sendo 30 para Resid\u00eancia Estudantil Feminina e 30 para Resid\u00eancia Estudantil Masculina. Para participar, o(a) estudante precisa fazer a inscri\u00e7\u00e3o no per\u00edodo de 08 a 12\/11\/2021, por meio de envio para o e-mail clae.ifsi@gmail.com da seguinte documenta\u00e7\u00e3o: <\/p>\n\n\n\n<p>1. RG do estudante; <\/p>\n\n\n\n<p>2. Comprovante de matricula;<\/p>\n\n\n\n<p>3. Comprovante de resid\u00eancia atualizado em nome do respons\u00e1vel; <\/p>\n\n\n\n<p>4. Espelho do CAD \u00danico em nome do estudante; <\/p>\n\n\n\n<p>5. <strong><a href=\"http:\/\/Anexo I \u2013 Ficha de Inscri\u00e7\u00e3o\">Ficha de Inscri\u00e7\u00e3o<\/a><\/strong> devidamente assinada pelo respons\u00e1vel.<\/p>\n\n\n\n<p>\u00c9 preciso estar atento ao hor\u00e1rio de expediente, na Institui\u00e7\u00e3o, para a efetiva\u00e7\u00e3o da inscri\u00e7\u00e3o, que \u00e9 de 8h \u00e0s 16h.<\/p>\n\n\n\n<p>A Resid\u00eancia Estudantil integra a Pol\u00edtica de Assist\u00eancia Estudantil do IF Baiano e consiste em viabilizar a perman\u00eancia integral de estudantes que v\u00eam de outro Estado, munic\u00edpio ou zona rural de Santa In\u00eas, podendo atender a ambos os sexos, preferencialmente adolescentes na idade entre 12 e 17 anos que estejam em situa\u00e7\u00e3o de vulnerabilidade socioecon\u00f4mica.<\/p>\n\n\n\n<p>\u00c9 imprescind\u00edvel a leitura do edital onde se encontram todas informa\u00e7\u00f5es referentes ao processo seletivo.  Den\u00fancias, d\u00favidas e recursos podem ser encaminhadas para a Comiss\u00e3o Local de Assist\u00eancia Estudantil &#8211; CLAE atrav\u00e9s de formul\u00e1rio devidamente assinado para o e-mail clae.ifsi@gmail.com.<\/p>\n\n\n\n<p>Todos os documentos referentes a o Processo Seletivo est\u00e3o disponibilizados na <a href=\"https:\/\/concurso.ifbaiano.edu.br\/portal\/residencia-estudantil-santa-ines-2022\/\">P\u00e1gina de Concursos<\/a>.<\/p>\n\n\n\n<p>Documentos do Processo Seletivo:<\/p>\n\n\n\n<ul><li><a rel=\"noreferrer noopener\" target=\"_blank\" href=\"https:\/\/concurso.ifbaiano.edu.br\/portal\/residencia-estudantil-santa-ines-2022\/wp-content\/uploads\/sites\/495\/2021\/10\/Edital-Residencia-Estudantil.pdf\">Edital n\u00ba 13<\/a><\/li><\/ul>\n\n\n\n<ul><li><a rel=\"noreferrer noopener\" target=\"_blank\" href=\"https:\/\/concurso.ifbaiano.edu.br\/portal\/residencia-estudantil-santa-ines-2022\/wp-content\/uploads\/sites\/495\/2021\/10\/Anexo-I-Ficha-de-Inscricao.pdf\">Anexo I \u2013 Ficha de Inscri\u00e7\u00e3o<\/a><\/li><\/ul>\n\n\n\n<ul><li><a rel=\"noreferrer noopener\" target=\"_blank\" href=\"https:\/\/concurso.ifbaiano.edu.br\/portal\/residencia-estudantil-santa-ines-2022\/wp-content\/uploads\/sites\/495\/2021\/11\/Resultado-Preliminar-Residencia-Estudantil.pdf\">Resultado Preliminar<\/a><\/li><\/ul>\n\n\n\n<ul><li><a rel=\"noreferrer noopener\" target=\"_blank\" href=\"https:\/\/concurso.ifbaiano.edu.br\/portal\/residencia-estudantil-santa-ines-2022\/wp-content\/uploads\/sites\/495\/2021\/11\/Resultado-Interposicao-de-Recursos-Residencia-Estudantil.pdf\">Resultado da Interposi\u00e7\u00e3o de Recursos<\/a><\/li><\/ul>\n\n\n\n<ul><li><a rel=\"noreferrer noopener\" target=\"_blank\" href=\"https:\/\/concurso.ifbaiano.edu.br\/portal\/residencia-estudantil-santa-ines-2022\/wp-content\/uploads\/sites\/495\/2021\/11\/Resultado-Definitivo-Residencia-Estudantil.pdf\">Resultado Definitivo<\/a><\/li><\/ul>\n\n\n\n<p>\u00a0<\/p>\n\n\n\n<hr class=\"wp-block-separator\" \/>\n","protected":false},"excerpt":{"rendered":"<p>Inscri\u00e7\u00f5es abertas no per\u00edodo de 08 a 12\/11\/2021<\/p>\n","protected":false},"author":86,"featured_media":15600,"comment_status":"closed","ping_status":"closed","sticky":false,"template":"","format":"standard","meta":[],"categories":[4,38,13,5,8,57],"tags":[],"_links":{"self":[{"href":"https:\/\/www.ifbaiano.edu.br\/unidades\/santaines\/wp-json\/wp\/v2\/posts\/15597"}],"collection":[{"href":"https:\/\/www.ifbaiano.edu.br\/unidades\/santaines\/wp-json\/wp\/v2\/posts"}],"about":[{"href":"https:\/\/www.ifbaiano.edu.br\/unidades\/santaines\/wp-json\/wp\/v2\/types\/post"}],"author":[{"embeddable":true,"href":"https:\/\/www.ifbaiano.edu.br\/unidades\/santaines\/wp-json\/wp\/v2\/users\/86"}],"replies":[{"embeddable":true,"href":"https:\/\/www.ifbaiano.edu.br\/unidades\/santaines\/wp-json\/wp\/v2\/comments?post=15597"}],"version-history":[{"count":7,"href":"https:\/\/www.ifbaiano.edu.br\/unidades\/santaines\/wp-json\/wp\/v2\/posts\/15597\/revisions"}],"predecessor-version":[{"id":15770,"href":"https:\/\/www.ifbaiano.edu.br\/unidades\/santaines\/wp-json\/wp\/v2\/posts\/15597\/revisions\/15770"}],"wp:featuredmedia":[{"embeddable":true,"href":"https:\/\/www.ifbaiano.edu.br\/unidades\/santaines\/wp-json\/wp\/v2\/media\/15600"}],"wp:attachment":[{"href":"https:\/\/www.ifbaiano.edu.br\/unidades\/santaines\/wp-json\/wp\/v2\/media?parent=15597"}],"wp:term":[{"taxonomy":"category","embeddable":true,"href":"https:\/\/www.ifbaiano.edu.br\/unidades\/santaines\/wp-json\/wp\/v2\/categories?post=15597"},{"taxonomy":"post_tag","embeddable":true,"href":"https:\/\/www.ifbaiano.edu.br\/unidades\/santaines\/wp-json\/wp\/v2\/tags?post=15597"}],"curies":[{"name":"wp","href":"https:\/\/api.w.org\/{rel}","templated":true}]}}