{"id":1561,"date":"2012-03-29T16:01:48","date_gmt":"2012-03-29T19:01:48","guid":{"rendered":"http:\/\/www.ifbaiano.edu.br\/unidades\/santaines\/?p=1561"},"modified":"2012-03-29T16:02:07","modified_gmt":"2012-03-29T19:02:07","slug":"1561","status":"publish","type":"post","link":"https:\/\/www.ifbaiano.edu.br\/unidades\/santaines\/1561\/","title":{"rendered":"Diretor Geral e Prefeito de Jaguaquara discutem melhorias que beneficiem aos alunos"},"content":{"rendered":"<h5><em>Foto: Fabiana Nascimento<\/em><\/h5>\n<p style=\"text-align: justify\">Na \u00faltima quinta-feira, dia 22 de mar\u00e7o, o Diretor Geral Nelson Filho, acompanhado do Coordenador Geral de Assist\u00eancia ao Educando, professor Edney Concei\u00e7\u00e3o, e da Assistente Social, Fabiana Nascimento, estiveram reunidos com o prefeito da cidade de Jaguaquara, o Sr. Aldemir Moreira, para discutirem melhorias na parceria entre o Campus e a prefeitura no que tange o transporte dos alunos. Atualmente o \u00f4nibus cedido pela prefeitura faz o transporte dos alunos residentes em Jaguaquara apenas as segundas-feiras para o Campus,<\/p>\n<div id=\"attachment_1562\" style=\"width: 310px\" class=\"wp-caption alignright\"><a href=\"http:\/\/www.ifbaiano.edu.br\/unidades\/santaines\/files\/2012\/03\/Foto-Nelson1.jpg\"><img aria-describedby=\"caption-attachment-1562\" decoding=\"async\" loading=\"lazy\" class=\"size-medium wp-image-1562\" src=\"http:\/\/www.ifbaiano.edu.br\/unidades\/santaines\/files\/2012\/03\/Foto-Nelson1-300x225.jpg\" alt=\"\" width=\"300\" height=\"225\" srcset=\"https:\/\/www.ifbaiano.edu.br\/unidades\/santaines\/files\/2012\/03\/Foto-Nelson1-300x225.jpg 300w, https:\/\/www.ifbaiano.edu.br\/unidades\/santaines\/files\/2012\/03\/Foto-Nelson1-400x300.jpg 400w, https:\/\/www.ifbaiano.edu.br\/unidades\/santaines\/files\/2012\/03\/Foto-Nelson1.jpg 1024w\" sizes=\"(max-width: 300px) 100vw, 300px\" \/><\/a><p id=\"caption-attachment-1562\" class=\"wp-caption-text\">\u00c0 esquerda Diretor Nelson, no centro o Prefeito Aldemir Moreira e \u00e0 direita Edney Concei\u00e7\u00e3o<\/p><\/div>\n<p style=\"text-align: justify\">com retorno nas sextas-feiras para Jaguaquara, o que inviabiliza para muitos a perman\u00eancia no Instituto dada a dificuldade de custeio deste transporte para aqueles que n\u00e3o conseguiram uma vaga no alojamento para alunos internos e tamb\u00e9m pela pr\u00f3pria dificuldade no hor\u00e1rio do transporte p\u00fablico, pois a carga hor\u00e1ria de estudos do Instituto compreende o dia inteiro (7h30min \u00e0s 11h50min, no per\u00edodo matutino; \u00a0de\u00a013h30min \u00e0s 17h50min, no per\u00edodo vespertino e; das 19h00min \u00e0s 22h50min no per\u00edodo noturno). Para contornar a situa\u00e7\u00e3o, o Diretor dialoga sobre a possibilidade deste \u00f4nibus fazer viagens di\u00e1rias, o que possibilitaria \u00e0queles que desejam cursar uma Institui\u00e7\u00e3o de Ensino Federal realizarem seu objetivo.<\/p>\n<p style=\"text-align: justify\">O desejo do Diretor \u00e9 que esta a\u00e7\u00e3o seja imediata, para ser poss\u00edvel beneficiar os alunos j\u00e1 no per\u00edodo letivo de 2012.<\/p>\n<h5><\/h5>\n<p>&nbsp;<\/p>\n<h5><em>Jaguaquara<\/em><em>\u00a0\u00e9 um\u00a0<\/em><a title=\"Munic\u00edpio\" href=\"http:\/\/pt.wikipedia.org\/wiki\/Munic%C3%ADpio\"><em>munic\u00edpio<\/em><\/a><em>\u00a0no Vale do Jiquiri\u00e7\u00e1, na Microrregi\u00e3o de Jequi\u00e9, no Sudoeste do\u00a0<\/em><a title=\"Estados do Brasil\" href=\"http:\/\/pt.wikipedia.org\/wiki\/Estados_do_Brasil\"><em>estado<\/em><\/a><em>\u00a0da\u00a0<\/em><a title=\"Bahia\" href=\"http:\/\/pt.wikipedia.org\/wiki\/Bahia\"><em>Bahia<\/em><\/a><em>, no<\/em><em>\u00a0<\/em><a title=\"Brasil\" href=\"http:\/\/pt.wikipedia.org\/wiki\/Brasil\"><em>Brasil<\/em><\/a><em>. Sua popula\u00e7\u00e3o \u00e9 de 51 019 habitantes, de acordo com os dados do Censo 2010.<\/em><\/h5>\n","protected":false},"excerpt":{"rendered":"<p>Foto: Fabiana Nascimento Na \u00faltima quinta-feira, dia 22 de mar\u00e7o, o Diretor Geral Nelson Filho, acompanhado do Coordenador Geral de Assist\u00eancia ao Educando, professor Edney Concei\u00e7\u00e3o, e da Assistente Social, Fabiana Nascimento, estiveram reunidos com o prefeito da cidade de Jaguaquara, o Sr. Aldemir Moreira, para discutirem melhorias na parceria entre o Campus e a [&hellip;]<\/p>\n","protected":false},"author":26,"featured_media":0,"comment_status":"closed","ping_status":"closed","sticky":false,"template":"","format":"standard","meta":[],"categories":[10],"tags":[],"_links":{"self":[{"href":"https:\/\/www.ifbaiano.edu.br\/unidades\/santaines\/wp-json\/wp\/v2\/posts\/1561"}],"collection":[{"href":"https:\/\/www.ifbaiano.edu.br\/unidades\/santaines\/wp-json\/wp\/v2\/posts"}],"about":[{"href":"https:\/\/www.ifbaiano.edu.br\/unidades\/santaines\/wp-json\/wp\/v2\/types\/post"}],"author":[{"embeddable":true,"href":"https:\/\/www.ifbaiano.edu.br\/unidades\/santaines\/wp-json\/wp\/v2\/users\/26"}],"replies":[{"embeddable":true,"href":"https:\/\/www.ifbaiano.edu.br\/unidades\/santaines\/wp-json\/wp\/v2\/comments?post=1561"}],"version-history":[{"count":3,"href":"https:\/\/www.ifbaiano.edu.br\/unidades\/santaines\/wp-json\/wp\/v2\/posts\/1561\/revisions"}],"predecessor-version":[{"id":1565,"href":"https:\/\/www.ifbaiano.edu.br\/unidades\/santaines\/wp-json\/wp\/v2\/posts\/1561\/revisions\/1565"}],"wp:attachment":[{"href":"https:\/\/www.ifbaiano.edu.br\/unidades\/santaines\/wp-json\/wp\/v2\/media?parent=1561"}],"wp:term":[{"taxonomy":"category","embeddable":true,"href":"https:\/\/www.ifbaiano.edu.br\/unidades\/santaines\/wp-json\/wp\/v2\/categories?post=1561"},{"taxonomy":"post_tag","embeddable":true,"href":"https:\/\/www.ifbaiano.edu.br\/unidades\/santaines\/wp-json\/wp\/v2\/tags?post=1561"}],"curies":[{"name":"wp","href":"https:\/\/api.w.org\/{rel}","templated":true}]}}