{"id":15644,"date":"2021-10-22T07:25:19","date_gmt":"2021-10-22T10:25:19","guid":{"rendered":"https:\/\/www.ifbaiano.edu.br\/unidades\/santaines\/?p=15644"},"modified":"2021-10-22T08:00:14","modified_gmt":"2021-10-22T11:00:14","slug":"campus-santa-ines-realiza-jornada-pedagogica-referente-ao-ano-letivo-2021","status":"publish","type":"post","link":"https:\/\/www.ifbaiano.edu.br\/unidades\/santaines\/campus-santa-ines-realiza-jornada-pedagogica-referente-ao-ano-letivo-2021\/","title":{"rendered":"Campus Santa In\u00eas realiza Jornada Pedag\u00f3gica referente ao ano letivo 2021"},"content":{"rendered":"\n<p>Com o tema: \u201cEduca\u00e7\u00e3o na pandemia: caminhos para repensar os espa\u00e7os de aprendizagens\u201d, o IF Baiano\u00a0<em>campus\u00a0<\/em>Santa In\u00eas\u00a0promover\u00e1, nos dias 27 a\u00a028 de outubro, a Jornada Pedag\u00f3gica Virtual referente ao ano letivo de 2021.<\/p>\n\n\n\n<p>Segundo a coordenadora de Ensino, diante dos desafios educacionais vivenciados em contexto de pandemia, a Jornada\u00a0ter\u00e1 por objetivo proporcionar aos servidores um momento de acolhimento e reflex\u00e3o, como tamb\u00e9m um espa\u00e7o para interagir e discutir temas importante para subsidiar a organiza\u00e7\u00e3o das atividades letivas do ano letivo 2021, que ainda iniciar\u00e3o em formato remoto.<\/p>\n\n\n\n<p>Est\u00e3o previstos na programa\u00e7\u00e3o, al\u00e9m de apresenta\u00e7\u00f5es e boas vindas, momento Cultural, palestras, roda de Conversa e capacita\u00e7\u00e3o. Tamb\u00e9m estar\u00e3o presentes nesse encontro, servidores da Reitoria e de outros Campi do IF Baiano.<\/p>\n\n\n\n<p>A<a href=\"https:\/\/www.ifbaiano.edu.br\/unidades\/santaines\/files\/2021\/10\/Programacao-Jornada-pedagogica-Ano-letivo-2021.pdf\"> programa\u00e7\u00e3o completa do evento<\/a> j\u00e1 foi disponibilizada e os participantes ter\u00e3o acesso ao link, no dia  do evento, por e-mail.<\/p>\n\n\n\n<hr class=\"wp-block-separator\" \/>\n","protected":false},"excerpt":{"rendered":"<p>A jornada acontece nos dias  27 a\u00a028 de outubro de 2021<\/p>\n","protected":false},"author":86,"featured_media":0,"comment_status":"closed","ping_status":"closed","sticky":false,"template":"","format":"standard","meta":[],"categories":[4,5,57],"tags":[],"_links":{"self":[{"href":"https:\/\/www.ifbaiano.edu.br\/unidades\/santaines\/wp-json\/wp\/v2\/posts\/15644"}],"collection":[{"href":"https:\/\/www.ifbaiano.edu.br\/unidades\/santaines\/wp-json\/wp\/v2\/posts"}],"about":[{"href":"https:\/\/www.ifbaiano.edu.br\/unidades\/santaines\/wp-json\/wp\/v2\/types\/post"}],"author":[{"embeddable":true,"href":"https:\/\/www.ifbaiano.edu.br\/unidades\/santaines\/wp-json\/wp\/v2\/users\/86"}],"replies":[{"embeddable":true,"href":"https:\/\/www.ifbaiano.edu.br\/unidades\/santaines\/wp-json\/wp\/v2\/comments?post=15644"}],"version-history":[{"count":2,"href":"https:\/\/www.ifbaiano.edu.br\/unidades\/santaines\/wp-json\/wp\/v2\/posts\/15644\/revisions"}],"predecessor-version":[{"id":15649,"href":"https:\/\/www.ifbaiano.edu.br\/unidades\/santaines\/wp-json\/wp\/v2\/posts\/15644\/revisions\/15649"}],"wp:attachment":[{"href":"https:\/\/www.ifbaiano.edu.br\/unidades\/santaines\/wp-json\/wp\/v2\/media?parent=15644"}],"wp:term":[{"taxonomy":"category","embeddable":true,"href":"https:\/\/www.ifbaiano.edu.br\/unidades\/santaines\/wp-json\/wp\/v2\/categories?post=15644"},{"taxonomy":"post_tag","embeddable":true,"href":"https:\/\/www.ifbaiano.edu.br\/unidades\/santaines\/wp-json\/wp\/v2\/tags?post=15644"}],"curies":[{"name":"wp","href":"https:\/\/api.w.org\/{rel}","templated":true}]}}