{"id":15686,"date":"2021-11-01T12:17:13","date_gmt":"2021-11-01T15:17:13","guid":{"rendered":"https:\/\/www.ifbaiano.edu.br\/unidades\/santaines\/?p=15686"},"modified":"2021-11-04T11:04:23","modified_gmt":"2021-11-04T14:04:23","slug":"campus-santa-ines-inicia-na-proxima-quarta-feira-atividades-do-ano-letivo-2021","status":"publish","type":"post","link":"https:\/\/www.ifbaiano.edu.br\/unidades\/santaines\/campus-santa-ines-inicia-na-proxima-quarta-feira-atividades-do-ano-letivo-2021\/","title":{"rendered":"Campus Santa In\u00eas inicia, na pr\u00f3xima quarta-feira, atividades do ano letivo 2021"},"content":{"rendered":"\n<p>As aulas, no IF Baiano Campus Santa In\u00eas, iniciam na pr\u00f3xima quarta-feira, dia 03 de novembro de 2021 e, como a pandemia ainda n\u00e3o acabou, esse in\u00edcio de ano letivo, ser\u00e1 de forma remota. <\/p>\n\n\n\n<p>No per\u00edodo de 03 a 05\/11 est\u00e1 programada a &#8220;Semana do Acolhimento&#8221;, totalmente online e com programa\u00e7\u00e3o sempre no hor\u00e1rio das 14h. Est\u00e3o previstas na programa\u00e7\u00e3o: Apresenta\u00e7\u00e3o do Campus, acolhida, depoimentos de estudantes e egressos, palestras, di\u00e1logos e roda de conversa.<\/p>\n\n\n\n<figure class=\"wp-block-gallery columns-3 is-cropped wp-block-gallery-1 is-layout-flex\"><ul class=\"blocks-gallery-grid\"><li class=\"blocks-gallery-item\"><figure><a href=\"https:\/\/www.ifbaiano.edu.br\/unidades\/santaines\/files\/2021\/11\/ecc34a91-9bfd-4904-8c8d-e10e2bfa450b.jpg\"><img decoding=\"async\" loading=\"lazy\" width=\"900\" height=\"900\" src=\"https:\/\/www.ifbaiano.edu.br\/unidades\/santaines\/files\/2021\/11\/ecc34a91-9bfd-4904-8c8d-e10e2bfa450b.jpg\" alt=\"\" data-id=\"15689\" data-link=\"https:\/\/www.ifbaiano.edu.br\/unidades\/santaines\/?attachment_id=15689\" class=\"wp-image-15689\" \/><\/a><\/figure><\/li><li class=\"blocks-gallery-item\"><figure><a href=\"https:\/\/www.ifbaiano.edu.br\/unidades\/santaines\/files\/2021\/11\/a74ba41c-09ad-4ee8-a844-0274a2e0a327.jpg\"><img decoding=\"async\" loading=\"lazy\" width=\"900\" height=\"900\" src=\"https:\/\/www.ifbaiano.edu.br\/unidades\/santaines\/files\/2021\/11\/a74ba41c-09ad-4ee8-a844-0274a2e0a327.jpg\" alt=\"\" data-id=\"15690\" data-link=\"https:\/\/www.ifbaiano.edu.br\/unidades\/santaines\/?attachment_id=15690\" class=\"wp-image-15690\" \/><\/a><\/figure><\/li><li class=\"blocks-gallery-item\"><figure><a href=\"https:\/\/www.ifbaiano.edu.br\/unidades\/santaines\/files\/2021\/11\/27193229-6030-4f25-b678-ad272ffb6b76.jpg\"><img decoding=\"async\" loading=\"lazy\" width=\"900\" height=\"900\" src=\"https:\/\/www.ifbaiano.edu.br\/unidades\/santaines\/files\/2021\/11\/27193229-6030-4f25-b678-ad272ffb6b76.jpg\" alt=\"\" data-id=\"15691\" data-link=\"https:\/\/www.ifbaiano.edu.br\/unidades\/santaines\/?attachment_id=15691\" class=\"wp-image-15691\" \/><\/a><\/figure><\/li><\/ul><\/figure>\n\n\n\n<p>O link de acesso ao espa\u00e7o virtual \u00e0 Semana de Acolhimento estar\u00e1 dispon\u00edvel no respectivo dia da programa\u00e7\u00e3o, bastando clicar na respectiva data abaixo:<\/p>\n\n\n\n<ul><li><a href=\"https:\/\/www.youtube.com\/watch?v=ykMoNhJDqWI\">03 de novembro de 2021<\/a><\/li><li><a href=\"https:\/\/www.youtube.com\/watch?v=a6FDgjKorME\">04 de novembro de 2021<\/a> <\/li><li>05 de novembro de 2021 &#8211; Link ainda n\u00e3o dispon\u00edvel<\/li><\/ul>\n\n\n\n<p>Para esse in\u00edcio do ano letivo 2021 tamb\u00e9m foi elaborado um documento orientador para familiarizar o(a) estudante ingressante \u00e0 nova rotina e facilitar seu acesso \u00e0s principais ferramentas para contato e estudo remoto utilizados e  encaminhado aos estudantes. <\/p>\n\n\n\n<p>O documento &#8220;<a href=\"https:\/\/www.ifbaiano.edu.br\/unidades\/santaines\/files\/2021\/11\/Retorno-das-Aulas-Campus-Santa-Ines.pdf\">TRILHA PARA O IN\u00cdCIO DAS AULAS NO CAMPUS SANTA IN\u00caS<\/a>&#8221; traz, al\u00e9m de instru\u00e7\u00f5es para cadastros no e-mail institucional, Sistema Unificado da Administra\u00e7\u00e3o P\u00fablica &#8211; SUAP e Plataforma para as atividades ass\u00edncronas (Campus Virtual Moodle), apresenta tamb\u00e9m um leque de perguntas e respostas e e-mails de contato com os respectivos cursos e com o Campus.<\/p>\n\n\n\n<hr class=\"wp-block-separator\" \/>\n\n\n\n<p><\/p>\n\n\n\n<p><\/p>\n","protected":false},"excerpt":{"rendered":"<p>As aulas, no IF Baiano Campus Santa In\u00eas, iniciam na pr\u00f3xima quarta-feira, dia 03 de novembro de 2021 e, como a pandemia ainda n\u00e3o acabou, esse in\u00edcio de ano letivo, ser\u00e1 de forma remota. No per\u00edodo de 03 a 05\/11 est\u00e1 programada a &#8220;Semana do Acolhimento&#8221;, totalmente online e com programa\u00e7\u00e3o sempre no hor\u00e1rio das [&hellip;]<\/p>\n","protected":false},"author":86,"featured_media":14155,"comment_status":"closed","ping_status":"closed","sticky":false,"template":"","format":"standard","meta":[],"categories":[4,5,57],"tags":[],"_links":{"self":[{"href":"https:\/\/www.ifbaiano.edu.br\/unidades\/santaines\/wp-json\/wp\/v2\/posts\/15686"}],"collection":[{"href":"https:\/\/www.ifbaiano.edu.br\/unidades\/santaines\/wp-json\/wp\/v2\/posts"}],"about":[{"href":"https:\/\/www.ifbaiano.edu.br\/unidades\/santaines\/wp-json\/wp\/v2\/types\/post"}],"author":[{"embeddable":true,"href":"https:\/\/www.ifbaiano.edu.br\/unidades\/santaines\/wp-json\/wp\/v2\/users\/86"}],"replies":[{"embeddable":true,"href":"https:\/\/www.ifbaiano.edu.br\/unidades\/santaines\/wp-json\/wp\/v2\/comments?post=15686"}],"version-history":[{"count":4,"href":"https:\/\/www.ifbaiano.edu.br\/unidades\/santaines\/wp-json\/wp\/v2\/posts\/15686\/revisions"}],"predecessor-version":[{"id":15698,"href":"https:\/\/www.ifbaiano.edu.br\/unidades\/santaines\/wp-json\/wp\/v2\/posts\/15686\/revisions\/15698"}],"wp:featuredmedia":[{"embeddable":true,"href":"https:\/\/www.ifbaiano.edu.br\/unidades\/santaines\/wp-json\/wp\/v2\/media\/14155"}],"wp:attachment":[{"href":"https:\/\/www.ifbaiano.edu.br\/unidades\/santaines\/wp-json\/wp\/v2\/media?parent=15686"}],"wp:term":[{"taxonomy":"category","embeddable":true,"href":"https:\/\/www.ifbaiano.edu.br\/unidades\/santaines\/wp-json\/wp\/v2\/categories?post=15686"},{"taxonomy":"post_tag","embeddable":true,"href":"https:\/\/www.ifbaiano.edu.br\/unidades\/santaines\/wp-json\/wp\/v2\/tags?post=15686"}],"curies":[{"name":"wp","href":"https:\/\/api.w.org\/{rel}","templated":true}]}}