{"id":15695,"date":"2021-11-03T12:20:13","date_gmt":"2021-11-03T15:20:13","guid":{"rendered":"https:\/\/www.ifbaiano.edu.br\/unidades\/santaines\/?p=15695"},"modified":"2021-11-03T12:20:14","modified_gmt":"2021-11-03T15:20:14","slug":"iii-encontro-neqa-if-baiano-acontece-de-forma-virtual","status":"publish","type":"post","link":"https:\/\/www.ifbaiano.edu.br\/unidades\/santaines\/iii-encontro-neqa-if-baiano-acontece-de-forma-virtual\/","title":{"rendered":"III Encontro NEQA-IF Baiano acontece de forma virtual"},"content":{"rendered":"\n<p>O III Encontro do Grupo de Pesquisa em Quest\u00f5es Agr\u00e1rias do IF Baiano\/CNPq, mais conhecido pela sigla NEQA, ser\u00e1 realizado, entre os dias 9 e 19 de novembro de 2021, de forma virtual, atrav\u00e9s da RNP Confer\u00eancias <em>Web<\/em> da Comunidade Acad\u00eamica Federada (Cafe). <\/p>\n\n\n\n<p>Segundo a Coordenadora do  Grupo de Pesquisa em Quest\u00f5es Agr\u00e1rias do IF Baiano, professora Aline Lima, o NEQA desenvolve, desde 2011, atividades de ensino-pesquisa-extens\u00e3o no IF Baiano <em>Campus<\/em> Santa In\u00eas. Em 2018, o NEQA foi <a href=\"http:\/\/dgp.cnpq.br\/dgp\/espelhogrupo\/361350\">cadastrado no CNPq<\/a> e, desde ent\u00e3o, agrega professores, t\u00e9cnico-administrativos e estudantes de gradua\u00e7\u00e3o e especializa\u00e7\u00e3o dos <em>campi<\/em> de Bom Jesus da Lapa, Governador Mangabeira, Santa In\u00eas e Serrinha, al\u00e9m de egressos e membros da comunidade externa. <\/p>\n\n\n\n<p>&#8220;Os integrantes do NEQA-IF Baiano\/CNPq prop\u00f5em realizar o seu terceiro encontro com o objetivo de apresentar para comunidade interna e externa as atividades de ensino, pesquisa e extens\u00e3o desenvolvidas ao longo de 2021&#8221; Afirma a professora Aline Lima. N\u00e3o \u00e9 necess\u00e1rio fazer inscri\u00e7\u00e3o para participar do encontro e a comiss\u00e3o organizadora emitir\u00e1 certificado de participa\u00e7\u00e3o. Basta <a href=\"https:\/\/conferenciaweb.rnp.br\/webconf\/aline-dos-santos-lima\">CLICAR AQUI<\/a> para acesso \u00e0 plataforma. <\/p>\n\n\n\n<p>Programa\u00e7\u00e3o:<\/p>\n\n\n\n<ul><li><strong>09\/11 (ter\u00e7a-feira entre 08:00-10:30) \u2013 <\/strong>Oficina CANVA com\/para movimentos sociais.<\/li><\/ul>\n\n\n\n<p>Media\u00e7\u00e3o: Aila Cristina e Angela Calhau.<\/p>\n\n\n\n<ul><li><strong>09\/11 <\/strong>(<strong>ter\u00e7a-feira entre 18:00-18:30<\/strong>) \u2013 Abertura: Trajet\u00f3ria do NEQA-IF Baiano\/CNPq.<\/li><\/ul>\n\n\n\n<p>Media\u00e7\u00e3o: Angela Calhau.<\/p>\n\n\n\n<ul><li><strong>09\/11<\/strong> (<strong>ter\u00e7a-feira entre 18:30-19:30<\/strong>) \u2013 Oficina atualiza\u00e7\u00e3o Curr\u00edculo Lattes.<\/li><\/ul>\n\n\n\n<p>Media\u00e7\u00e3o: Aline dos Santos Lima.<\/p>\n\n\n\n<ul><li><strong>10\/11<\/strong> (<strong>quarta-feira entre 14:00-15:30<\/strong>) \u2013 Apresenta\u00e7\u00e3o dos resultados projeto de pesquisa Mapeando a produ\u00e7\u00e3o (in)sustent\u00e1vel de alimentos em Assentamentos de Reforma Agr\u00e1ria em Santa In\u00eas-BA<strong> \u2013 <\/strong>Edital N\u00ba 53, de 07 de abril de 2020 \u2013 Chamada Interna PROPES N\u00ba 01\/2020.<\/li><\/ul>\n\n\n\n<p>Media\u00e7\u00e3o: Emily Nascimentos dos Santos<\/p>\n\n\n\n<ul><li><strong>12\/11 <\/strong>(<strong>sexta-feira 08:30-10:00<\/strong>) \u2013 Apresenta\u00e7\u00e3o pesquisa TCC II: Din\u00e2micas da feira livre em Jiquiri\u00e7\u00e1-BA.<\/li><\/ul>\n\n\n\n<p>Licencianda: Maria S\u00f4nia de Jesus Santos.<\/p>\n\n\n\n<p>Banca Examinadora: Aline dos Santos Lima (Orientadora), Angela Andrade Calhau IF Baiano Santa In\u00eas e Michele Paiva Pereira IFBA Salvador.<\/p>\n\n\n\n<ul><li><strong>12\/11<\/strong> (<strong>sexta-feira 13:00-14:30<\/strong>) \u2013 Apresenta\u00e7\u00e3o pesquisa TCC II: Espacializa\u00e7\u00e3o da cadeia produtiva do sisal no munic\u00edpio de Cravol\u00e2ndia-BA.<\/li><\/ul>\n\n\n\n<p>Licenciando: Genival do Nascimento Ribeiro.<\/p>\n\n\n\n<p>Banca Examinadora: Aline dos Santos Lima (Orientadora), Amanda Jacinta dos Santos SEC-BA e Patr\u00edcia Carla Alves Pena IF Baiano Santa In\u00eas.<\/p>\n\n\n\n<ul><li><strong>18\/11<\/strong> (<strong>quinta-feira 15:00-16:30<\/strong>) \u2013 Apresenta\u00e7\u00e3o pesquisa TCC II: Trabalho an\u00e1logo ao escravo: leituras a partir de Cravol\u00e2ndia-BA.<\/li><\/ul>\n\n\n\n<p>Licenciando: Ancelmo Ribeiro do Livramento.<\/p>\n\n\n\n<p>Banca Examinadora: Aline dos Santos Lima (Orientadora), Fl\u00e1via Silva de Souza IF Baiano Santa In\u00eas e Patr\u00edcia Carla Alves Pena IF Baiano Santa In\u00eas.<\/p>\n\n\n\n<hr class=\"wp-block-separator\" \/>\n\n\n\n<p>D\u00favidas devem ser encaminhadas para o e-mail <a href=\"mailto:aline.lima@ifbaiano.edu.br\">aline.lima@ifbaiano.edu.br<\/a><\/p>\n\n\n\n<hr class=\"wp-block-separator\" \/>\n","protected":false},"excerpt":{"rendered":"<p>O III Encontro do Grupo de Pesquisa em Quest\u00f5es Agr\u00e1rias do IF Baiano\/CNPq, mais conhecido pela sigla NEQA, ser\u00e1 realizado, entre os dias 9 e 19 de novembro de 2021, de forma virtual, atrav\u00e9s da RNP Confer\u00eancias Web da Comunidade Acad\u00eamica Federada (Cafe). Segundo a Coordenadora do Grupo de Pesquisa em Quest\u00f5es Agr\u00e1rias do IF [&hellip;]<\/p>\n","protected":false},"author":86,"featured_media":0,"comment_status":"closed","ping_status":"closed","sticky":false,"template":"","format":"standard","meta":[],"categories":[4,37,57],"tags":[],"_links":{"self":[{"href":"https:\/\/www.ifbaiano.edu.br\/unidades\/santaines\/wp-json\/wp\/v2\/posts\/15695"}],"collection":[{"href":"https:\/\/www.ifbaiano.edu.br\/unidades\/santaines\/wp-json\/wp\/v2\/posts"}],"about":[{"href":"https:\/\/www.ifbaiano.edu.br\/unidades\/santaines\/wp-json\/wp\/v2\/types\/post"}],"author":[{"embeddable":true,"href":"https:\/\/www.ifbaiano.edu.br\/unidades\/santaines\/wp-json\/wp\/v2\/users\/86"}],"replies":[{"embeddable":true,"href":"https:\/\/www.ifbaiano.edu.br\/unidades\/santaines\/wp-json\/wp\/v2\/comments?post=15695"}],"version-history":[{"count":2,"href":"https:\/\/www.ifbaiano.edu.br\/unidades\/santaines\/wp-json\/wp\/v2\/posts\/15695\/revisions"}],"predecessor-version":[{"id":15697,"href":"https:\/\/www.ifbaiano.edu.br\/unidades\/santaines\/wp-json\/wp\/v2\/posts\/15695\/revisions\/15697"}],"wp:attachment":[{"href":"https:\/\/www.ifbaiano.edu.br\/unidades\/santaines\/wp-json\/wp\/v2\/media?parent=15695"}],"wp:term":[{"taxonomy":"category","embeddable":true,"href":"https:\/\/www.ifbaiano.edu.br\/unidades\/santaines\/wp-json\/wp\/v2\/categories?post=15695"},{"taxonomy":"post_tag","embeddable":true,"href":"https:\/\/www.ifbaiano.edu.br\/unidades\/santaines\/wp-json\/wp\/v2\/tags?post=15695"}],"curies":[{"name":"wp","href":"https:\/\/api.w.org\/{rel}","templated":true}]}}