{"id":15699,"date":"2021-11-04T10:57:06","date_gmt":"2021-11-04T13:57:06","guid":{"rendered":"https:\/\/www.ifbaiano.edu.br\/unidades\/santaines\/?p=15699"},"modified":"2021-11-04T10:57:07","modified_gmt":"2021-11-04T13:57:07","slug":"propes-seleciona-projetos-de-pesquisa-para-concessao-de-bolsas-pibic-em","status":"publish","type":"post","link":"https:\/\/www.ifbaiano.edu.br\/unidades\/santaines\/propes-seleciona-projetos-de-pesquisa-para-concessao-de-bolsas-pibic-em\/","title":{"rendered":"Propes seleciona projetos de pesquisa para concess\u00e3o de bolsas Pibic-EM"},"content":{"rendered":"\n<p>Entre os dias 05 e 15 de novembro, a Pr\u00f3-reitoria de Pesquisa e Inova\u00e7\u00e3o (Propes) recebe propostas de projetos de pesquisa para concess\u00e3o de 17 bolsas de Inicia\u00e7\u00e3o Cient\u00edfica Jr. da CNPq (Pibic \u2013 Ensino M\u00e9dio). Ao todo ser\u00e3o selecionados 12 projetos de pesquisa; sete deles sem v\u00ednculo com Grupo de Pesquisa e cinco com v\u00ednculo. As propostas devem seguir o&nbsp;<a href=\"https:\/\/ifbaiano.edu.br\/portal\/pesquisa\/wp-content\/uploads\/sites\/3\/2021\/05\/Manual-PROPES-21.pdf\">Manual de Submiss\u00e3o de Projetos de Pesquisa<\/a>, dispon\u00edvel no Sistema Unificado de Administra\u00e7\u00e3o P\u00fablica (SUAP), que orienta quanto \u00e0 elabora\u00e7\u00e3o e ao envio da proposta pelo SUAP.<\/p>\n\n\n\n<p>O Pibic \u2013 EM tem o objetivo de contribuir para a forma\u00e7\u00e3o de cidad\u00e3os plenos, conscientes e participativos, despertar a voca\u00e7\u00e3o cient\u00edfica e incentivar talentos potenciais dentre os discentes de ensino m\u00e9dio, mediante a participa\u00e7\u00e3o em atividades de populariza\u00e7\u00e3o das ci\u00eancias e das artes e em pesquisa cient\u00edfica e\/ou tecnol\u00f3gica, orientadas por pesquisadores(as) atuantes e qualificados(as).<\/p>\n\n\n\n<p>As bolsas t\u00eam o valor mensal de R$ 100,00.&nbsp; Para se candidatar \u00e0 bolsa, \u00e9 preciso atender, entre outros requisitos listados no&nbsp;<a href=\"https:\/\/concurso.ifbaiano.edu.br\/portal\/pibic-12-outubro-2021\/wp-content\/uploads\/sites\/500\/2021\/10\/Edital-153_2021-PIBIC-EM-CNPQ_IFBAIANO.pdf\">edital<\/a>, aos seguintes requisitos m\u00ednimos: estar regularmente matriculado(a) em cursos integrados ou subsequentes do IF Baiano; ter bom desempenho acad\u00eamico, evidenciado pelo hist\u00f3rico escolar; poder dedicar dez horas semanais \u00e0s atividades do projeto; possuir frequ\u00eancia acad\u00eamica igual ou superior a 75% (setenta e cinco por cento); n\u00e3o ter v\u00ednculo empregat\u00edcio, de qualquer natureza, durante toda a vig\u00eancia da bolsa concedida pelo CNPq.<\/p>\n\n\n\n<p>O resultado preliminar da sele\u00e7\u00e3o das propostas est\u00e1 previsto para 02 de dezembro e o resultado final para 07 de dezembro. Para mais detalhes sobre a sele\u00e7\u00e3o, \u00e9 necess\u00e1rio acessar o edital, dispon\u00edvel na p\u00e1gina\u00a0<a href=\"https:\/\/concurso.ifbaiano.edu.br\/portal\/pibic-12-outubro-2021\/\">Concursos e Sele\u00e7\u00f5es<\/a>, no portal do IF Baiano. Esclarecimentos e informa\u00e7\u00f5es adicionais sobre esta Chamada Interna, poder\u00e3o ser obtidas na Coordena\u00e7\u00e3o de Pesquisa do campus ou pelo e-mail propes@ifbaiano.edu.br.<\/p>\n\n\n\n<hr class=\"wp-block-separator\" \/>\n\n\n\n<p>Mat\u00e9ria ASCOM dispon\u00edvel em: https:\/\/ifbaiano.edu.br\/portal\/blog\/propes-seleciona-projetos-de-pesquisa-para-concessao-de-bolsas-pibic-em\/<\/p>\n","protected":false},"excerpt":{"rendered":"<p>O per\u00edodo de submiss\u00f5es vai de 05 a 15 de novembro<\/p>\n","protected":false},"author":86,"featured_media":15700,"comment_status":"closed","ping_status":"closed","sticky":false,"template":"","format":"standard","meta":[],"categories":[4,5,57],"tags":[],"_links":{"self":[{"href":"https:\/\/www.ifbaiano.edu.br\/unidades\/santaines\/wp-json\/wp\/v2\/posts\/15699"}],"collection":[{"href":"https:\/\/www.ifbaiano.edu.br\/unidades\/santaines\/wp-json\/wp\/v2\/posts"}],"about":[{"href":"https:\/\/www.ifbaiano.edu.br\/unidades\/santaines\/wp-json\/wp\/v2\/types\/post"}],"author":[{"embeddable":true,"href":"https:\/\/www.ifbaiano.edu.br\/unidades\/santaines\/wp-json\/wp\/v2\/users\/86"}],"replies":[{"embeddable":true,"href":"https:\/\/www.ifbaiano.edu.br\/unidades\/santaines\/wp-json\/wp\/v2\/comments?post=15699"}],"version-history":[{"count":1,"href":"https:\/\/www.ifbaiano.edu.br\/unidades\/santaines\/wp-json\/wp\/v2\/posts\/15699\/revisions"}],"predecessor-version":[{"id":15701,"href":"https:\/\/www.ifbaiano.edu.br\/unidades\/santaines\/wp-json\/wp\/v2\/posts\/15699\/revisions\/15701"}],"wp:featuredmedia":[{"embeddable":true,"href":"https:\/\/www.ifbaiano.edu.br\/unidades\/santaines\/wp-json\/wp\/v2\/media\/15700"}],"wp:attachment":[{"href":"https:\/\/www.ifbaiano.edu.br\/unidades\/santaines\/wp-json\/wp\/v2\/media?parent=15699"}],"wp:term":[{"taxonomy":"category","embeddable":true,"href":"https:\/\/www.ifbaiano.edu.br\/unidades\/santaines\/wp-json\/wp\/v2\/categories?post=15699"},{"taxonomy":"post_tag","embeddable":true,"href":"https:\/\/www.ifbaiano.edu.br\/unidades\/santaines\/wp-json\/wp\/v2\/tags?post=15699"}],"curies":[{"name":"wp","href":"https:\/\/api.w.org\/{rel}","templated":true}]}}