{"id":15703,"date":"2021-11-09T16:41:40","date_gmt":"2021-11-09T19:41:40","guid":{"rendered":"https:\/\/www.ifbaiano.edu.br\/unidades\/santaines\/?p=15703"},"modified":"2021-11-09T22:35:10","modified_gmt":"2021-11-10T01:35:10","slug":"estudante-divulgados-editais-de-assistencia-estudantil-e-do-programa-propac","status":"publish","type":"post","link":"https:\/\/www.ifbaiano.edu.br\/unidades\/santaines\/estudante-divulgados-editais-de-assistencia-estudantil-e-do-programa-propac\/","title":{"rendered":"Campus Santa In\u00eas divulga editais dos programas da Pol\u00edtica de Assist\u00eancia Estudantil"},"content":{"rendered":"\n<p>O Instituto Federal Baiano (IF Baiano) &#8211; Campus Santa In\u00eas divulgou quatro editais de programas da Pol\u00edtica de Assist\u00eancia Estudantil da institui\u00e7\u00e3o, s\u00e3o eles: o <a href=\"https:\/\/concurso.ifbaiano.edu.br\/portal\/propac-santa-ines-novembro-2021\/wp-content\/uploads\/sites\/506\/2021\/11\/Edital-no-15.pdf\">Programa de Incentivo \u00e0 Participa\u00e7\u00e3o Pol\u00edtico-Acad\u00eamica<\/a> (Propac), o <a href=\"https:\/\/concurso.ifbaiano.edu.br\/portal\/paise-santa-ines-novembro-2021\/wp-content\/uploads\/sites\/510\/2021\/11\/Edital-no-17-PAISE.pdf\">Programa de Assist\u00eancia e Inclus\u00e3o Social do Estudante<\/a> (Paise), o <a href=\"https:\/\/concurso.ifbaiano.edu.br\/portal\/pae-santa-ines-novembro-2021\/wp-content\/uploads\/sites\/508\/2021\/11\/Edital-no-16-PAE.pdf\">Programa de Aux\u00edlios Eventuais<\/a> (PAE) e o <a href=\"https:\/\/concurso.ifbaiano.edu.br\/portal\/selecao-assistencia-estudantil-santa-ines-novembro-2021\/wp-content\/uploads\/sites\/505\/2021\/11\/Edital-no-14.pdf\">Programa de Inclus\u00e3o Digital<\/a>. Os editais trazem informa\u00e7\u00f5es gerais sobre os programas, como normas e crit\u00e9rios para sele\u00e7\u00e3o priorit\u00e1ria de estudantes em vulnerabilidade socioecon\u00f4mica de cursos presenciais e a dist\u00e2ncia e informa\u00e7\u00f5es espec\u00edficas sobre cada sele\u00e7\u00e3o.<\/p>\n\n\n\n<p>Para ter direito aos benef\u00edcios, o estudante dever\u00e1 ser discente ativo com matr\u00edcula regular em cursos  de Educa\u00e7\u00e3o Profissional T\u00e9cnica de N\u00edvel M\u00e9dio (integrado e subsequente), Ensino Superior ou Educa\u00e7\u00e3o de Jovens e Adultos no IF Baiano. Informa\u00e7\u00f5es sobre o procedimento para inscri\u00e7\u00e3o e&nbsp;cronograma estar\u00e3o dispon\u00edveis nos respectivos editais e as d\u00favidas podem ser enviadas para os e-mail dgae@ifbaiano.edu.br e clae.ifsi@gmail.com ou atrav\u00e9s do contato de WhatsApp (73) 98144-6257.<\/p>\n\n\n\n<p>Todas as informa\u00e7\u00f5es referentes ao processo seletivo de cada edital est\u00e3o dispon\u00edveis nos respectivos endere\u00e7os eletr\u00f4nicos, na p\u00e1gina de Cursos e Concursos do IF Baiano:<\/p>\n\n\n\n<ul><li><a href=\"https:\/\/concurso.ifbaiano.edu.br\/portal\/propac-santa-ines-novembro-2021\/\">Programa de Incentivo \u00e0 Participa\u00e7\u00e3o Pol\u00edtico-Acad\u00eamica<\/a> (Propac)<\/li><li><a href=\"https:\/\/concurso.ifbaiano.edu.br\/portal\/paise-santa-ines-novembro-2021\/\">Programa de Assist\u00eancia e Inclus\u00e3o Social do Estudante<\/a> (Paise)<\/li><li><a href=\"https:\/\/concurso.ifbaiano.edu.br\/portal\/pae-santa-ines-novembro-2021\/\">Programa de Aux\u00edlios Eventuais<\/a> (PAE)<\/li><li><a href=\"https:\/\/concurso.ifbaiano.edu.br\/portal\/selecao-assistencia-estudantil-santa-ines-novembro-2021\/\">Programa de Inclus\u00e3o Digital<\/a><\/li><\/ul>\n\n\n\n<p><strong>Sobre os programas<\/strong><\/p>\n\n\n\n<p>O Programa de Assist\u00eancia e Inclus\u00e3o Social do Estudante do IF Baiano<strong>&nbsp;(PAISE)<\/strong>&nbsp;visa contribuir para o bem estar biopsicossocial, perman\u00eancia e \u00eaxito nas atividades acad\u00eamicas de estudantes em vulnerabilidade socioecon\u00f4mica. Disp\u00f5e de benef\u00edcios como aux\u00edlio moradia, aux\u00edlio alimenta\u00e7\u00e3o, aux\u00edlio transporte, aux\u00edlio material acad\u00eamico, entre outros.<\/p>\n\n\n\n<p>J\u00e1 oPrograma de Incentivo \u00e0 Cultura, Esporte e Lazer&nbsp;<strong>(<\/strong><strong>PINCEL<\/strong>) prop\u00f5e-se apoiar a participa\u00e7\u00e3o de estudantes em atividades art\u00edsticas, culturais, esportivas e de lazer, com vistas \u00e0 melhoria do desempenho acad\u00eamico, \u00e0 produ\u00e7\u00e3o do conhecimento e \u00e0 plena forma\u00e7\u00e3o cidad\u00e3. Inclui os aux\u00edlios de Participa\u00e7\u00e3o em Atividades Esportivas, Participa\u00e7\u00e3o em Atividades Art\u00edsticas e Culturais e Realiza\u00e7\u00e3o de Atividades Art\u00edsticas e Culturais.<\/p>\n\n\n\n<p>O Programa de Incentivo \u00e0 Participa\u00e7\u00e3o Pol\u00edtico Acad\u00eamica<strong>&nbsp;(PROPAC)<\/strong>&nbsp;visa apoiar a realiza\u00e7\u00e3o de a\u00e7\u00f5es que contribuam para o exerc\u00edcio da cidadania e do direito de organiza\u00e7\u00e3o pol\u00edtica do estudante. Aux\u00edlio participa\u00e7\u00e3o em eventos de car\u00e1ter cient\u00edfico, acad\u00eamico, tecnol\u00f3gico e em eventos internos de organiza\u00e7\u00e3o estudantil, Aux\u00edlio Formaliza\u00e7\u00e3o de Entidades Estudantis e Aux\u00edlio Formaliza\u00e7\u00e3o de Entidades Estudantis s\u00e3o os benef\u00edcios dispon\u00edveis.<\/p>\n\n\n\n<hr class=\"wp-block-separator\" \/>\n\n\n\n<p><\/p>\n","protected":false},"excerpt":{"rendered":"<p>Programas s\u00e3o destinados a estudantes do IF Baiano Campus Santa In\u00eas em vulnerabilidade social.<\/p>\n","protected":false},"author":86,"featured_media":0,"comment_status":"closed","ping_status":"closed","sticky":false,"template":"","format":"standard","meta":[],"categories":[4,38,5,57],"tags":[],"_links":{"self":[{"href":"https:\/\/www.ifbaiano.edu.br\/unidades\/santaines\/wp-json\/wp\/v2\/posts\/15703"}],"collection":[{"href":"https:\/\/www.ifbaiano.edu.br\/unidades\/santaines\/wp-json\/wp\/v2\/posts"}],"about":[{"href":"https:\/\/www.ifbaiano.edu.br\/unidades\/santaines\/wp-json\/wp\/v2\/types\/post"}],"author":[{"embeddable":true,"href":"https:\/\/www.ifbaiano.edu.br\/unidades\/santaines\/wp-json\/wp\/v2\/users\/86"}],"replies":[{"embeddable":true,"href":"https:\/\/www.ifbaiano.edu.br\/unidades\/santaines\/wp-json\/wp\/v2\/comments?post=15703"}],"version-history":[{"count":4,"href":"https:\/\/www.ifbaiano.edu.br\/unidades\/santaines\/wp-json\/wp\/v2\/posts\/15703\/revisions"}],"predecessor-version":[{"id":15713,"href":"https:\/\/www.ifbaiano.edu.br\/unidades\/santaines\/wp-json\/wp\/v2\/posts\/15703\/revisions\/15713"}],"wp:attachment":[{"href":"https:\/\/www.ifbaiano.edu.br\/unidades\/santaines\/wp-json\/wp\/v2\/media?parent=15703"}],"wp:term":[{"taxonomy":"category","embeddable":true,"href":"https:\/\/www.ifbaiano.edu.br\/unidades\/santaines\/wp-json\/wp\/v2\/categories?post=15703"},{"taxonomy":"post_tag","embeddable":true,"href":"https:\/\/www.ifbaiano.edu.br\/unidades\/santaines\/wp-json\/wp\/v2\/tags?post=15703"}],"curies":[{"name":"wp","href":"https:\/\/api.w.org\/{rel}","templated":true}]}}