{"id":15720,"date":"2021-12-01T22:21:00","date_gmt":"2021-12-02T01:21:00","guid":{"rendered":"https:\/\/www.ifbaiano.edu.br\/unidades\/santaines\/?p=15720"},"modified":"2021-12-01T22:21:54","modified_gmt":"2021-12-02T01:21:54","slug":"processo-seletivo-para-concessao-de-bolsas-de-monitoria-para-os-cursos-tecnicos-e-superiores-de-graduacao","status":"publish","type":"post","link":"https:\/\/www.ifbaiano.edu.br\/unidades\/santaines\/processo-seletivo-para-concessao-de-bolsas-de-monitoria-para-os-cursos-tecnicos-e-superiores-de-graduacao\/","title":{"rendered":"Processo Seletivo para concess\u00e3o de bolsas de monitoria para os Cursos T\u00e9cnicos e Superiores de Gradua\u00e7\u00e3o."},"content":{"rendered":"\n<p>O Campus Santa In\u00eas publica <a href=\"https:\/\/www.ifbaiano.edu.br\/unidades\/santaines\/files\/2021\/11\/EDITAL-No-19_2021-SELETIVO-PARA-MONITORES.pdf\">Edital n\u00ba 19\/2021<\/a>, de Processo Seletivo para concess\u00e3o de bolsas de monitoria para os Cursos T\u00e9cnicos Integrados e Subsequente, e para os Cursos Superiores de Gradua\u00e7\u00e3o. As inscri\u00e7\u00f5es come\u00e7am hoje (10) e v\u00e3o at\u00e9 o dia 15\/11\/2021. As inscri\u00e7\u00f5es ser\u00e3o realizadas de forma EXCLUSIVAMENTE eletr\u00f4nica <a href=\"https:\/\/forms.gle\/P6Q8bqqTBXAzBJ8p8\">Nesta P\u00e1gina<\/a>, que ficar\u00e1 dispon\u00edvel no per\u00edodo de 10\/11\/2020, at\u00e9 \u00e0s 23:59h do dia 15\/11\/2021. No ato da inscri\u00e7\u00e3o o candidato dever\u00e1 preencher a <a href=\"https:\/\/forms.gle\/P6Q8bqqTBXAzBJ8p8\">Ficha de Inscri\u00e7\u00e3o<\/a> eletr\u00f4nica. <\/p>\n\n\n\n<p>Poder\u00e3o se inscrever os(as) estudantes com matr\u00edcula e frequ\u00eancia regular nos cursos do IF Baiano \u2013<br>Campus Santa In\u00eas, observados os seguintes pr\u00e9-requisitos:<\/p>\n\n\n\n<ul><li>ter obtido aprova\u00e7\u00e3o no componente curricular no qual pleiteia a monitoria de ensino (m\u00e9dia seis<br>para os Cursos T\u00e9cnicos e sete para os Cursos Superiores);<\/li><li>ter disponibilidade de 8 horas semanais para atender \u00e0s atividades de monitoria, das quais, 25% ou 2 horas ser\u00e3o utilizadas para atendimento a estudantes e reuni\u00f5es com os orientadores, por interm\u00e9dio de tecnologias digitais (S\u00edncronas). As demais horas ser\u00e3o dedicadas ao desenvolvimento de estrat\u00e9gias de estudo individual do componente (Ass\u00edncronas).<\/li><li>n\u00e3o usufruir de outro tipo de bolsa, exceto aquelas de car\u00e1ter assistencial.<\/li><\/ul>\n\n\n\n<p>Est\u00e3o sendo disponibilizadas dez vagas para monitores remunerados, distribu\u00eddas por Curso, sendo, tr\u00eas vagas para os cursos t\u00e9cnicos e sete para os cursos superiores de gradua\u00e7\u00e3o, conforme descritas no edital.  O n\u00famero de vagas poder\u00e1 sofrer altera\u00e7\u00e3o durante o per\u00edodo de inscri\u00e7\u00e3o dos discentes no site do Campus.<\/p>\n\n\n\n<p>A Monitoria de Ensino \u00e9 uma pol\u00edtica institucional com normativa pr\u00f3pria,regulamentado pela<br>Resolu\u00e7\u00e3o Consup\/IF Baiano n.\u00ba 08, de 30 de mar\u00e7o de 2016 e \u00e9 compreendida como uma atividade acad\u00eamica para a melhoria do ensino dos Cursos T\u00e9cnicos de N\u00edvel M\u00e9dio e dos Cursos de Gradua\u00e7\u00e3o, atrav\u00e9s do estabelecimento de novas pr\u00e1ticas e experi\u00eancias educacionais, a articula\u00e7\u00e3o entre teoria e pr\u00e1tica, bem como a integra\u00e7\u00e3o curricular em seus diferentes aspectos.<\/p>\n\n\n\n<p>\u00c9 imprescind\u00edvel a leitura do Edital. Neste est\u00e3o detalhadas todas  as informa\u00e7\u00f5es referentes ao certame, como: crit\u00e9rios para sele\u00e7\u00e3o, atribui\u00e7\u00f5es, cronograma, vig\u00eancia, entre outras.<\/p>\n\n\n\n<p>Outras informa\u00e7\u00f5es sobre o Processo Seletivo para Monitores poder\u00e3o ser solicitadas atrav\u00e9s do<br>e-mail: selecaomonitoria@si.ifbaiano.edu.br.<\/p>\n\n\n\n<p><strong>Documentos\/Etapas do Processo:<\/strong><\/p>\n\n\n\n<ul><li><strong><a href=\"https:\/\/www.ifbaiano.edu.br\/unidades\/santaines\/files\/2021\/11\/EDITAL-No-19_2021-SELETIVO-PARA-MONITORES.pdf\">Edital n\u00ba 19\/2021<\/a><\/strong><\/li><\/ul>\n\n\n\n<ul><li><strong><a href=\"https:\/\/www.ifbaiano.edu.br\/unidades\/santaines\/files\/2021\/11\/Homologacao-das-Inscricoes_Monitoria.pdf\">Homologa\u00e7\u00e3o das Inscri\u00e7\u00f5es<\/a><\/strong><\/li><\/ul>\n\n\n\n<ul><li><strong><a href=\"https:\/\/www.ifbaiano.edu.br\/unidades\/santaines\/files\/2021\/11\/PROCESSO-SELETIVO-_-ENTREVISTAS.pdf\">Rela\u00e7\u00e3o das datas\/hor\u00e1rios e links para realiza\u00e7\u00e3o das entrevistas<\/a><\/strong><\/li><\/ul>\n\n\n\n<ul><li><a href=\"https:\/\/www.ifbaiano.edu.br\/unidades\/santaines\/files\/2021\/11\/PROCESSO-SELETIVO-_-RESULTADO-PRELIMINAR.pdf\"><strong>Resultado Preliminar<\/strong><\/a><\/li><\/ul>\n\n\n\n<p>Para interposi\u00e7\u00e3o de recurso contra o resultado preliminar o(a) candidato(a) deve preencher este  <strong><a href=\"https:\/\/docs.google.com\/forms\/d\/e\/1FAIpQLScLFbXbRE5sEWxS-cdiMx_2-Jr7zXUwf9sYpOyeL_dW4wv8qg\/viewform?vc=0&amp;c=0&amp;w=1&amp;flr=0\">Formul\u00e1rio<\/a><\/strong>.<\/p>\n\n\n\n<ul><li><strong><a href=\"https:\/\/www.ifbaiano.edu.br\/unidades\/santaines\/files\/2021\/12\/PROCESSO-SELETIVO-_-RESULTADO-FINAL.pdf\">Resultado Final<\/a><\/strong><br><\/li><\/ul>\n\n\n\n<hr class=\"wp-block-separator\" \/>\n\n\n\n<p><\/p>\n\n\n\n<p><\/p>\n\n\n\n<p><\/p>\n\n\n\n<p><\/p>\n\n\n\n<p><\/p>\n","protected":false},"excerpt":{"rendered":"<p>O Campus Santa In\u00eas publica Edital n\u00ba 19\/2021, de Processo Seletivo para concess\u00e3o de bolsas de monitoria para os Cursos T\u00e9cnicos Integrados e Subsequente, e para os Cursos Superiores de Gradua\u00e7\u00e3o. As inscri\u00e7\u00f5es come\u00e7am hoje (10) e v\u00e3o at\u00e9 o dia 15\/11\/2021. As inscri\u00e7\u00f5es ser\u00e3o realizadas de forma EXCLUSIVAMENTE eletr\u00f4nica Nesta P\u00e1gina, que ficar\u00e1 dispon\u00edvel [&hellip;]<\/p>\n","protected":false},"author":86,"featured_media":0,"comment_status":"closed","ping_status":"closed","sticky":false,"template":"","format":"standard","meta":[],"categories":[4,3,5,8,57],"tags":[],"_links":{"self":[{"href":"https:\/\/www.ifbaiano.edu.br\/unidades\/santaines\/wp-json\/wp\/v2\/posts\/15720"}],"collection":[{"href":"https:\/\/www.ifbaiano.edu.br\/unidades\/santaines\/wp-json\/wp\/v2\/posts"}],"about":[{"href":"https:\/\/www.ifbaiano.edu.br\/unidades\/santaines\/wp-json\/wp\/v2\/types\/post"}],"author":[{"embeddable":true,"href":"https:\/\/www.ifbaiano.edu.br\/unidades\/santaines\/wp-json\/wp\/v2\/users\/86"}],"replies":[{"embeddable":true,"href":"https:\/\/www.ifbaiano.edu.br\/unidades\/santaines\/wp-json\/wp\/v2\/comments?post=15720"}],"version-history":[{"count":9,"href":"https:\/\/www.ifbaiano.edu.br\/unidades\/santaines\/wp-json\/wp\/v2\/posts\/15720\/revisions"}],"predecessor-version":[{"id":15825,"href":"https:\/\/www.ifbaiano.edu.br\/unidades\/santaines\/wp-json\/wp\/v2\/posts\/15720\/revisions\/15825"}],"wp:attachment":[{"href":"https:\/\/www.ifbaiano.edu.br\/unidades\/santaines\/wp-json\/wp\/v2\/media?parent=15720"}],"wp:term":[{"taxonomy":"category","embeddable":true,"href":"https:\/\/www.ifbaiano.edu.br\/unidades\/santaines\/wp-json\/wp\/v2\/categories?post=15720"},{"taxonomy":"post_tag","embeddable":true,"href":"https:\/\/www.ifbaiano.edu.br\/unidades\/santaines\/wp-json\/wp\/v2\/tags?post=15720"}],"curies":[{"name":"wp","href":"https:\/\/api.w.org\/{rel}","templated":true}]}}