{"id":15725,"date":"2021-11-12T21:56:10","date_gmt":"2021-11-13T00:56:10","guid":{"rendered":"https:\/\/www.ifbaiano.edu.br\/unidades\/santaines\/?p=15725"},"modified":"2021-11-12T21:56:10","modified_gmt":"2021-11-13T00:56:10","slug":"estudantes-do-proeja-celebram-conclusao-do-curso-com-aula-da-saudade","status":"publish","type":"post","link":"https:\/\/www.ifbaiano.edu.br\/unidades\/santaines\/estudantes-do-proeja-celebram-conclusao-do-curso-com-aula-da-saudade\/","title":{"rendered":"Estudantes do Proeja celebram conclus\u00e3o do curso com Aula da Saudade"},"content":{"rendered":"\n<p>Para comemorar a conclus\u00e3o da turma 2019 do curso T\u00e9cnico Integrado em Agropecu\u00e1ria, modalidade Proeja, na metodologia da altern\u00e2ncia, o Campus Santa In\u00eas realizou hoje (12), \u00e0s 11h, a aula da saudade, em uma das salas de aula do pavilh\u00e3o de Agropecu\u00e1ria. Estavam presentes no evento, al\u00e9m dos seis Concluintes do curso, o Diretor Geral, professor Abdon Nogueira, a Diretora Acad\u00eamica, Professora Daniele Matos, a Coordenadora de Ensino, Professora Genilda Lima, a Coordenadora do Curso, professora Patr\u00edcia Moura, o Coordenador Geral de Acompanhamento ao Educando, \u00c2ngelo Francisco Andrade, alguns servidores t\u00e9cnico-administrativos e professores do curso.<\/p>\n\n\n\n<figure class=\"wp-block-gallery columns-3 is-cropped wp-block-gallery-1 is-layout-flex\"><ul class=\"blocks-gallery-grid\"><li class=\"blocks-gallery-item\"><figure><a href=\"https:\/\/www.ifbaiano.edu.br\/unidades\/santaines\/files\/2021\/11\/5d63ef0c-276f-42f0-81de-63a7d768f16b-2.jpg\"><img decoding=\"async\" loading=\"lazy\" width=\"1600\" height=\"1200\" src=\"https:\/\/www.ifbaiano.edu.br\/unidades\/santaines\/files\/2021\/11\/5d63ef0c-276f-42f0-81de-63a7d768f16b-2.jpg\" alt=\"\" data-id=\"15738\" data-link=\"https:\/\/www.ifbaiano.edu.br\/unidades\/santaines\/?attachment_id=15738\" class=\"wp-image-15738\" \/><\/a><\/figure><\/li><li class=\"blocks-gallery-item\"><figure><a href=\"https:\/\/www.ifbaiano.edu.br\/unidades\/santaines\/files\/2021\/11\/80745106-5786-4932-8328-40a045411304-1.jpg\"><img decoding=\"async\" loading=\"lazy\" width=\"1600\" height=\"1200\" src=\"https:\/\/www.ifbaiano.edu.br\/unidades\/santaines\/files\/2021\/11\/80745106-5786-4932-8328-40a045411304-1.jpg\" alt=\"\" data-id=\"15740\" data-link=\"https:\/\/www.ifbaiano.edu.br\/unidades\/santaines\/?attachment_id=15740\" class=\"wp-image-15740\" \/><\/a><\/figure><\/li><li class=\"blocks-gallery-item\"><figure><a href=\"https:\/\/www.ifbaiano.edu.br\/unidades\/santaines\/files\/2021\/11\/9be177f8-ffa0-4bfe-b62d-2300755d0796-1.jpg\"><img decoding=\"async\" loading=\"lazy\" width=\"1600\" height=\"1200\" src=\"https:\/\/www.ifbaiano.edu.br\/unidades\/santaines\/files\/2021\/11\/9be177f8-ffa0-4bfe-b62d-2300755d0796-1.jpg\" alt=\"\" data-id=\"15739\" data-link=\"https:\/\/www.ifbaiano.edu.br\/unidades\/santaines\/?attachment_id=15739\" class=\"wp-image-15739\" \/><\/a><\/figure><\/li><li class=\"blocks-gallery-item\"><figure><a href=\"https:\/\/www.ifbaiano.edu.br\/unidades\/santaines\/files\/2021\/11\/ba269601-2aa9-4b20-9835-3a543fee3964-1.jpg\"><img decoding=\"async\" loading=\"lazy\" width=\"1600\" height=\"1200\" src=\"https:\/\/www.ifbaiano.edu.br\/unidades\/santaines\/files\/2021\/11\/ba269601-2aa9-4b20-9835-3a543fee3964-1.jpg\" alt=\"\" data-id=\"15741\" data-link=\"https:\/\/www.ifbaiano.edu.br\/unidades\/santaines\/?attachment_id=15741\" class=\"wp-image-15741\" \/><\/a><\/figure><\/li><li class=\"blocks-gallery-item\"><figure><a href=\"https:\/\/www.ifbaiano.edu.br\/unidades\/santaines\/files\/2021\/11\/cfaa220a-5b25-44f4-bc42-b1be70a3a6c1-1.jpg\"><img decoding=\"async\" loading=\"lazy\" width=\"1600\" height=\"1200\" src=\"https:\/\/www.ifbaiano.edu.br\/unidades\/santaines\/files\/2021\/11\/cfaa220a-5b25-44f4-bc42-b1be70a3a6c1-1.jpg\" alt=\"\" data-id=\"15742\" data-link=\"https:\/\/www.ifbaiano.edu.br\/unidades\/santaines\/?attachment_id=15742\" class=\"wp-image-15742\" \/><\/a><\/figure><\/li><li class=\"blocks-gallery-item\"><figure><a href=\"https:\/\/www.ifbaiano.edu.br\/unidades\/santaines\/files\/2021\/11\/f1c581e6-0619-4415-8712-11dea986e45b-1.jpg\"><img decoding=\"async\" loading=\"lazy\" width=\"1600\" height=\"1200\" src=\"https:\/\/www.ifbaiano.edu.br\/unidades\/santaines\/files\/2021\/11\/f1c581e6-0619-4415-8712-11dea986e45b-1.jpg\" alt=\"\" data-id=\"15743\" data-link=\"https:\/\/www.ifbaiano.edu.br\/unidades\/santaines\/?attachment_id=15743\" class=\"wp-image-15743\" \/><\/a><\/figure><\/li><\/ul><\/figure>\n\n\n\n<p>Apesar do per\u00edodo de pandemia e da informalidade devido aos cuidados necess\u00e1rios, o encontro foi repleto de muito carinho, incentivo e gratid\u00e3o. A professora Patr\u00edcia Moura fez a abertura com a apresenta\u00e7\u00e3o de um v\u00eddeo com fotos de aulas te\u00f3ricas e pr\u00e1ticas, viagens t\u00e9cnicas, os melhores momentos da turma, al\u00e9m de depoimentos dos professores que n\u00e3o puderam estar presentes. A professora Patr\u00edcia tamb\u00e9m fez a leitura de uma carta do professor Nelson Vieira direcionada \u00e0 turma. Todos os depoimentos ressaltaram o empenho e dedica\u00e7\u00e3o da turma na busca pela qualifica\u00e7\u00e3o e a contribui\u00e7\u00e3o que todos(as) deixaram. Tamb\u00e9m houve a manifesta\u00e7\u00e3o dos membros da gest\u00e3o, de professores e t\u00e9cnicos presentes com relatos comoventes, descontra\u00eddos e desejos de sucesso para os(as) concluintes. \u00a0Os(as) estudantes, muito emocionados, relembraram momentos de dificuldades, conquistas, aprendizados e amizades proporcionadas pela educa\u00e7\u00e3o e, ainda, prestaram homenagens e agradeceram pela dedica\u00e7\u00e3o dos professores, a acolhida e o apoio da comunidade do campus e dos colegas de turma. Manoel Miguel Neto relatou o orgulho em realizar um desejo de estudar no IF e acrescentou que &#8220;essa conclus\u00e3o de curso para mim foi uma vit\u00f3ria muito grande [&#8230;] abriu o horizonte na minha vida e tamb\u00e9m dos meus colegas. Eu n\u00e3o digo um horizonte, abriu v\u00e1rios horizontes. Ent\u00e3o \u00e9 assim&#8230; maravilhoso ter hoje o curso conclu\u00eddo em T\u00e9cnico em Agropecu\u00e1ria&#8221;. <\/p>\n\n\n\n<figure class=\"wp-block-gallery columns-2 is-cropped wp-block-gallery-3 is-layout-flex\"><ul class=\"blocks-gallery-grid\"><li class=\"blocks-gallery-item\"><figure><a href=\"https:\/\/www.ifbaiano.edu.br\/unidades\/santaines\/files\/2021\/11\/a5cf5054-ce1b-4564-901e-4317f21a3af1-1.jpg\"><img decoding=\"async\" loading=\"lazy\" width=\"1600\" height=\"1200\" src=\"https:\/\/www.ifbaiano.edu.br\/unidades\/santaines\/files\/2021\/11\/a5cf5054-ce1b-4564-901e-4317f21a3af1-1.jpg\" alt=\"\" data-id=\"15745\" data-link=\"https:\/\/www.ifbaiano.edu.br\/unidades\/santaines\/?attachment_id=15745\" class=\"wp-image-15745\" \/><\/a><\/figure><\/li><li class=\"blocks-gallery-item\"><figure><a href=\"https:\/\/www.ifbaiano.edu.br\/unidades\/santaines\/files\/2021\/11\/2652a0c2-b670-44b2-891b-3682cb0300d8-1.jpg\"><img decoding=\"async\" loading=\"lazy\" width=\"1600\" height=\"1200\" src=\"https:\/\/www.ifbaiano.edu.br\/unidades\/santaines\/files\/2021\/11\/2652a0c2-b670-44b2-891b-3682cb0300d8-1.jpg\" alt=\"\" data-id=\"15744\" data-link=\"https:\/\/www.ifbaiano.edu.br\/unidades\/santaines\/?attachment_id=15744\" class=\"wp-image-15744\" \/><\/a><\/figure><\/li><\/ul><\/figure>\n\n\n\n<p>No encerramento, a professora Patr\u00edcia agradeceu a presen\u00e7a de todos(as) e convidou os presentes para um almo\u00e7o de confraterniza\u00e7\u00e3o, no refeit\u00f3rio do Campus.<\/p>\n","protected":false},"excerpt":{"rendered":"<p>Para comemorar a conclus\u00e3o da turma 2019 do curso T\u00e9cnico Integrado em Agropecu\u00e1ria, modalidade Proeja, na metodologia da altern\u00e2ncia, o Campus Santa In\u00eas realizou hoje (12), \u00e0s 11h, a aula da saudade, em uma das salas de aula do pavilh\u00e3o de Agropecu\u00e1ria. Estavam presentes no evento, al\u00e9m dos seis Concluintes do curso, o Diretor Geral, [&hellip;]<\/p>\n","protected":false},"author":86,"featured_media":15728,"comment_status":"closed","ping_status":"closed","sticky":false,"template":"","format":"standard","meta":[],"categories":[4,13,5,57],"tags":[],"_links":{"self":[{"href":"https:\/\/www.ifbaiano.edu.br\/unidades\/santaines\/wp-json\/wp\/v2\/posts\/15725"}],"collection":[{"href":"https:\/\/www.ifbaiano.edu.br\/unidades\/santaines\/wp-json\/wp\/v2\/posts"}],"about":[{"href":"https:\/\/www.ifbaiano.edu.br\/unidades\/santaines\/wp-json\/wp\/v2\/types\/post"}],"author":[{"embeddable":true,"href":"https:\/\/www.ifbaiano.edu.br\/unidades\/santaines\/wp-json\/wp\/v2\/users\/86"}],"replies":[{"embeddable":true,"href":"https:\/\/www.ifbaiano.edu.br\/unidades\/santaines\/wp-json\/wp\/v2\/comments?post=15725"}],"version-history":[{"count":1,"href":"https:\/\/www.ifbaiano.edu.br\/unidades\/santaines\/wp-json\/wp\/v2\/posts\/15725\/revisions"}],"predecessor-version":[{"id":15746,"href":"https:\/\/www.ifbaiano.edu.br\/unidades\/santaines\/wp-json\/wp\/v2\/posts\/15725\/revisions\/15746"}],"wp:featuredmedia":[{"embeddable":true,"href":"https:\/\/www.ifbaiano.edu.br\/unidades\/santaines\/wp-json\/wp\/v2\/media\/15728"}],"wp:attachment":[{"href":"https:\/\/www.ifbaiano.edu.br\/unidades\/santaines\/wp-json\/wp\/v2\/media?parent=15725"}],"wp:term":[{"taxonomy":"category","embeddable":true,"href":"https:\/\/www.ifbaiano.edu.br\/unidades\/santaines\/wp-json\/wp\/v2\/categories?post=15725"},{"taxonomy":"post_tag","embeddable":true,"href":"https:\/\/www.ifbaiano.edu.br\/unidades\/santaines\/wp-json\/wp\/v2\/tags?post=15725"}],"curies":[{"name":"wp","href":"https:\/\/api.w.org\/{rel}","templated":true}]}}