{"id":15749,"date":"2022-01-12T15:20:00","date_gmt":"2022-01-12T18:20:00","guid":{"rendered":"https:\/\/www.ifbaiano.edu.br\/unidades\/santaines\/?p=15749"},"modified":"2022-01-27T16:47:56","modified_gmt":"2022-01-27T19:47:56","slug":"selecao-para-ingresso-de-estudantes-em-cursos-tecnicos-subsequente-e-proeja","status":"publish","type":"post","link":"https:\/\/www.ifbaiano.edu.br\/unidades\/santaines\/selecao-para-ingresso-de-estudantes-em-cursos-tecnicos-subsequente-e-proeja\/","title":{"rendered":"Vagas remanescentes II: Curso da Educa\u00e7\u00e3o B\u00e1sica Profissional T\u00e9cnico em inform\u00e1tica (subsequente ao Ensino M\u00e9dio). Vagas remanescentes: Curso T\u00e9cnico em Agropecu\u00e1ria Integrado ao Ensino M\u00e9dio na Modalidade da Educa\u00e7\u00e3o de Jovens e Adultos"},"content":{"rendered":"\n<p>Publica-se o <strong>Edital de Vagas Remanescentes II<\/strong> de Sele\u00e7\u00e3o de Estudantes nos Cursos da Educa\u00e7\u00e3o B\u00e1sica Profissional T\u00e9cnica de N\u00edvel M\u00e9dio, subsequente ao Ensino M\u00e9dio (<strong>INFORM\u00c1TICA<\/strong>). Abertura de inscri\u00e7\u00f5es para vagas remanescentes oriundas do processo de ingresso de estudantes em 2021, nos cursos da Educa\u00e7\u00e3o Profissional T\u00e9cnica de N\u00edvel M\u00e9dio, na forma Subsequente ao Ensino M\u00e9dio, para o Campus Santa In\u00eas.<\/p>\n\n\n\n<p><strong><span style=\"color:#078537\" class=\"has-inline-color\">Conforme o ANEXO I do Quadro de Vagas Remanescentes tem-se 12 vagas dispon\u00edveis.<\/span><\/strong><br><strong><span style=\"color:#078537\" class=\"has-inline-color\">Turno: Noturno.<\/span><\/strong><\/p>\n\n\n\n<p><strong>Per\u00edodo de inscri\u00e7\u00f5es: <\/strong> <strong>8h00min DE 24 DE JANEIRO DE 2022 \u00c0S 18h00min DO DIA 01 DE FEVEREIRO DE 2022<\/strong> <br><strong>Previs\u00e3o para o in\u00edcio das aulas: 07 de fevereiro de 2022.<\/strong><\/p>\n\n\n\n<div class=\"wp-block-buttons is-layout-flex\">\n<div class=\"wp-block-button\"><a class=\"wp-block-button__link\" href=\"https:\/\/www.ifbaiano.edu.br\/unidades\/santaines\/files\/2022\/01\/Processo-Seletivo-vagas-remanescentes-Edital-N-22022-de-20-de-janeiro-de-2022.pdf\" target=\"_blank\" rel=\"noreferrer noopener\"> <span class=\"has-inline-color has-white-color\">Edital de Vagas Remanescentes II<\/span><\/a><\/div>\n<\/div>\n\n\n\n<figure class=\"wp-block-table is-style-stripes\"><table><tbody><tr><td><strong>Etapa<\/strong><\/td><td><strong>Data<\/strong><\/td><\/tr><tr><td>Publica\u00e7\u00e3o do Edital<\/td><td>20 de janeiro de 2022<\/td><\/tr><tr><td>Recursos para Impugna\u00e7\u00e3o do Edital por meio de envio de e-mail para prosel@si.ifbaiano.edu.br<\/td><td>21 e 22 de janeiro de 2022<br>(at\u00e9 as 16h00min)<\/td><\/tr><tr><td><strong>PER\u00cdODO DE INSCRI\u00c7\u00d5ES<\/strong>  <br><strong>Manifesta\u00e7\u00e3o de Interesse e Matr\u00edculas<\/strong><\/td><td><strong>Das 8h00min de 24 de janeiro de 2022 \u00e0s 18h00min do dia 01 de fevereiro de 2022<\/strong><\/td><\/tr><tr><td>Publica\u00e7\u00e3o das Listas de Matriculados e Espera<\/td><td>02 de fevereiro de 2022<\/td><\/tr><tr><td>Interposi\u00e7\u00e3o de recursos contra as Listas<\/td><td>03 de fevereiro de 2022<br>(das 8h00min \u00e0s 16h00min)<\/td><\/tr><tr><td>Publica\u00e7\u00e3o das Listas p\u00f3s recursos.<\/td><td>04 de fevereiro de 2022<\/td><\/tr><\/tbody><\/table><\/figure>\n\n\n\n<p><strong>Data desta publica\u00e7\u00e3o: 20 de janeiro de 2022.<\/strong><\/p>\n\n\n\n<hr class=\"wp-block-separator\" \/>\n\n\n\n<p><strong>Sele\u00e7\u00e3o de Estudantes Cursos T\u00e9cnicos em Agropecu\u00e1ria Integrados ao Ensino M\u00e9dio na Modalidade da Educa\u00e7\u00e3o de Jovens e Adultos &#8211; PROEJA<\/strong><\/p>\n\n\n\n<p><strong>ATEN\u00c7\u00c3O: MANIFESTA\u00c7\u00c3O DE INTERESSE PARA O PROEJA E MATR\u00cdCULA AT\u00c9 31 DE JANEIRO DE 2022<\/strong><\/p>\n\n\n\n<p><strong>Edital de retifica\u00e7\u00e3o do Cronograma do Edital N\u00ba 20, de 10 de novembro de 2021, para provimento de Vagas nos Cursos T\u00e9cnicos Integrados ao Ensino M\u00e9dio na Modalidade da Educa\u00e7\u00e3o de Jovens e Adultos &#8211; PROEJA<\/strong><\/p>\n\n\n\n<hr class=\"wp-block-separator\" \/>\n\n\n\n<div class=\"wp-block-buttons is-layout-flex\">\n<div class=\"wp-block-button\"><a class=\"wp-block-button__link\" href=\"https:\/\/www.ifbaiano.edu.br\/unidades\/santaines\/files\/2022\/01\/Edital-de-Retificacao-1-2022-de-10-01-2022-Edital-N-20-1-1.pdf\" target=\"_blank\" rel=\"noreferrer noopener\"> <span class=\"has-inline-color has-white-color\">Edital de Retifica\u00e7\u00e3o do Edital N\u00ba 20 de 10 de novembro de 2021 <\/span><\/a><\/div>\n<\/div>\n\n\n\n<hr class=\"wp-block-separator\" \/>\n\n\n\n<p><strong>Sele\u00e7\u00e3o de Estudantes Cursos T\u00e9cnicos em Agropecu\u00e1ria Integrados ao Ensino M\u00e9dio na Modalidade da Educa\u00e7\u00e3o de Jovens e Adultos &#8211; PROEJA<\/strong><\/p>\n\n\n\n<p><strong>ATEN\u00c7\u00c3O: MANIFESTA\u00c7\u00c3O DE INTERESSE E MATR\u00cdCULA AT\u00c9 31 DE JANEIRO DE 2022<\/strong><\/p>\n\n\n\n<p><strong><a rel=\"noreferrer noopener\" href=\"https:\/\/www.ifbaiano.edu.br\/unidades\/santaines\/files\/2022\/01\/Edital-de-Retificacao-1-2022-de-10-01-2022-Edital-N-20-1-1.pdf\" data-type=\"URL\" data-id=\"https:\/\/www.ifbaiano.edu.br\/unidades\/santaines\/files\/2022\/01\/Edital-de-Retificacao-1-2022-de-10-01-2022-Edital-N-20-1-1.pdf\" target=\"_blank\">Edital de retifica\u00e7\u00e3o do Cronograma do Edital N\u00ba 20, de 10 de novembro de 2021, para provimento de Vagas nos Cursos T\u00e9cnicos Integrados ao Ensino M\u00e9dio na Modalidade da Educa\u00e7\u00e3o de Jovens e Adultos &#8211; PROEJA<\/a><\/strong><\/p>\n\n\n\n<p>Campus: Santa In\u00eas<br>Curso T\u00e9cnico Integrado ao Ensino M\u00e9dio (<strong>T\u00e9cnico em Agropecu\u00e1ria<\/strong>)<br>Total de vagas: 20<br>Distribui\u00e7\u00f5es das vagas conforme <a rel=\"noreferrer noopener\" href=\"https:\/\/concurso.ifbaiano.edu.br\/portal\/proeja-santa-ines-novembro-2021\/wp-content\/uploads\/sites\/512\/2021\/11\/Edital-no-20.pdf\" data-type=\"URL\" data-id=\"https:\/\/concurso.ifbaiano.edu.br\/portal\/proeja-santa-ines-novembro-2021\/wp-content\/uploads\/sites\/512\/2021\/11\/Edital-no-20.pdf\" target=\"_blank\"><strong>ANEXO I do Edital n\u00ba 20<\/strong><\/a>.<br><strong>Previs\u00e3o para o in\u00edcio das aulas do PROEJA: 14 de fevereiro de 2022.<\/strong><\/p>\n\n\n\n<figure class=\"wp-block-table is-style-stripes\"><table><tbody><tr><td><strong>Etapa<\/strong><\/td><td><strong>Data<\/strong><\/td><\/tr><tr><td>Publica\u00e7\u00e3o do Edital<\/td><td>16 de novembro de 2021<\/td><\/tr><tr><td>Recursos para impugna\u00e7\u00e3o do Edital<\/td><td>17  de novembro de 2021 <\/td><\/tr><tr><td>Publica\u00e7\u00e3o do Edital Final<\/td><td>18  de novembro de 2021 <\/td><\/tr><tr><td><strong>PER\u00cdODO DE INSCRI\u00c7\u00d5ES<\/strong>  <br><strong>Manifesta\u00e7\u00e3o de Interesse e Matr\u00edculas<\/strong><\/td><td><strong>de 8h do dia 13 de dezembro \u00e0s <\/strong><br><strong>18h do dia 31 de janeiro de 2022<\/strong><\/td><\/tr><tr><td>Publica\u00e7\u00e3o das Listas de Matriculados e de Espera<\/td><td>01 de fevereiro de 2022<\/td><\/tr><tr><td>Interposi\u00e7\u00e3o de recursos contra as Listas<\/td><td>02 de fevereiro de 2022 <\/td><\/tr><tr><td>Publica\u00e7\u00e3o das Listas P\u00f3s Recursos<\/td><td>03  de fevereiro de 2022<\/td><\/tr><\/tbody><\/table><\/figure>\n\n\n\n<p><strong>Conforme Edital destaca-se:<\/strong><br>1.3. S\u00e3o requisitos para ingresso nos cursos t\u00e9cnicos na Modalidade da Educa\u00e7\u00e3o de Jovens e Adultos &#8211; presenciais do IF Baiano:<br>a) Comprova\u00e7\u00e3o de <strong>idade m\u00ednima de 18 anos<\/strong> (conforme o inciso II, par\u00e1grafo 1.\u00ba, Art. 38, Se\u00e7\u00e3o V da Lei N.\u00ba 9.394 de 20\/12\/1996);<br>b) ter conclu\u00eddo o Ensino Fundamental at\u00e9 o dia da matr\u00edcula;<br>c) apresentar a documenta\u00e7\u00e3o exigida no ato da matr\u00edcula, conforme disposto no item 5.5. deste Edital.<\/p>\n\n\n\n<p>Informa\u00e7\u00f5es em: <strong>prosel@si.ifbaiano.edu.br<\/strong><br>Telefone (73) 98144-6257<\/p>\n\n\n\n<hr class=\"wp-block-separator\" \/>\n\n\n\n<p>Publica-se a lista com Resultado <strong>P\u00f3s Recurso<\/strong> de matriculados e de espera referentes ao Edital de Retifica\u00e7\u00e3o N\u00ba 27\/2021, de 16 de dezembro de 2021 &#8211; Retifica\u00e7\u00e3o do Cronograma do Edital N\u00ba 21\/2021, de 10\/11\/2021, para Vagas Remanescentes Oriundas do Processo de Ingresso de Estudantes em 2021, nos Cursos da Educa\u00e7\u00e3o Profissional T\u00e9cnica de N\u00edvel M\u00e9dio, <strong>na forma Subsequente ao Ensino M\u00e9dio<\/strong>, para o Campus Santa In\u00eas, por meio de Manifesta\u00e7\u00e3o de Interesse na Vaga.<\/p>\n\n\n\n<p><a href=\"https:\/\/www.ifbaiano.edu.br\/unidades\/santaines\/files\/2022\/01\/LISTA-POS-RECURSO-EDITAL-DE-RETIFICACAO-27-2021.pdf\" data-type=\"URL\" data-id=\"https:\/\/www.ifbaiano.edu.br\/unidades\/santaines\/files\/2022\/01\/LISTA-POS-RECURSO-EDITAL-DE-RETIFICACAO-27-2021.pdf\" target=\"_blank\" rel=\"noreferrer noopener\"><strong>Lista de P\u00f3s Recurso de Matriculados e Espera<\/strong><\/a><\/p>\n\n\n\n<p>Data da publica\u00e7\u00e3o: 20 de janeiro de 2022 <\/p>\n\n\n\n<hr class=\"wp-block-separator\" \/>\n\n\n\n<p><strong><a rel=\"noreferrer noopener\" href=\"https:\/\/www.ifbaiano.edu.br\/unidades\/santaines\/files\/2022\/01\/LISTA_PRELIMINAR_SUBSEQUENTE.pdf\" data-type=\"URL\" data-id=\"https:\/\/www.ifbaiano.edu.br\/unidades\/santaines\/files\/2022\/01\/LISTA_PRELIMINAR_SUBSEQUENTE.pdf\" target=\"_blank\">Lista de matriculados e de espera<\/a><\/strong><\/p>\n\n\n\n<p>Data da publica\u00e7\u00e3o: 18 de janeiro de 2022<\/p>\n\n\n\n<hr class=\"wp-block-separator\" \/>\n\n\n\n<p><a rel=\"noreferrer noopener\" href=\"https:\/\/www.ifbaiano.edu.br\/unidades\/santaines\/files\/2022\/01\/Edital-de-Retificacao-1-2022-de-10-01-2022-Edital-N-20-1.pdf\" data-type=\"URL\" data-id=\"https:\/\/www.ifbaiano.edu.br\/unidades\/santaines\/files\/2022\/01\/Edital-de-Retificacao-1-2022-de-10-01-2022-Edital-N-20-1.pdf\" target=\"_blank\"><strong>Edital de Retifica\u00e7\u00e3o N\u00ba 1\/2022, de 10\/01\/2022<\/strong><\/a>. Retifica\u00e7\u00e3o do Edital N\u00ba 20, de 10 \/11\/2021, para provimento de vagas nos Cursos T\u00e9cnicos Integrados ao Ensino M\u00e9dio na Modalidade da Educa\u00e7\u00e3o de Jovens e Adultos \u2013 <strong>PROEJA<\/strong>, Campus Santa In\u00eas.<\/p>\n\n\n\n<p><strong>Sele\u00e7\u00e3o para ingresso de estudantes em cursos T\u00e9cnicos Subsequente e PROEJA<\/strong><\/p>\n\n\n\n<p>Dois Editais de ingresso de estudantes foram publicados pelo Campus Santa In\u00eas:<\/p>\n\n\n\n<ul><li>O <a rel=\"noreferrer noopener\" target=\"_blank\" href=\"https:\/\/concurso.ifbaiano.edu.br\/portal\/proeja-santa-ines-novembro-2021\/wp-content\/uploads\/sites\/512\/2021\/11\/Edital-no-20.pdf\">Edital n\u00ba 20\/2021<\/a> dispon\u00edvel na <a href=\"https:\/\/concurso.ifbaiano.edu.br\/portal\/proeja-santa-ines-novembro-2021\/\">P\u00e1gina de Concursos<\/a> sele\u00e7\u00e3o de estudantes para provimento de vinte (20) vagas no curso T\u00e9cnico Integrado ao Ensino M\u00e9dio na Modalidade da Educa\u00e7\u00e3o de Jovens e Adultos \u2013 PROEJA , deste Instituto, para ingresso no ano de 2022.<\/li><\/ul>\n\n\n\n<p>O Curso T\u00e9cnico Integrado ao Ensino M\u00e9dio na Modalidade da Educa\u00e7\u00e3o de Jovens e Adultos \u2013 PROEJA Altern\u00e2ncia, s\u00e3o destinados a candidatos(as) que, no dia da matr\u00edcula, j\u00e1 tenham conclu\u00eddo o Ensino Fundamental ou equivalente e comprovem idade m\u00ednima de 18 anos (conforme o inciso II, par\u00e1grafo 1.\u00ba, Art. 38, Se\u00e7\u00e3o V da Lei N.\u00ba 9.394 de 20\/12\/1996).<\/p>\n\n\n\n<p>A sele\u00e7\u00e3o para o Curso T\u00e9cnico Integrado ao Ensino M\u00e9dio na Modalidade da Educa\u00e7\u00e3o de Jovens e Adultos \u2013 PROEJA Altern\u00e2ncia  ser\u00e1 realizada EXCLUSIVAMENTE de forma eletr\u00f4nica, mediante manifesta\u00e7\u00e3o on-line de interesse na vaga, por meio de preenchimento da declara\u00e7\u00e3o constante no edital, a qual deve ser encaminhada no per\u00edodo de 8h do dia 13 de dezembro \u00e0s 18h do dia 14 de janeiro de 2022, conforme <a rel=\"noreferrer noopener\" target=\"_blank\" href=\"https:\/\/concurso.ifbaiano.edu.br\/portal\/proeja-santa-ines-novembro-2021\/wp-content\/uploads\/sites\/512\/2021\/12\/Edital-de-Retificacao-no-26_2021-de-14-de-dezembro-de-2021.pdf\">Edital de Retifica\u00e7\u00e3o n\u00ba 26<\/a>, publicado em 14 de dezembro de 2021, juntamente com a documenta\u00e7\u00e3o de matr\u00edcula, para o e-mail: prosel@si.ifbaiano.edu.br.<\/p>\n\n\n\n<p>O <a rel=\"noreferrer noopener\" href=\"https:\/\/concurso.ifbaiano.edu.br\/portal\/vagas-subsequente-santa-ines-novembro-2021\/wp-content\/uploads\/sites\/513\/2021\/11\/Edital-no-21.pdf\" target=\"_blank\">Edital n\u00ba 21\/2021<\/a> dispon\u00edvel na <a href=\"https:\/\/concurso.ifbaiano.edu.br\/portal\/vagas-subsequente-santa-ines-novembro-2021\/\">P\u00e1gina de Concursos<\/a> trata da abertura de inscri\u00e7\u00f5es para dezenove (19) vagas remanescentes oriundas do processo de ingresso de estudantes em 2021, nos cursos da Educa\u00e7\u00e3o Profissional T\u00e9cnica de N\u00edvel M\u00e9dio, na forma Subsequente ao Ensino M\u00e9dio, por meio de Manifesta\u00e7\u00e3o de Interesse na Vaga, atrav\u00e9s de Edital de fluxo cont\u00ednuo.<\/p>\n\n\n\n<p>Para ingresso no curso T\u00e9cnicos de N\u00edvel M\u00e9dio na forma Subsequente, o(a) candidato(a) deve, no dia da matr\u00edcula, j\u00e1 ter conclu\u00eddo o Ensino M\u00e9dio. A sele\u00e7\u00e3o ser\u00e1 realizada EXCLUSIVAMENTE de forma eletr\u00f4nica, mediante manifesta\u00e7\u00e3o on-line de interesse na vaga, por meio de preenchimento da<br>declara\u00e7\u00e3o constante no edital, a qual deve ser encaminhada no <strong>per\u00edodo de 8h do dia 1 de dezembro<br>\u00e0s 18h do dia 17 de janeiro de 2022<\/strong>, conforme <a rel=\"noreferrer noopener\" target=\"_blank\" href=\"https:\/\/concurso.ifbaiano.edu.br\/portal\/vagas-subsequente-santa-ines-novembro-2021\/wp-content\/uploads\/sites\/513\/2021\/12\/Edital-de-Retificacao-No-25-2021_Vagas-remanescentes-Informatica.pdf\">Edital de Retifica\u00e7\u00e3o n\u00ba 25<\/a>, e <a rel=\"noreferrer noopener\" target=\"_blank\" href=\"https:\/\/concurso.ifbaiano.edu.br\/portal\/vagas-subsequente-santa-ines-novembro-2021\/wp-content\/uploads\/sites\/513\/2021\/12\/Edital-de-Retificacao-No-27_2021-de-16-de-dezembro-de-2021.pdf\">Edital de Retifica\u00e7\u00e3o n\u00ba 27<\/a>, juntamente com a documenta\u00e7\u00e3o de matr\u00edcula, para o e-mail: prosel@si.ifbaiano.edu.br.<\/p>\n\n\n\n<p>D\u00favidas devem ser encaminhadas para o e-mail: <a href=\"mailto:prosel.bonfim@bonfim.ifbaiano.edu.br\">prosel@si.ifbaiano.edu.br<\/a> o atrav\u00e9s do contato de WhatsApp: (73) 98144-6257<\/p>\n\n\n\n<hr class=\"wp-block-separator\" \/>\n\n\n\n<p><\/p>\n","protected":false},"excerpt":{"rendered":"<p>Sele\u00e7\u00e3o para ingresso de estudantes em cursos T\u00e9cnicos Subsequente e PROEJA<\/p>\n","protected":false},"author":86,"featured_media":16010,"comment_status":"closed","ping_status":"closed","sticky":false,"template":"","format":"standard","meta":[],"categories":[4,9,13,5,10,8,57],"tags":[],"_links":{"self":[{"href":"https:\/\/www.ifbaiano.edu.br\/unidades\/santaines\/wp-json\/wp\/v2\/posts\/15749"}],"collection":[{"href":"https:\/\/www.ifbaiano.edu.br\/unidades\/santaines\/wp-json\/wp\/v2\/posts"}],"about":[{"href":"https:\/\/www.ifbaiano.edu.br\/unidades\/santaines\/wp-json\/wp\/v2\/types\/post"}],"author":[{"embeddable":true,"href":"https:\/\/www.ifbaiano.edu.br\/unidades\/santaines\/wp-json\/wp\/v2\/users\/86"}],"replies":[{"embeddable":true,"href":"https:\/\/www.ifbaiano.edu.br\/unidades\/santaines\/wp-json\/wp\/v2\/comments?post=15749"}],"version-history":[{"count":27,"href":"https:\/\/www.ifbaiano.edu.br\/unidades\/santaines\/wp-json\/wp\/v2\/posts\/15749\/revisions"}],"predecessor-version":[{"id":16027,"href":"https:\/\/www.ifbaiano.edu.br\/unidades\/santaines\/wp-json\/wp\/v2\/posts\/15749\/revisions\/16027"}],"wp:featuredmedia":[{"embeddable":true,"href":"https:\/\/www.ifbaiano.edu.br\/unidades\/santaines\/wp-json\/wp\/v2\/media\/16010"}],"wp:attachment":[{"href":"https:\/\/www.ifbaiano.edu.br\/unidades\/santaines\/wp-json\/wp\/v2\/media?parent=15749"}],"wp:term":[{"taxonomy":"category","embeddable":true,"href":"https:\/\/www.ifbaiano.edu.br\/unidades\/santaines\/wp-json\/wp\/v2\/categories?post=15749"},{"taxonomy":"post_tag","embeddable":true,"href":"https:\/\/www.ifbaiano.edu.br\/unidades\/santaines\/wp-json\/wp\/v2\/tags?post=15749"}],"curies":[{"name":"wp","href":"https:\/\/api.w.org\/{rel}","templated":true}]}}