{"id":1580,"date":"2012-03-30T10:06:17","date_gmt":"2012-03-30T13:06:17","guid":{"rendered":"http:\/\/www.ifbaiano.edu.br\/unidades\/santaines\/?p=1580"},"modified":"2012-03-30T10:12:03","modified_gmt":"2012-03-30T13:12:03","slug":"alunos-do-curso-de-ciencias-biologicas-do-campus-realizam-palestra-sobre-saude","status":"publish","type":"post","link":"https:\/\/www.ifbaiano.edu.br\/unidades\/santaines\/alunos-do-curso-de-ciencias-biologicas-do-campus-realizam-palestra-sobre-saude\/","title":{"rendered":"Alunos do curso de Ci\u00eancias Biol\u00f3gicas do Campus realizam Palestra sobre Sa\u00fade"},"content":{"rendered":"<p style=\"text-align: justify\">Os alunos F\u00e1bio Morais Novaes, Joanison Vicente dos Santos Teixeira, Jonathas de Souza Santos, Roseane Neves Marques e S\u00f4nia Teixeira dos Santos, bolsistas do Programa Institucional de Bolsas de Inicia\u00e7\u00e3o a Doc\u00eancia (PIBID), sob a orienta\u00e7\u00e3o da professora Arlene Malta,\u00a0professora das disciplinas Pedag\u00f3gicas Forma\u00e7\u00e3o do Professor e Organiza\u00e7\u00e3o da Educa\u00e7\u00e3o Brasileira, realizar\u00e3o hoje (30\/03\/12) palestra sobre Higiene Bucal para os alunos do Col\u00e9gio Municipal Natur de Assis Filho, localizado na cidade de Uba\u00edra, que \u00e9 a \u00e1rea de atua\u00e7\u00e3o dos bolsistas. O evento ainda contar\u00e1 com a participa\u00e7\u00e3o de profissionais de sa\u00fade e ter\u00e1 o apoio da Secretaria de Sa\u00fade de Uba\u00edra e do IF Baiano \u2013 Campus Santa In\u00eas. Al\u00e9m destes graduandos a professora Arlene Malta ainda orienta outros 18 bolsistas.<br \/>\nConfira aqui o folder do evento <a href=\"http:\/\/www.ifbaiano.edu.br\/unidades\/santaines\/files\/2012\/03\/Folder-I-PALESTRA-SOBRE-HIGIENE-BUCAL.pdf\" target=\"_blank\">[Folder]<\/a><\/p>\n<p>O Programa Institucional de Bolsas de Inicia\u00e7\u00e3o \u00e0 Doc\u00eancia (PIBID) \u00e9 um programa que oferece bolsas aos alunos de cursos presenciais que se dediquem ao est\u00e1gio nas escolas p\u00fablicas e que, quando graduados, se comprometam com o exerc\u00edcio do magist\u00e9rio na rede p\u00fablica. O objetivo \u00e9 antecipar o v\u00ednculo entre os futuros mestres e as salas de aula da rede p\u00fablica.<\/p>\n<p>Maiores informa\u00e7\u00f5es acessar:<a href=\"http:\/\/portal.mec.gov.br\/index.php?Itemid=467&amp;id=233&amp;option=com_content&amp;view=article\"><br \/>\nhttp:\/\/portal.mec.gov.br\/index.php?Itemid=467&amp;id=233&amp;option=com_content&amp;view=article<\/a><\/p>\n","protected":false},"excerpt":{"rendered":"<p>Os alunos F\u00e1bio Morais Novaes, Joanison Vicente dos Santos Teixeira, Jonathas de Souza Santos, Roseane Neves Marques e S\u00f4nia Teixeira dos Santos, bolsistas do Programa Institucional de Bolsas de Inicia\u00e7\u00e3o a Doc\u00eancia (PIBID), sob a orienta\u00e7\u00e3o da professora Arlene Malta,\u00a0professora das disciplinas Pedag\u00f3gicas Forma\u00e7\u00e3o do Professor e Organiza\u00e7\u00e3o da Educa\u00e7\u00e3o Brasileira, realizar\u00e3o hoje (30\/03\/12) palestra [&hellip;]<\/p>\n","protected":false},"author":26,"featured_media":0,"comment_status":"closed","ping_status":"closed","sticky":false,"template":"","format":"standard","meta":[],"categories":[10],"tags":[],"_links":{"self":[{"href":"https:\/\/www.ifbaiano.edu.br\/unidades\/santaines\/wp-json\/wp\/v2\/posts\/1580"}],"collection":[{"href":"https:\/\/www.ifbaiano.edu.br\/unidades\/santaines\/wp-json\/wp\/v2\/posts"}],"about":[{"href":"https:\/\/www.ifbaiano.edu.br\/unidades\/santaines\/wp-json\/wp\/v2\/types\/post"}],"author":[{"embeddable":true,"href":"https:\/\/www.ifbaiano.edu.br\/unidades\/santaines\/wp-json\/wp\/v2\/users\/26"}],"replies":[{"embeddable":true,"href":"https:\/\/www.ifbaiano.edu.br\/unidades\/santaines\/wp-json\/wp\/v2\/comments?post=1580"}],"version-history":[{"count":4,"href":"https:\/\/www.ifbaiano.edu.br\/unidades\/santaines\/wp-json\/wp\/v2\/posts\/1580\/revisions"}],"predecessor-version":[{"id":1583,"href":"https:\/\/www.ifbaiano.edu.br\/unidades\/santaines\/wp-json\/wp\/v2\/posts\/1580\/revisions\/1583"}],"wp:attachment":[{"href":"https:\/\/www.ifbaiano.edu.br\/unidades\/santaines\/wp-json\/wp\/v2\/media?parent=1580"}],"wp:term":[{"taxonomy":"category","embeddable":true,"href":"https:\/\/www.ifbaiano.edu.br\/unidades\/santaines\/wp-json\/wp\/v2\/categories?post=1580"},{"taxonomy":"post_tag","embeddable":true,"href":"https:\/\/www.ifbaiano.edu.br\/unidades\/santaines\/wp-json\/wp\/v2\/tags?post=1580"}],"curies":[{"name":"wp","href":"https:\/\/api.w.org\/{rel}","templated":true}]}}