{"id":15820,"date":"2021-12-01T17:53:16","date_gmt":"2021-12-01T20:53:16","guid":{"rendered":"https:\/\/www.ifbaiano.edu.br\/unidades\/santaines\/?p=15820"},"modified":"2021-12-03T08:47:41","modified_gmt":"2021-12-03T11:47:41","slug":"renovacao-de-matriculas-2021-1-para-discentes-dos-cursos-de-licenciaturas-do-campus-santa-ines","status":"publish","type":"post","link":"https:\/\/www.ifbaiano.edu.br\/unidades\/santaines\/renovacao-de-matriculas-2021-1-para-discentes-dos-cursos-de-licenciaturas-do-campus-santa-ines\/","title":{"rendered":"Renova\u00e7\u00e3o de matr\u00edculas 2021.1 para discentes dos cursos de Licenciaturas do Campus Santa In\u00eas"},"content":{"rendered":"\n<p>O Campus Santa In\u00eas publicou <a href=\"https:\/\/www.ifbaiano.edu.br\/unidades\/santaines\/files\/2021\/12\/Edital-de-Renovacao-de-Matriculas_Licenciaturas.pdf\">Edital n\u00ba 24\/2021<\/a> de Renova\u00e7\u00e3o de Matr\u00edcula dos(as) discentes dos Cursos de <a href=\"https:\/\/ifbaiano.edu.br\/portal\/ciencias-biologicas-santa-ines\/\">Licenciatura em Ci\u00eancias Biol\u00f3gicas<\/a> e <a href=\"https:\/\/ifbaiano.edu.br\/portal\/geografia-santa-ines\/\">Licenciatura em Geografia<\/a> , para o per\u00edodo letivo de 2021.1. A renova\u00e7\u00e3o de matr\u00edcula inicia na pr\u00f3xima sexta-feira (03) e vai at\u00e9 o dia 07 de dezembro de 2021. O discente deve manifestar, no portal do aluno do SUAP, todas as disciplinas que deseja cursar no semestre de 2021.1.<\/p>\n\n\n\n<p>O edital estabelece todas as condi\u00e7\u00f5es para renova\u00e7\u00e3o de matr\u00edcula, o per\u00edodo para ajuste de matr\u00edcula que ser\u00e1 de 13 a 15 de dezembro de 2021 e trancamento e renova\u00e7\u00e3o de trancamento que acontece do dia 01 at\u00e9 11 de fevereiro de 2022. Assim, \u00e9 imprescind\u00edvel que os(as) discentes dos respectivos cursos fa\u00e7am a leitura a fim de esclarecer todas as d\u00favidas.<\/p>\n\n\n\n<p>O Edital traz, ainda, orienta\u00e7\u00f5es para acesso ao <strong><a href=\"https:\/\/suap.ifbaiano.edu.br\/\">SUAP<\/a><\/strong>. Ao entrar, o(a) estudante deve informar o Usu\u00e1rio que \u00e9 o n\u00famero de sua matr\u00edcula SUAP, dispon\u00edvel no seu comprovante de matr\u00edcula. Ap\u00f3s, informar a senha do primeiro acesso que \u00e9 If@CPF (I mai\u00fasculo, f min\u00fasculo e CPF apenas n\u00fameros &#8211; ex.: If@99999999999). Caso j\u00e1 tenha acessado o SUAP antes, o(a) discente deve inserir a nova senha cadastrada. Para redefinir a senha de acesso ao SUAP, acessar este <strong><a href=\"\/\/cau.iMaiano.edu.br\/cau\/forgot-password\">LINK<\/a><\/strong> ou entrar em contato com a Secretaria de Registros Acad\u00eamicos (SRA) do Campus atrav\u00e9s do e-mail secretaria@si.ifbaiano.edu.br.<\/p>\n\n\n\n<hr class=\"wp-block-separator\" \/>\n\n\n\n<p><strong>Documentos do Processo<\/strong>:<\/p>\n\n\n\n<ul><li><a href=\"https:\/\/www.ifbaiano.edu.br\/unidades\/santaines\/files\/2021\/12\/Edital-de-Renovacao-de-Matriculas_Licenciaturas.pdf\">Edital n\u00ba \/242021 &#8211; Renova\u00e7\u00e3o de Matr\u00edcula<\/a><\/li><\/ul>\n\n\n\n<p>  <\/p>\n","protected":false},"excerpt":{"rendered":"<p>O Campus Santa In\u00eas publicou Edital n\u00ba 24\/2021 de Renova\u00e7\u00e3o de Matr\u00edcula dos(as) discentes dos Cursos de Licenciatura em Ci\u00eancias Biol\u00f3gicas e Licenciatura em Geografia , para o per\u00edodo letivo de 2021.1. A renova\u00e7\u00e3o de matr\u00edcula inicia na pr\u00f3xima sexta-feira (03) e vai at\u00e9 o dia 07 de dezembro de 2021. O discente deve manifestar, [&hellip;]<\/p>\n","protected":false},"author":86,"featured_media":15822,"comment_status":"closed","ping_status":"closed","sticky":false,"template":"","format":"standard","meta":[],"categories":[4,12,5,10,57],"tags":[],"_links":{"self":[{"href":"https:\/\/www.ifbaiano.edu.br\/unidades\/santaines\/wp-json\/wp\/v2\/posts\/15820"}],"collection":[{"href":"https:\/\/www.ifbaiano.edu.br\/unidades\/santaines\/wp-json\/wp\/v2\/posts"}],"about":[{"href":"https:\/\/www.ifbaiano.edu.br\/unidades\/santaines\/wp-json\/wp\/v2\/types\/post"}],"author":[{"embeddable":true,"href":"https:\/\/www.ifbaiano.edu.br\/unidades\/santaines\/wp-json\/wp\/v2\/users\/86"}],"replies":[{"embeddable":true,"href":"https:\/\/www.ifbaiano.edu.br\/unidades\/santaines\/wp-json\/wp\/v2\/comments?post=15820"}],"version-history":[{"count":2,"href":"https:\/\/www.ifbaiano.edu.br\/unidades\/santaines\/wp-json\/wp\/v2\/posts\/15820\/revisions"}],"predecessor-version":[{"id":15829,"href":"https:\/\/www.ifbaiano.edu.br\/unidades\/santaines\/wp-json\/wp\/v2\/posts\/15820\/revisions\/15829"}],"wp:featuredmedia":[{"embeddable":true,"href":"https:\/\/www.ifbaiano.edu.br\/unidades\/santaines\/wp-json\/wp\/v2\/media\/15822"}],"wp:attachment":[{"href":"https:\/\/www.ifbaiano.edu.br\/unidades\/santaines\/wp-json\/wp\/v2\/media?parent=15820"}],"wp:term":[{"taxonomy":"category","embeddable":true,"href":"https:\/\/www.ifbaiano.edu.br\/unidades\/santaines\/wp-json\/wp\/v2\/categories?post=15820"},{"taxonomy":"post_tag","embeddable":true,"href":"https:\/\/www.ifbaiano.edu.br\/unidades\/santaines\/wp-json\/wp\/v2\/tags?post=15820"}],"curies":[{"name":"wp","href":"https:\/\/api.w.org\/{rel}","templated":true}]}}