{"id":15843,"date":"2021-12-13T17:50:12","date_gmt":"2021-12-13T20:50:12","guid":{"rendered":"https:\/\/www.ifbaiano.edu.br\/unidades\/santaines\/?p=15843"},"modified":"2021-12-13T17:50:13","modified_gmt":"2021-12-13T20:50:13","slug":"eleicoes-2021-debates-e-lives-acontecerao-nos-dias-13-e-14-de-dezembro","status":"publish","type":"post","link":"https:\/\/www.ifbaiano.edu.br\/unidades\/santaines\/eleicoes-2021-debates-e-lives-acontecerao-nos-dias-13-e-14-de-dezembro\/","title":{"rendered":"Elei\u00e7\u00f5es 2021: debates e lives acontecer\u00e3o nos dias 13 e 14 de dezembro"},"content":{"rendered":"\n<p>No dia 16 dezembro, o IF Baiano eleger\u00e1 reitor e diretores gerais de suas unidades para o pr\u00f3ximo quadri\u00eanio. O debate entre os candidatos a reitor acontecer\u00e1 no dia 13 de dezembro, \u00e0s 19h, via&nbsp;<a href=\"https:\/\/www.youtube.com\/watch?v=1p96t1sVaHo\">canal da Comiss\u00e3o Eleitoral no Youtube<\/a>. J\u00e1 os debates ou&nbsp;<em>lives<\/em>&nbsp;(em caso de candidatura \u00fanica) para as diretorias de&nbsp;<em>campi<\/em>&nbsp;acontecer\u00e3o no dia 14 de dezembro, em hor\u00e1rio e link de transmiss\u00e3o definidos pelas comiss\u00f5es eleitorais locais.<\/p>\n\n\n\n<p>A vota\u00e7\u00e3o ser\u00e1 realizada virtualmente, devido \u00e0s medidas de seguran\u00e7a por conta da pandemia, no dia 16 de dezembro, das 8h \u00e0s 17h e podem participar todos(as) os(as) servidores que comp\u00f5em o quadro de pessoal ativo permanente desta institui\u00e7\u00e3o de ensino, assim como os alunos regularmente matriculados nos cursos de ensino m\u00e9dio, t\u00e9cnico, de gradua\u00e7\u00e3o e de p\u00f3s-gradua\u00e7\u00e3o, presenciais ou a dist\u00e2ncia. As listas de votantes aptos est\u00e3o dispon\u00edveis no&nbsp;<a href=\"https:\/\/concurso.ifbaiano.edu.br\/portal\/eleicoes2021\/\">site das Elei\u00e7\u00f5es 2021<\/a>&nbsp;para que os eleitores confiram seus dados.<\/p>\n\n\n\n<p>No portal criado para divulgar os documentos e principais informa\u00e7\u00f5es sobre o processo eleitoral, tamb\u00e9m est\u00e3o dispon\u00edveis as candidaturas homologadas para o processo eleitoral e os planos de trabalho de cada candidato(a). Para votar, servidores e estudantes aptos devem acessar o sistema&nbsp;<em>Helios Voting<\/em>&nbsp;utilizando para isso o seu login e senha do SUAP. As instru\u00e7\u00f5es e links para vota\u00e7\u00e3o ser\u00e3o disponibilizadas pela Comiss\u00e3o Eleitoral 5 dias antes da vota\u00e7\u00e3o.<\/p>\n\n\n\n<p>Consulte o site das Elei\u00e7\u00f5es para mais informa\u00e7\u00f5es: <\/p>\n\n\n\n<p><a href=\"https:\/\/concurso.ifbaiano.edu.br\/portal\/eleicoes2021\/\">https:\/\/concurso.ifbaiano.edu.br\/portal\/eleicoes2021\/<\/a><\/p>\n\n\n\n<hr class=\"wp-block-separator\" \/>\n\n\n\n<p>Mat\u00e9ria ASCOM dispon\u00edvel em: https:\/\/ifbaiano.edu.br\/portal\/blog\/eleicoes-2021-debates-e-lives-acontecerao-nos-dias-13-e-14-de-dezembro\/<\/p>\n","protected":false},"excerpt":{"rendered":"<p>No dia 16 dezembro, o IF Baiano eleger\u00e1 reitor e diretores gerais de suas unidades para o pr\u00f3ximo quadri\u00eanio. O debate entre os candidatos a reitor acontecer\u00e1 no dia 13 de dezembro, \u00e0s 19h, via&nbsp;canal da Comiss\u00e3o Eleitoral no Youtube. J\u00e1 os debates ou&nbsp;lives&nbsp;(em caso de candidatura \u00fanica) para as diretorias de&nbsp;campi&nbsp;acontecer\u00e3o no dia 14 [&hellip;]<\/p>\n","protected":false},"author":86,"featured_media":15844,"comment_status":"closed","ping_status":"closed","sticky":false,"template":"","format":"standard","meta":[],"categories":[4,5,57],"tags":[],"_links":{"self":[{"href":"https:\/\/www.ifbaiano.edu.br\/unidades\/santaines\/wp-json\/wp\/v2\/posts\/15843"}],"collection":[{"href":"https:\/\/www.ifbaiano.edu.br\/unidades\/santaines\/wp-json\/wp\/v2\/posts"}],"about":[{"href":"https:\/\/www.ifbaiano.edu.br\/unidades\/santaines\/wp-json\/wp\/v2\/types\/post"}],"author":[{"embeddable":true,"href":"https:\/\/www.ifbaiano.edu.br\/unidades\/santaines\/wp-json\/wp\/v2\/users\/86"}],"replies":[{"embeddable":true,"href":"https:\/\/www.ifbaiano.edu.br\/unidades\/santaines\/wp-json\/wp\/v2\/comments?post=15843"}],"version-history":[{"count":1,"href":"https:\/\/www.ifbaiano.edu.br\/unidades\/santaines\/wp-json\/wp\/v2\/posts\/15843\/revisions"}],"predecessor-version":[{"id":15845,"href":"https:\/\/www.ifbaiano.edu.br\/unidades\/santaines\/wp-json\/wp\/v2\/posts\/15843\/revisions\/15845"}],"wp:featuredmedia":[{"embeddable":true,"href":"https:\/\/www.ifbaiano.edu.br\/unidades\/santaines\/wp-json\/wp\/v2\/media\/15844"}],"wp:attachment":[{"href":"https:\/\/www.ifbaiano.edu.br\/unidades\/santaines\/wp-json\/wp\/v2\/media?parent=15843"}],"wp:term":[{"taxonomy":"category","embeddable":true,"href":"https:\/\/www.ifbaiano.edu.br\/unidades\/santaines\/wp-json\/wp\/v2\/categories?post=15843"},{"taxonomy":"post_tag","embeddable":true,"href":"https:\/\/www.ifbaiano.edu.br\/unidades\/santaines\/wp-json\/wp\/v2\/tags?post=15843"}],"curies":[{"name":"wp","href":"https:\/\/api.w.org\/{rel}","templated":true}]}}