{"id":15846,"date":"2021-12-14T15:11:30","date_gmt":"2021-12-14T18:11:30","guid":{"rendered":"https:\/\/www.ifbaiano.edu.br\/unidades\/santaines\/?p=15846"},"modified":"2021-12-14T15:12:07","modified_gmt":"2021-12-14T18:12:07","slug":"acolhimento-dos-estudantes-dos-cursos-de-licenciatura-do-campus-santa-ines","status":"publish","type":"post","link":"https:\/\/www.ifbaiano.edu.br\/unidades\/santaines\/acolhimento-dos-estudantes-dos-cursos-de-licenciatura-do-campus-santa-ines\/","title":{"rendered":"Acolhimento aos estudantes dos Cursos de Licenciatura do Campus Santa In\u00eas"},"content":{"rendered":"\n<p>Come\u00e7a hoje, 14, a programa\u00e7\u00e3o do per\u00edodo de acolhimento dos Cursos de Licenciatura em Ci\u00eancias Biol\u00f3gicas e Geografia do Campus Santa In\u00eas. As turmas ingressantes ser\u00e3o recepcionadas pela comunidade do Campus. Nesse acolhimento, ser\u00e3o apresentadas informa\u00e7\u00f5es importantes sobre os cursos, biblioteca, assist\u00eancia estudantil e capacita\u00e7\u00f5es para acessos \u00e0s plataformas que est\u00e3o sendo utilizadas nesse per\u00edodo de ensino remoto. Os momentos dos encontros que acontecem sempre das 19h \u00e0s 21h,  foram distribu\u00eddos em seis dias, conforme programa\u00e7\u00e3o:<\/p>\n\n\n\n<ul><li>Dia 14\/12 &#8211; Abertura com aula inaugural ministrada pela professora do Campus, aposentada, Arlene Malta, com o tema &#8220;Um olhar sobre nossas licenciaturas&#8221;; <a href=\"http:\/\/youtu.be\/HrgrOOPXCqo\">Link para acesso<\/a>.<\/li><li>Dia 15\/12 &#8211; Momento com a Biblioteca e CAE;<\/li><li>Dia 20\/12 &#8211; Informes com as Coordena\u00e7\u00f5es de Cursos e Assessoria Pedag\u00f3gica; <\/li><li>Dia 21\/12 &#8211; Capacita\u00e7\u00e3o Moodle e tutoria.<\/li><\/ul>\n\n\n\n<p><br>O professor Leonardo Teixeira, coordenador do Curso de Licenciatura em Geografia, se pronunciou sobre esse momento &#8220;Esperamos que no IF Baiano Campus Santa In\u00eas voc\u00ea estudante encontre um ambiente rico para sua forma\u00e7\u00e3o pessoal, profissional, social, cultural e pol\u00edtica&#8221;.<\/p>\n\n\n\n<figure class=\"wp-block-gallery columns-2 is-cropped wp-block-gallery-1 is-layout-flex\"><ul class=\"blocks-gallery-grid\"><li class=\"blocks-gallery-item\"><figure><a href=\"https:\/\/www.ifbaiano.edu.br\/unidades\/santaines\/files\/2021\/12\/Prancheta2.png\"><img decoding=\"async\" loading=\"lazy\" width=\"1080\" height=\"1080\" src=\"https:\/\/www.ifbaiano.edu.br\/unidades\/santaines\/files\/2021\/12\/Prancheta2.png\" alt=\"\" data-id=\"15847\" data-link=\"https:\/\/www.ifbaiano.edu.br\/unidades\/santaines\/?attachment_id=15847\" class=\"wp-image-15847\" \/><\/a><\/figure><\/li><li class=\"blocks-gallery-item\"><figure><a href=\"https:\/\/www.ifbaiano.edu.br\/unidades\/santaines\/files\/2021\/12\/Prancheta-1.png\"><img decoding=\"async\" loading=\"lazy\" width=\"1080\" height=\"1080\" src=\"https:\/\/www.ifbaiano.edu.br\/unidades\/santaines\/files\/2021\/12\/Prancheta-1.png\" alt=\"\" data-id=\"15848\" data-link=\"https:\/\/www.ifbaiano.edu.br\/unidades\/santaines\/?attachment_id=15848\" class=\"wp-image-15848\" \/><\/a><\/figure><\/li><\/ul><\/figure>\n\n\n\n<hr class=\"wp-block-separator\" \/>\n","protected":false},"excerpt":{"rendered":"<p>Come\u00e7a hoje, 14, a programa\u00e7\u00e3o do per\u00edodo de acolhimento dos Cursos de Licenciatura em Ci\u00eancias Biol\u00f3gicas e Geografia do Campus Santa In\u00eas. As turmas ingressantes ser\u00e3o recepcionadas pela comunidade do Campus. Nesse acolhimento, ser\u00e3o apresentadas informa\u00e7\u00f5es importantes sobre os cursos, biblioteca, assist\u00eancia estudantil e capacita\u00e7\u00f5es para acessos \u00e0s plataformas que est\u00e3o sendo utilizadas nesse per\u00edodo [&hellip;]<\/p>\n","protected":false},"author":86,"featured_media":0,"comment_status":"closed","ping_status":"closed","sticky":false,"template":"","format":"standard","meta":[],"categories":[4,38,12,5,57],"tags":[],"_links":{"self":[{"href":"https:\/\/www.ifbaiano.edu.br\/unidades\/santaines\/wp-json\/wp\/v2\/posts\/15846"}],"collection":[{"href":"https:\/\/www.ifbaiano.edu.br\/unidades\/santaines\/wp-json\/wp\/v2\/posts"}],"about":[{"href":"https:\/\/www.ifbaiano.edu.br\/unidades\/santaines\/wp-json\/wp\/v2\/types\/post"}],"author":[{"embeddable":true,"href":"https:\/\/www.ifbaiano.edu.br\/unidades\/santaines\/wp-json\/wp\/v2\/users\/86"}],"replies":[{"embeddable":true,"href":"https:\/\/www.ifbaiano.edu.br\/unidades\/santaines\/wp-json\/wp\/v2\/comments?post=15846"}],"version-history":[{"count":3,"href":"https:\/\/www.ifbaiano.edu.br\/unidades\/santaines\/wp-json\/wp\/v2\/posts\/15846\/revisions"}],"predecessor-version":[{"id":15851,"href":"https:\/\/www.ifbaiano.edu.br\/unidades\/santaines\/wp-json\/wp\/v2\/posts\/15846\/revisions\/15851"}],"wp:attachment":[{"href":"https:\/\/www.ifbaiano.edu.br\/unidades\/santaines\/wp-json\/wp\/v2\/media?parent=15846"}],"wp:term":[{"taxonomy":"category","embeddable":true,"href":"https:\/\/www.ifbaiano.edu.br\/unidades\/santaines\/wp-json\/wp\/v2\/categories?post=15846"},{"taxonomy":"post_tag","embeddable":true,"href":"https:\/\/www.ifbaiano.edu.br\/unidades\/santaines\/wp-json\/wp\/v2\/tags?post=15846"}],"curies":[{"name":"wp","href":"https:\/\/api.w.org\/{rel}","templated":true}]}}