{"id":15889,"date":"2021-12-17T21:58:05","date_gmt":"2021-12-18T00:58:05","guid":{"rendered":"https:\/\/www.ifbaiano.edu.br\/unidades\/santaines\/?p=15889"},"modified":"2021-12-17T21:58:05","modified_gmt":"2021-12-18T00:58:05","slug":"divulgado-o-resultado-preliminar-das-eleicoes-2021","status":"publish","type":"post","link":"https:\/\/www.ifbaiano.edu.br\/unidades\/santaines\/divulgado-o-resultado-preliminar-das-eleicoes-2021\/","title":{"rendered":"Divulgado o resultado preliminar das Elei\u00e7\u00f5es 2021"},"content":{"rendered":"\n<p>Foi publicado, na noite desta sexta-feira, 17, o resultado preliminar das elei\u00e7\u00f5es para reitor e diretores gerais de campi do IF Baiano. A apura\u00e7\u00e3o aconteceu ao longo do dia, com transmiss\u00e3o ao vivo para a comunidade acad\u00eamica, dispon\u00edvel no canal da Comiss\u00e3o Eleitoral Central, no&nbsp;<a href=\"https:\/\/www.youtube.com\/watch?v=GRBKToTvtKc\">YouTube<\/a>.<\/p>\n\n\n\n<p>Participaram do processo eleitoral 4.268 estudantes, 759 docentes e 825 t\u00e9cnicos-administrativos.<\/p>\n\n\n\n<p><strong>Gest\u00e3o 2022-2026<\/strong><\/p>\n\n\n\n<p>O Prof. A\u00e9cio Jos\u00e9 Ara\u00fajo Passos Duarte foi reeleito como reitor do Instituto para o pr\u00f3ximo quadri\u00eanio, com aproximadamente 41,37% do total de eleitores aptos ao voto. J\u00e1 o Prof. Aur\u00e9lio Jos\u00e9 Antunes de Carvalho somou cerca de 27,29%.<\/p>\n\n\n\n<p>Votos nulos corresponderam ao percentual aproximado de 2,64% dos aptos ao voto; e brancos, 1,52%.<\/p>\n\n\n\n<p>Tamb\u00e9m foram escolhidos os diretores gerais dos 14 campi da Institui\u00e7\u00e3o: Alagoinhas, Catu, Itapetinga, Santa In\u00eas, Senhor do Bonfim, Teixeira de Freitas, Uru\u00e7uca, Xique-Xique, Bom Jesus da Lapa, Gov. Mangabeira, Guanambi, Itaberaba, Serrinha e Valen\u00e7a. Destes, os \u00faltimos sete campi&nbsp;ter\u00e3o seus diretores no segundo mandato.<\/p>\n\n\n\n<p><a href=\"https:\/\/concurso.ifbaiano.edu.br\/portal\/eleicoes2021\/\">Confira aqui<\/a>&nbsp;o resultado preliminar.<\/p>\n\n\n\n<p><strong>Apura\u00e7\u00e3o<\/strong><\/p>\n\n\n\n<p>Prevista inicialmente para ocorrer no mesmo dia da vota\u00e7\u00e3o, 16, a apura\u00e7\u00e3o foi adiada, devido \u00e0 prorroga\u00e7\u00e3o das vota\u00e7\u00f5es, que se estenderam at\u00e9 \u00e0s 21h.<\/p>\n\n\n\n<p>Aisamaque Gomes, presidente da Comiss\u00e3o Eleitoral Central, elencou alguns desafios da equipe na condu\u00e7\u00e3o das elei\u00e7\u00f5es. \u201cO primeiro foi construir o processo sem nos vermos, sem o contato humano para que pud\u00e9ssemos dialogar e trocar ideias presencialmente. O segundo desafio foi construir o primeiro regulamento de elei\u00e7\u00f5es remotas para reitor e diretores-gerais utilizando o sistema Helios Voting, al\u00e9m de aprender como funciona o sistema\u201d.<\/p>\n\n\n\n<p>Ele, que tamb\u00e9m \u00e9 docente do Campus Itapetinga, agradeceu aos envolvidos, representando a Comiss\u00e3o Central. \u201cNosso obrigado \u00e0 equipe de T.I. da Reitoria, aos membros das comiss\u00f5es locais, NAGPs (N\u00facleo de Apoio \u00e0 Gest\u00e3o de Pessoas) e SRAs (Secretaria de Registro Acad\u00eamico), ao setor de Comunica\u00e7\u00e3o e a todos que contribu\u00edram de forma legal, \u00e9tica e compromissada com o processo eleitoral, pensando em fortalecer ainda mais o ambiente institucional e tornar o processo eleitoral do IF Baiano ainda mais maduro\u201d.<\/p>\n\n\n\n<p><strong>Interposi\u00e7\u00e3o de recursos<\/strong><\/p>\n\n\n\n<p>Est\u00e1 aberto o per\u00edodo para interposi\u00e7\u00e3o de recursos aos resultados preliminares. O prazo vai at\u00e9 \u00e0s 12h da pr\u00f3xima segunda-feira, 20. Os interessados devem enviar a manifesta\u00e7\u00e3o via processo no SUAP, nos termos da&nbsp;<a href=\"https:\/\/concurso.ifbaiano.edu.br\/portal\/eleicoes2021\/wp-content\/uploads\/sites\/518\/2021\/12\/Nota-Informativa-e-Mapa-de-Apuracao.pdf\">Nota Informativa<\/a>&nbsp;da Comiss\u00e3o Eleitoral Central.<\/p>\n\n\n\n<p>De acordo com o cronograma vigente, ap\u00f3s a an\u00e1lise dos recursos, a homologa\u00e7\u00e3o e a publica\u00e7\u00e3o do resultado final da consulta ocorrer\u00e3o no dia 22 de dezembro.<\/p>\n\n\n\n<p><em>Todos os documentos do processo eleitoral est\u00e3o dispon\u00edveis\u00a0<a href=\"https:\/\/concurso.ifbaiano.edu.br\/portal\/eleicoes2021\/\">neste\u00a0<\/a><a rel=\"noreferrer noopener\" href=\"https:\/\/concurso.ifbaiano.edu.br\/portal\/eleicoes2021\/\" target=\"_blank\">link<\/a>.<\/em><\/p>\n\n\n\n<hr class=\"wp-block-separator\" \/>\n\n\n\n<p>Mat\u00e9ria ASCOM publicada em: https:\/\/ifbaiano.edu.br\/portal\/blog\/divulgado-o-resultado-preliminar-das-eleicoes-2021\/ <\/p>\n","protected":false},"excerpt":{"rendered":"<p>Alunos e servidores escolheram o reitor e diretores dos 14 campi, em vota\u00e7\u00e3o online. Est\u00e1 aberto o prazo para interposi\u00e7\u00e3o de recursos.<\/p>\n","protected":false},"author":86,"featured_media":15890,"comment_status":"closed","ping_status":"closed","sticky":false,"template":"","format":"standard","meta":[],"categories":[4,5,57],"tags":[],"_links":{"self":[{"href":"https:\/\/www.ifbaiano.edu.br\/unidades\/santaines\/wp-json\/wp\/v2\/posts\/15889"}],"collection":[{"href":"https:\/\/www.ifbaiano.edu.br\/unidades\/santaines\/wp-json\/wp\/v2\/posts"}],"about":[{"href":"https:\/\/www.ifbaiano.edu.br\/unidades\/santaines\/wp-json\/wp\/v2\/types\/post"}],"author":[{"embeddable":true,"href":"https:\/\/www.ifbaiano.edu.br\/unidades\/santaines\/wp-json\/wp\/v2\/users\/86"}],"replies":[{"embeddable":true,"href":"https:\/\/www.ifbaiano.edu.br\/unidades\/santaines\/wp-json\/wp\/v2\/comments?post=15889"}],"version-history":[{"count":1,"href":"https:\/\/www.ifbaiano.edu.br\/unidades\/santaines\/wp-json\/wp\/v2\/posts\/15889\/revisions"}],"predecessor-version":[{"id":15891,"href":"https:\/\/www.ifbaiano.edu.br\/unidades\/santaines\/wp-json\/wp\/v2\/posts\/15889\/revisions\/15891"}],"wp:featuredmedia":[{"embeddable":true,"href":"https:\/\/www.ifbaiano.edu.br\/unidades\/santaines\/wp-json\/wp\/v2\/media\/15890"}],"wp:attachment":[{"href":"https:\/\/www.ifbaiano.edu.br\/unidades\/santaines\/wp-json\/wp\/v2\/media?parent=15889"}],"wp:term":[{"taxonomy":"category","embeddable":true,"href":"https:\/\/www.ifbaiano.edu.br\/unidades\/santaines\/wp-json\/wp\/v2\/categories?post=15889"},{"taxonomy":"post_tag","embeddable":true,"href":"https:\/\/www.ifbaiano.edu.br\/unidades\/santaines\/wp-json\/wp\/v2\/tags?post=15889"}],"curies":[{"name":"wp","href":"https:\/\/api.w.org\/{rel}","templated":true}]}}