{"id":15899,"date":"2022-02-02T13:32:00","date_gmt":"2022-02-02T16:32:00","guid":{"rendered":"https:\/\/www.ifbaiano.edu.br\/unidades\/santaines\/?p=15899"},"modified":"2022-02-10T09:45:44","modified_gmt":"2022-02-10T12:45:44","slug":"campus-santa-ines-publica-edital-de-selecao-para-assistencia-estudantil-inclusao-digital","status":"publish","type":"post","link":"https:\/\/www.ifbaiano.edu.br\/unidades\/santaines\/campus-santa-ines-publica-edital-de-selecao-para-assistencia-estudantil-inclusao-digital\/","title":{"rendered":"Campus Santa In\u00eas publica Edital de sele\u00e7\u00e3o para Assist\u00eancia Estudantil &#8211; Inclus\u00e3o Digital"},"content":{"rendered":"\n<p>No per\u00edodo de 1 a 4 de fevereiro de 2022 estar\u00e3o abertas as inscri\u00e7\u00f5es para sele\u00e7\u00e3o de estudantes em vulnerabilidade socioecon\u00f4mica, de cursos presenciais e \u00e0 dist\u00e2ncia, com a finalidade de participa\u00e7\u00e3o nas a\u00e7\u00f5es de assist\u00eancia estudantil, do Campus Santa In\u00eas, atrav\u00e9s da inclus\u00e3o digital promovida pela resolu\u00e7\u00e3o 89\/2020.<\/p>\n\n\n\n<p>As a\u00e7\u00f5es de Inclus\u00e3o Digital visam contribuir para a perman\u00eancia e \u00eaxito nas atividades acad\u00eamicas de estudantes em vulnerabilidade socioecon\u00f4mica, possibilitando que os mesmos tenham condi\u00e7\u00f5es m\u00ednimas de conectividade a fim de que possam frequentar as atividades pedag\u00f3gicas n\u00e3o presenciais (APNP).<\/p>\n\n\n\n<p>O Aux\u00edlio de Inclus\u00e3o Digital Emergencial ser\u00e1 destinado aos estudantes regularmente matriculados em cursos de Educa\u00e7\u00e3o Profissional T\u00e9cnica de N\u00edvel M\u00e9dio (integrado e subsequente), Ensino Superior, ou Educa\u00e7\u00e3o de Jovens e Adultos no IF Baiano, que n\u00e3o disponham de recursos pr\u00f3prios ou familiares para acessar de modo remoto as Atividades Pedag\u00f3gicas N\u00e3o Presenciais, em fun\u00e7\u00e3o da excepcionalidade da pandemia causada pelo novo Coronav\u00edrus (COVID19) e apenas enquanto essa situa\u00e7\u00e3o perdurar.<\/p>\n\n\n\n<p>O estudante dever\u00e1 utilizar os Aux\u00edlios de Inclus\u00e3o Digital para adquirir equipamentos e servi\u00e7os tecnol\u00f3gicos que atendam os requisitos m\u00ednimos estabelecidos para participa\u00e7\u00e3o nas APNPs e\/ou servi\u00e7os que lhe possibilitem acesso \u00e0 internet.<\/p>\n\n\n\n<p>A sele\u00e7\u00e3o se dar\u00e1 atrav\u00e9s de an\u00e1lise de inser\u00e7\u00e3o no CAD\u00daNICO do governo federal, seguindo os crit\u00e9rios estabelecido no Decreto 7234\/10. Acesso pelo link&nbsp;<a rel=\"noreferrer noopener\" href=\"https:\/\/meucadunico.cidadania.gov.br\/meu_cadunico\/\" target=\"_blank\">https:\/\/meucadunico.cidadania.gov.br\/meu_cadunico\/<\/a><\/p>\n\n\n\n<p>O Edital prev\u00ea  306 vagas para Aux\u00edlio Internet no valor de R$60,00 mensais a serem pagos de fevereiro a abril e 239 vagas para Aux\u00edlio Aquisi\u00e7\u00e3o e\/ou manuten\u00e7\u00e3o de Equipamentos &#8211;&nbsp;Parcela \u00danica no valor de R$500,00. <\/p>\n\n\n\n<p>Para se inscrever, o(a) estudante deve enviar para o e-mail&nbsp;<a href=\"mailto:clae.ifsi@gmail.com\">clae.ifsi@gmail.com<\/a>: arquivo anexo, preferencialmente em formato PDF, do espelho do CAD\u00daNICO, c\u00f3pia do CPF, comprovante de dados banc\u00e1rios em nome do&nbsp; estudante e comprovante de matricula. Se o estudante for oriundo de escola p\u00fablica dever\u00e1 enviar, tamb\u00e9m, o comprovante.&nbsp;No corpo do e-mail dever\u00e1 constar: curso; ano\/ semestre; modalidade de ensino; descri\u00e7\u00e3o do aux\u00edlio solicitado; n\u00famero do CPF e conta banc\u00e1ria, para dep\u00f3sito, em caso de concess\u00e3o.<\/p>\n\n\n\n<p>D\u00favidas e demais informa\u00e7\u00f5es devem ser enviadas para o e-mail:&nbsp;<a href=\"mailto:clae.ifsi@gmail.com\">clae.ifsi@gmail.com<\/a>.<\/p>\n\n\n\n<p>Os documentos abaixo, referentes a este processo seletivo, est\u00e3o tamb\u00e9m dispon\u00edveis na <a href=\"https:\/\/concurso.ifbaiano.edu.br\/portal\/assistencia-estudantil-santa-ines-dezembro-2021\/\">P\u00e1gina de Concursos<\/a>, portal do IF Baiano:<\/p>\n\n\n\n<ul><li><a rel=\"noreferrer noopener\" target=\"_blank\" href=\"https:\/\/concurso.ifbaiano.edu.br\/portal\/assistencia-estudantil-santa-ines-dezembro-2021\/wp-content\/uploads\/sites\/524\/2021\/12\/Edital-no-28.pdf\">Edital n\u00ba 28<\/a><\/li><li><a href=\"https:\/\/concurso.ifbaiano.edu.br\/portal\/assistencia-estudantil-santa-ines-dezembro-2021\/wp-content\/uploads\/sites\/524\/2022\/02\/Resultado-Preliminar-Digitais-2021.2.pdf\">Resultado preliminar<\/a><\/li><li><a rel=\"noreferrer noopener\" target=\"_blank\" href=\"https:\/\/concurso.ifbaiano.edu.br\/portal\/assistencia-estudantil-santa-ines-dezembro-2021\/wp-content\/uploads\/sites\/524\/2022\/02\/Interposicao-de-Recursos.pdf\">Interposi\u00e7\u00e3o de Recursos<\/a><\/li><li><a rel=\"noreferrer noopener\" target=\"_blank\" href=\"https:\/\/concurso.ifbaiano.edu.br\/portal\/assistencia-estudantil-santa-ines-dezembro-2021\/wp-content\/uploads\/sites\/524\/2022\/02\/Resultado-Definitito-Digitais-2021.2.pdf\">Resultado Definitivo<\/a><\/li><\/ul>\n\n\n\n<p><\/p>\n\n\n\n<p><\/p>\n","protected":false},"excerpt":{"rendered":"<p>No per\u00edodo de 1 a 4 de fevereiro de 2022 estar\u00e3o abertas as inscri\u00e7\u00f5es para sele\u00e7\u00e3o de estudantes em vulnerabilidade socioecon\u00f4mica, de cursos presenciais e \u00e0 dist\u00e2ncia, com a finalidade de participa\u00e7\u00e3o nas a\u00e7\u00f5es de assist\u00eancia estudantil, do Campus Santa In\u00eas, atrav\u00e9s da inclus\u00e3o digital promovida pela resolu\u00e7\u00e3o 89\/2020. As a\u00e7\u00f5es de Inclus\u00e3o Digital visam [&hellip;]<\/p>\n","protected":false},"author":86,"featured_media":14426,"comment_status":"closed","ping_status":"closed","sticky":false,"template":"","format":"standard","meta":[],"categories":[4,5,10,57],"tags":[],"_links":{"self":[{"href":"https:\/\/www.ifbaiano.edu.br\/unidades\/santaines\/wp-json\/wp\/v2\/posts\/15899"}],"collection":[{"href":"https:\/\/www.ifbaiano.edu.br\/unidades\/santaines\/wp-json\/wp\/v2\/posts"}],"about":[{"href":"https:\/\/www.ifbaiano.edu.br\/unidades\/santaines\/wp-json\/wp\/v2\/types\/post"}],"author":[{"embeddable":true,"href":"https:\/\/www.ifbaiano.edu.br\/unidades\/santaines\/wp-json\/wp\/v2\/users\/86"}],"replies":[{"embeddable":true,"href":"https:\/\/www.ifbaiano.edu.br\/unidades\/santaines\/wp-json\/wp\/v2\/comments?post=15899"}],"version-history":[{"count":5,"href":"https:\/\/www.ifbaiano.edu.br\/unidades\/santaines\/wp-json\/wp\/v2\/posts\/15899\/revisions"}],"predecessor-version":[{"id":16110,"href":"https:\/\/www.ifbaiano.edu.br\/unidades\/santaines\/wp-json\/wp\/v2\/posts\/15899\/revisions\/16110"}],"wp:featuredmedia":[{"embeddable":true,"href":"https:\/\/www.ifbaiano.edu.br\/unidades\/santaines\/wp-json\/wp\/v2\/media\/14426"}],"wp:attachment":[{"href":"https:\/\/www.ifbaiano.edu.br\/unidades\/santaines\/wp-json\/wp\/v2\/media?parent=15899"}],"wp:term":[{"taxonomy":"category","embeddable":true,"href":"https:\/\/www.ifbaiano.edu.br\/unidades\/santaines\/wp-json\/wp\/v2\/categories?post=15899"},{"taxonomy":"post_tag","embeddable":true,"href":"https:\/\/www.ifbaiano.edu.br\/unidades\/santaines\/wp-json\/wp\/v2\/tags?post=15899"}],"curies":[{"name":"wp","href":"https:\/\/api.w.org\/{rel}","templated":true}]}}