{"id":15907,"date":"2021-12-29T18:12:31","date_gmt":"2021-12-29T21:12:31","guid":{"rendered":"https:\/\/www.ifbaiano.edu.br\/unidades\/santaines\/?p=15907"},"modified":"2022-01-13T06:44:30","modified_gmt":"2022-01-13T09:44:30","slug":"carta-aberta-a-comunidade-do-if-baiano","status":"publish","type":"post","link":"https:\/\/www.ifbaiano.edu.br\/unidades\/santaines\/carta-aberta-a-comunidade-do-if-baiano\/","title":{"rendered":"Carta Aberta \u00e0 comunidade do IF Baiano"},"content":{"rendered":"\n<p>Vivemos tempos dif\u00edceis, n\u00e3o h\u00e1 como ignorar. No entanto, \u00e9 preciso tamb\u00e9m lembrar que \u00e9 na dificuldade que nasce a for\u00e7a, a esperan\u00e7a e o inquebrant\u00e1vel desejo de vencer. Foi assim que superamos 2021 e \u00e9 assim que olhamos para 2022. Foi mais um ano de pandemia, de perdas, de distanciamento, de trag\u00e9dias naturais e de muita saudade. Mas foi tamb\u00e9m um ano em que come\u00e7amos a retomar as atividades presencias (aos poucos e sempre em seguran\u00e7a). Nos unimos na dor, nos solidarizamos, nos amparamos, nos fortalecemos.<\/p>\n\n\n\n<p>Em 2021, fizemos valer o nosso processo democr\u00e1tico mesmo diante de um cen\u00e1rio de tantas incertezas. Um agradecimento especial a toda a comunidade que tornou isso poss\u00edvel e, principalmente, aos not\u00e1veis servidores das Comiss\u00f5es Eleitorais, a Central e a dos Campi, que conduziram com lisura, paci\u00eancia e sabedoria este processo.<\/p>\n\n\n\n<p>Quando j\u00e1 nos prepar\u00e1vamos para finalizar o ano, acreditando que j\u00e1 t\u00ednhamos enfrentado todos os desafios que 2021 tinha reservado, a natureza nos surpreende e somos inundados por uma trag\u00e9dia sem precedentes no sul e sudoeste da Bahia. Centenas de fam\u00edlias desabrigadas, 21 mortos, 116 munic\u00edpios atingidos, entre eles Teixeira de Freitas, Itapetinga, Uru\u00e7uca e Santa In\u00eas, nossas casas, nossas comunidades, nossa gente. Nesse momento, o IF Baiano mostrou mais uma vez a for\u00e7a e raz\u00e3o da sua exist\u00eancia. Os campi e a Reitoria foram transformados em pontos de apoio para arrecada\u00e7\u00e3o de alimentos, \u00e1gua, agasalhos, material de limpeza e de higiene pessoal, colch\u00f5es, botas, vassoura, rodo, p\u00e1. Antes de qualquer nota vir a p\u00fablico, a\u00e7\u00f5es j\u00e1 eram adotadas. Afinal, agir \u00e9 fundamental e toda a equipe do IF Baiano \u201carrega\u00e7ou as mangas\u201d. Refor\u00e7o aqui o agradecimento aos(\u00e0s) diretores(as) gerais, servidores(as), colaboradores(as) terceirizados(as), todos e todas que se envolveram de forma direta e indireta no apoio \u00e0s fam\u00edlias e \u00e0s cidades. Foram muitas as mobiliza\u00e7\u00f5es e estas ainda precisam seguir ocorrendo. Nossos pontos de apoio, tanto nos campi quanto na Reitoria, seguir\u00e3o funcionando at\u00e9 quando for necess\u00e1rio esse aux\u00edlio.<\/p>\n\n\n\n<p>Estamos fechando esse ano do jeito que come\u00e7amos: trabalhando! Trabalhando pela educa\u00e7\u00e3o e pela vida, sempre! Acreditamos que, se tudo der certo, se seguirmos conseguindo conter essa pandemia e evoluindo no processo de vacina\u00e7\u00e3o, em fevereiro poderemos estar juntos novamente, fisicamente juntos, porque nunca nos separamos.<\/p>\n\n\n\n<p>Que 2022 seja um ano de mais alegria, de mais sa\u00fade, de mais leveza, de mais amor, mais uni\u00e3o e de f\u00e9, a f\u00e9 de que podemos, sempre juntos, fazer diferente e fazer melhor. Um feliz ano novo e um viva ao IF Baiano, um viva \u00e0 educa\u00e7\u00e3o p\u00fablica, gratuita e de qualidade! Educar \u00e9 transformar, sempre!<\/p>\n\n\n\n<hr class=\"wp-block-separator\" \/>\n\n\n\n<p>Mat\u00e9ria ASCOM dispon\u00edvel em: https:\/\/ifbaiano.edu.br\/portal\/blog\/carta-aberta-a-comunidade-do-if-baiano\/<\/p>\n","protected":false},"excerpt":{"rendered":"<p>Vivemos tempos dif\u00edceis, n\u00e3o h\u00e1 como ignorar. No entanto, \u00e9 preciso tamb\u00e9m lembrar que \u00e9 na dificuldade que nasce a for\u00e7a, a esperan\u00e7a e o inquebrant\u00e1vel desejo de vencer. Foi assim que superamos 2021 e \u00e9 assim que olhamos para 2022. Foi mais um ano de pandemia, de perdas, de distanciamento, de trag\u00e9dias naturais e [&hellip;]<\/p>\n","protected":false},"author":86,"featured_media":0,"comment_status":"closed","ping_status":"closed","sticky":false,"template":"","format":"standard","meta":[],"categories":[4,57],"tags":[],"_links":{"self":[{"href":"https:\/\/www.ifbaiano.edu.br\/unidades\/santaines\/wp-json\/wp\/v2\/posts\/15907"}],"collection":[{"href":"https:\/\/www.ifbaiano.edu.br\/unidades\/santaines\/wp-json\/wp\/v2\/posts"}],"about":[{"href":"https:\/\/www.ifbaiano.edu.br\/unidades\/santaines\/wp-json\/wp\/v2\/types\/post"}],"author":[{"embeddable":true,"href":"https:\/\/www.ifbaiano.edu.br\/unidades\/santaines\/wp-json\/wp\/v2\/users\/86"}],"replies":[{"embeddable":true,"href":"https:\/\/www.ifbaiano.edu.br\/unidades\/santaines\/wp-json\/wp\/v2\/comments?post=15907"}],"version-history":[{"count":1,"href":"https:\/\/www.ifbaiano.edu.br\/unidades\/santaines\/wp-json\/wp\/v2\/posts\/15907\/revisions"}],"predecessor-version":[{"id":15908,"href":"https:\/\/www.ifbaiano.edu.br\/unidades\/santaines\/wp-json\/wp\/v2\/posts\/15907\/revisions\/15908"}],"wp:attachment":[{"href":"https:\/\/www.ifbaiano.edu.br\/unidades\/santaines\/wp-json\/wp\/v2\/media?parent=15907"}],"wp:term":[{"taxonomy":"category","embeddable":true,"href":"https:\/\/www.ifbaiano.edu.br\/unidades\/santaines\/wp-json\/wp\/v2\/categories?post=15907"},{"taxonomy":"post_tag","embeddable":true,"href":"https:\/\/www.ifbaiano.edu.br\/unidades\/santaines\/wp-json\/wp\/v2\/tags?post=15907"}],"curies":[{"name":"wp","href":"https:\/\/api.w.org\/{rel}","templated":true}]}}