{"id":15909,"date":"2021-12-31T15:19:11","date_gmt":"2021-12-31T18:19:11","guid":{"rendered":"https:\/\/www.ifbaiano.edu.br\/unidades\/santaines\/?p=15909"},"modified":"2022-01-13T06:43:41","modified_gmt":"2022-01-13T09:43:41","slug":"campus-santa-ines-e-transformado-em-ponto-de-apoio-para-ajuda-as-vitimas-das-enchentes-na-bahia","status":"publish","type":"post","link":"https:\/\/www.ifbaiano.edu.br\/unidades\/santaines\/campus-santa-ines-e-transformado-em-ponto-de-apoio-para-ajuda-as-vitimas-das-enchentes-na-bahia\/","title":{"rendered":"Campus Santa In\u00eas \u00e9 transformado em ponto de apoio para ajuda \u00e0s v\u00edtimas das enchentes na Bahia"},"content":{"rendered":"\n<p>O campus Santa In\u00eas do Instituto Federal Baiano est\u00e1 funcionando como base de apoio para o Corpo de Bombeiros e o Ex\u00e9rcito no aux\u00edlio \u00e0s v\u00edtimas das chuvas no Sul e Sudoeste da Bahia. Cerca de 70 militares, entre ex\u00e9rcito e corpo de bombeiros, est\u00e3o alojados no campus, que tamb\u00e9m recebeu ambul\u00e2ncias, carro-pipa, caminh\u00f5es e guinchos que v\u00e3o atuar no aux\u00edlio aos desabrigados e desalojados. Ontem pela manh\u00e3, o Reitor do IF Baiano, professor A\u00e9cio Jos\u00e9 Ara\u00fajo Passos Duarte, esteve no campus, onde conversou com os comandantes da opera\u00e7\u00e3o refor\u00e7ando o apoio institucional e acompanhou a entrega do primeiro caminh\u00e3o com donativos arrecadados na Reitoria do Instituto, em Salvador.<\/p>\n\n\n\n<p>\u201cA regi\u00e3o est\u00e1 num sofrimento muito grande, muito grande mesmo. Uba\u00edra est\u00e1 devastada. A maioria das cidades sofreu danos quase que irrepar\u00e1veis. As pessoas em Santa In\u00eas ainda est\u00e3o muito impactadas com a situa\u00e7\u00e3o, mas hoje a gente pode ver \u2013 com as atividades que est\u00e3o sendo realizadas, com as pessoas voltando \u00e0s suas casas \u2013 a esperan\u00e7a. Nesse dia emblem\u00e1tico, pen\u00faltimo dia do ano, amanh\u00e3 o \u00faltimo, a gente v\u00ea as pessoas voltando a sorrir, voltando a ter esperan\u00e7a. Participar disso \u00e9 importante para demarcar a import\u00e2ncia de uma institui\u00e7\u00e3o de ensino, a import\u00e2ncia de o Instituto Federal Baiano estar junto da popula\u00e7\u00e3o circunjacente a nossas comunidades nesse momento. Em todas as nossas unidades h\u00e1 uma movimenta\u00e7\u00e3o do bem, uma movimenta\u00e7\u00e3o de solidariedade e isso tem sido muito importante. Poder constatar essa mobiliza\u00e7\u00e3o dos nossos servidores, colaboradores, dos nossos gestores, \u00e9 muito importante para todos n\u00f3s. Essa movimenta\u00e7\u00e3o de hoje foi importante para ratificar o quanto o IF Baiano est\u00e1 mobilizado para ajudar\u201d, declarou, ontem, o Reitor do IF Baiano, o professor A\u00e9cio Jos\u00e9.<\/p>\n\n\n\n<figure class=\"wp-block-image\"><img decoding=\"async\" src=\"https:\/\/ifbaiano.edu.br\/portal\/wp-content\/uploads\/2021\/12\/WhatsApp-Image-2021-12-30-at-13.45.20.jpeg\" alt=\"\" class=\"wp-image-22240\" \/><\/figure>\n\n\n\n<p>Desde que as chuvas come\u00e7aram, o IF Baiano vem se mobilizando para ajudar as fam\u00edlias v\u00edtimas das enchentes arrecadando roupas, alimentos, \u00e1gua, ferramentas, colch\u00f5es, material de limpeza e higiene pessoal, botas, rodos e vassouras. Al\u00e9m da Reitoria e do campus Santa In\u00eas, os campi do IF Baiano em Teixeira de Freitas, Uru\u00e7uca, Valen\u00e7a e Itapetinga tamb\u00e9m est\u00e3o recebendo donativos para as v\u00edtimas das enchentes na Bahia. Entre os produtos mais necessitados est\u00e3o \u00e1gua mineral e produtos de higiene pessoal.<\/p>\n\n\n\n<figure class=\"wp-block-gallery columns-3 is-cropped wp-block-gallery-1 is-layout-flex\"><ul class=\"blocks-gallery-grid\"><li class=\"blocks-gallery-item\"><figure><a href=\"https:\/\/www.ifbaiano.edu.br\/unidades\/santaines\/files\/2021\/12\/WhatsApp-Image-2021-12-30-at-13.45.07.jpeg\"><img decoding=\"async\" loading=\"lazy\" width=\"1280\" height=\"958\" src=\"https:\/\/www.ifbaiano.edu.br\/unidades\/santaines\/files\/2021\/12\/WhatsApp-Image-2021-12-30-at-13.45.07.jpeg\" alt=\"\" data-id=\"15911\" data-link=\"https:\/\/www.ifbaiano.edu.br\/unidades\/santaines\/?attachment_id=15911\" class=\"wp-image-15911\" \/><\/a><\/figure><\/li><li class=\"blocks-gallery-item\"><figure><a href=\"https:\/\/www.ifbaiano.edu.br\/unidades\/santaines\/files\/2021\/12\/WhatsApp-Image-2021-12-30-at-13.45.20.jpeg\"><img decoding=\"async\" loading=\"lazy\" width=\"1280\" height=\"958\" src=\"https:\/\/www.ifbaiano.edu.br\/unidades\/santaines\/files\/2021\/12\/WhatsApp-Image-2021-12-30-at-13.45.20.jpeg\" alt=\"\" data-id=\"15912\" data-link=\"https:\/\/www.ifbaiano.edu.br\/unidades\/santaines\/?attachment_id=15912\" class=\"wp-image-15912\" \/><\/a><\/figure><\/li><li class=\"blocks-gallery-item\"><figure><a href=\"https:\/\/www.ifbaiano.edu.br\/unidades\/santaines\/files\/2021\/12\/WhatsApp-Image-2021-12-30-at-13.44.45.jpeg\"><img decoding=\"async\" loading=\"lazy\" width=\"1280\" height=\"958\" src=\"https:\/\/www.ifbaiano.edu.br\/unidades\/santaines\/files\/2021\/12\/WhatsApp-Image-2021-12-30-at-13.44.45.jpeg\" alt=\"\" data-id=\"15913\" data-link=\"https:\/\/www.ifbaiano.edu.br\/unidades\/santaines\/?attachment_id=15913\" class=\"wp-image-15913\" \/><\/a><\/figure><\/li><li class=\"blocks-gallery-item\"><figure><a href=\"https:\/\/www.ifbaiano.edu.br\/unidades\/santaines\/files\/2021\/12\/WhatsApp-Image-2021-12-30-at-13.44.45-1.jpeg\"><img decoding=\"async\" loading=\"lazy\" width=\"1280\" height=\"958\" src=\"https:\/\/www.ifbaiano.edu.br\/unidades\/santaines\/files\/2021\/12\/WhatsApp-Image-2021-12-30-at-13.44.45-1.jpeg\" alt=\"\" data-id=\"15914\" data-link=\"https:\/\/www.ifbaiano.edu.br\/unidades\/santaines\/?attachment_id=15914\" class=\"wp-image-15914\" \/><\/a><\/figure><\/li><li class=\"blocks-gallery-item\"><figure><a href=\"https:\/\/www.ifbaiano.edu.br\/unidades\/santaines\/files\/2021\/12\/WhatsApp-Image-2021-12-30-at-13.45.01.jpeg\"><img decoding=\"async\" loading=\"lazy\" width=\"1280\" height=\"958\" src=\"https:\/\/www.ifbaiano.edu.br\/unidades\/santaines\/files\/2021\/12\/WhatsApp-Image-2021-12-30-at-13.45.01.jpeg\" alt=\"\" data-id=\"15910\" data-link=\"https:\/\/www.ifbaiano.edu.br\/unidades\/santaines\/?attachment_id=15910\" class=\"wp-image-15910\" \/><\/a><\/figure><\/li><\/ul><\/figure>\n\n\n\n<h5 class=\"wp-block-heading\"><\/h5>\n\n\n\n<hr class=\"wp-block-separator\" \/>\n\n\n\n<p>Mat\u00e9ria ASCOM dispon\u00edvel em: https:\/\/ifbaiano.edu.br\/portal\/blog\/campus-santa-ines-e-transformado-em-ponto-de-apoio-para-ajuda-as-vitimas-das-enchentes-na-bahia\/<\/p>\n","protected":false},"excerpt":{"rendered":"<p>O campus Santa In\u00eas do Instituto Federal Baiano est\u00e1 funcionando como base de apoio para o Corpo de Bombeiros e o Ex\u00e9rcito no aux\u00edlio \u00e0s v\u00edtimas das chuvas no Sul e Sudoeste da Bahia. Cerca de 70 militares, entre ex\u00e9rcito e corpo de bombeiros, est\u00e3o alojados no campus, que tamb\u00e9m recebeu ambul\u00e2ncias, carro-pipa, caminh\u00f5es e [&hellip;]<\/p>\n","protected":false},"author":86,"featured_media":15915,"comment_status":"closed","ping_status":"closed","sticky":false,"template":"","format":"standard","meta":[],"categories":[4,5],"tags":[],"_links":{"self":[{"href":"https:\/\/www.ifbaiano.edu.br\/unidades\/santaines\/wp-json\/wp\/v2\/posts\/15909"}],"collection":[{"href":"https:\/\/www.ifbaiano.edu.br\/unidades\/santaines\/wp-json\/wp\/v2\/posts"}],"about":[{"href":"https:\/\/www.ifbaiano.edu.br\/unidades\/santaines\/wp-json\/wp\/v2\/types\/post"}],"author":[{"embeddable":true,"href":"https:\/\/www.ifbaiano.edu.br\/unidades\/santaines\/wp-json\/wp\/v2\/users\/86"}],"replies":[{"embeddable":true,"href":"https:\/\/www.ifbaiano.edu.br\/unidades\/santaines\/wp-json\/wp\/v2\/comments?post=15909"}],"version-history":[{"count":2,"href":"https:\/\/www.ifbaiano.edu.br\/unidades\/santaines\/wp-json\/wp\/v2\/posts\/15909\/revisions"}],"predecessor-version":[{"id":15918,"href":"https:\/\/www.ifbaiano.edu.br\/unidades\/santaines\/wp-json\/wp\/v2\/posts\/15909\/revisions\/15918"}],"wp:featuredmedia":[{"embeddable":true,"href":"https:\/\/www.ifbaiano.edu.br\/unidades\/santaines\/wp-json\/wp\/v2\/media\/15915"}],"wp:attachment":[{"href":"https:\/\/www.ifbaiano.edu.br\/unidades\/santaines\/wp-json\/wp\/v2\/media?parent=15909"}],"wp:term":[{"taxonomy":"category","embeddable":true,"href":"https:\/\/www.ifbaiano.edu.br\/unidades\/santaines\/wp-json\/wp\/v2\/categories?post=15909"},{"taxonomy":"post_tag","embeddable":true,"href":"https:\/\/www.ifbaiano.edu.br\/unidades\/santaines\/wp-json\/wp\/v2\/tags?post=15909"}],"curies":[{"name":"wp","href":"https:\/\/api.w.org\/{rel}","templated":true}]}}