{"id":15932,"date":"2022-01-04T09:34:04","date_gmt":"2022-01-04T12:34:04","guid":{"rendered":"https:\/\/www.ifbaiano.edu.br\/unidades\/santaines\/?p=15932"},"modified":"2022-01-13T06:43:14","modified_gmt":"2022-01-13T09:43:14","slug":"atencao-estudante-do-if-baiano-campus-santa-ines","status":"publish","type":"post","link":"https:\/\/www.ifbaiano.edu.br\/unidades\/santaines\/atencao-estudante-do-if-baiano-campus-santa-ines\/","title":{"rendered":"\u26a0\ufe0f Aten\u00e7\u00e3o estudante do IF Baiano Campus Santa In\u00eas"},"content":{"rendered":"\n<figure class=\"wp-block-image size-full\"><a href=\"https:\/\/www.ifbaiano.edu.br\/unidades\/santaines\/files\/2022\/01\/CAD-UNICO_04012022.png\"><img decoding=\"async\" loading=\"lazy\" width=\"890\" height=\"890\" src=\"https:\/\/www.ifbaiano.edu.br\/unidades\/santaines\/files\/2022\/01\/CAD-UNICO_04012022.png\" alt=\"Comiss\u00e3o Local de Assist\u00eancia Estudantil\" class=\"wp-image-15921\" \/><\/a><\/figure>\n\n\n\n<p>A CLAE informa da import\u00e2ncia da atualiza\u00e7\u00e3o do CAD \u00danico. Fique ligado(a)! \ud83d\udce3<\/p>\n\n\n\n<p>As d\u00favidas podem ser encaminhadas por e-mail clae@ifsi@gmail.com ou atrav\u00e9s do nosso contato de WhatsApp (73)98144-6257<\/p>\n\n\n\n<p><\/p>\n\n\n\n<p><\/p>\n","protected":false},"excerpt":{"rendered":"<p>A CLAE informa da import\u00e2ncia da atualiza\u00e7\u00e3o do CAD \u00danico. Fique ligado(a)! \ud83d\udce3 As d\u00favidas podem ser encaminhadas por e-mail clae@ifsi@gmail.com ou atrav\u00e9s do nosso contato de WhatsApp (73)98144-6257<\/p>\n","protected":false},"author":7,"featured_media":15921,"comment_status":"closed","ping_status":"closed","sticky":false,"template":"","format":"standard","meta":[],"categories":[4,8,57],"tags":[68,69,70],"_links":{"self":[{"href":"https:\/\/www.ifbaiano.edu.br\/unidades\/santaines\/wp-json\/wp\/v2\/posts\/15932"}],"collection":[{"href":"https:\/\/www.ifbaiano.edu.br\/unidades\/santaines\/wp-json\/wp\/v2\/posts"}],"about":[{"href":"https:\/\/www.ifbaiano.edu.br\/unidades\/santaines\/wp-json\/wp\/v2\/types\/post"}],"author":[{"embeddable":true,"href":"https:\/\/www.ifbaiano.edu.br\/unidades\/santaines\/wp-json\/wp\/v2\/users\/7"}],"replies":[{"embeddable":true,"href":"https:\/\/www.ifbaiano.edu.br\/unidades\/santaines\/wp-json\/wp\/v2\/comments?post=15932"}],"version-history":[{"count":7,"href":"https:\/\/www.ifbaiano.edu.br\/unidades\/santaines\/wp-json\/wp\/v2\/posts\/15932\/revisions"}],"predecessor-version":[{"id":15941,"href":"https:\/\/www.ifbaiano.edu.br\/unidades\/santaines\/wp-json\/wp\/v2\/posts\/15932\/revisions\/15941"}],"wp:featuredmedia":[{"embeddable":true,"href":"https:\/\/www.ifbaiano.edu.br\/unidades\/santaines\/wp-json\/wp\/v2\/media\/15921"}],"wp:attachment":[{"href":"https:\/\/www.ifbaiano.edu.br\/unidades\/santaines\/wp-json\/wp\/v2\/media?parent=15932"}],"wp:term":[{"taxonomy":"category","embeddable":true,"href":"https:\/\/www.ifbaiano.edu.br\/unidades\/santaines\/wp-json\/wp\/v2\/categories?post=15932"},{"taxonomy":"post_tag","embeddable":true,"href":"https:\/\/www.ifbaiano.edu.br\/unidades\/santaines\/wp-json\/wp\/v2\/tags?post=15932"}],"curies":[{"name":"wp","href":"https:\/\/api.w.org\/{rel}","templated":true}]}}