{"id":15953,"date":"2022-01-05T15:53:58","date_gmt":"2022-01-05T18:53:58","guid":{"rendered":"https:\/\/www.ifbaiano.edu.br\/unidades\/santaines\/?p=15953"},"modified":"2022-01-13T06:44:05","modified_gmt":"2022-01-13T09:44:05","slug":"edital-de-vagas-remanescentes-para-auxilios-de-inclusao-digital","status":"publish","type":"post","link":"https:\/\/www.ifbaiano.edu.br\/unidades\/santaines\/edital-de-vagas-remanescentes-para-auxilios-de-inclusao-digital\/","title":{"rendered":"Edital de vagas remanescentes para Aux\u00edlios de Inclus\u00e3o Digital"},"content":{"rendered":"\n<figure class=\"wp-block-image size-full\"><a href=\"https:\/\/www.ifbaiano.edu.br\/unidades\/santaines\/files\/2022\/01\/Programa-de-Inclusao-Digital-2022.jpeg\"><img decoding=\"async\" loading=\"lazy\" width=\"1024\" height=\"1024\" src=\"https:\/\/www.ifbaiano.edu.br\/unidades\/santaines\/files\/2022\/01\/Programa-de-Inclusao-Digital-2022.jpeg\" alt=\"\" class=\"wp-image-15954\" \/><\/a><\/figure>\n\n\n\n<p>Voc\u00ea \u00e9 estudante do IF Baiano Campus Santa In\u00eas? Temos uma not\u00edcia importante para voc\u00ea!<\/p>\n\n\n\n<p>Foi publicado o Edital de vagas remanescentes para <strong><a href=\"https:\/\/www.ifbaiano.edu.br\/unidades\/santaines\/campus-santa-ines-publica-edital-de-selecao-para-assistencia-estudantil-inclusao-digital\/\" data-type=\"URL\" data-id=\"https:\/\/www.ifbaiano.edu.br\/unidades\/santaines\/campus-santa-ines-publica-edital-de-selecao-para-assistencia-estudantil-inclusao-digital\/\" target=\"_blank\" rel=\"noreferrer noopener\">Aux\u00edlios de Inclus\u00e3o Digital<\/a><\/strong>. Corre l\u00e1 em <a rel=\"noreferrer noopener\" href=\"http:\/\/santaines.ifbaiano.edu.br\" data-type=\"URL\" data-id=\"santaines.ifbaiano.edu.br\" target=\"_blank\">santaines.ifbaiano.edu.br<\/a> e veja o que \u00e9 necess\u00e1rio para se inscrever! Aten\u00e7\u00e3o! A sele\u00e7\u00e3o se dar\u00e1 atrav\u00e9s de an\u00e1lise de inser\u00e7\u00e3o no <strong>CAD \u00danico do Governo Federal<\/strong>. Ent\u00e3o j\u00e1 comecem organizando a documenta\u00e7\u00e3o porque as inscri\u00e7\u00f5es s\u00e3o em fevereiro.<\/p>\n\n\n\n<p>As d\u00favidas podem ser encaminhadas por e-mail clae@ifsi@gmail.com ou atrav\u00e9s do nosso contato de WhatsApp (73)98144-6257<\/p>\n","protected":false},"excerpt":{"rendered":"<p>Voc\u00ea \u00e9 estudante do IF Baiano Campus Santa In\u00eas? Temos uma not\u00edcia importante para voc\u00ea! Foi publicado o Edital de vagas remanescentes para Aux\u00edlios de Inclus\u00e3o Digital. Corre l\u00e1 em santaines.ifbaiano.edu.br e veja o que \u00e9 necess\u00e1rio para se inscrever! Aten\u00e7\u00e3o! A sele\u00e7\u00e3o se dar\u00e1 atrav\u00e9s de an\u00e1lise de inser\u00e7\u00e3o no CAD \u00danico do Governo [&hellip;]<\/p>\n","protected":false},"author":7,"featured_media":15955,"comment_status":"closed","ping_status":"closed","sticky":false,"template":"","format":"standard","meta":[],"categories":[4,57],"tags":[],"_links":{"self":[{"href":"https:\/\/www.ifbaiano.edu.br\/unidades\/santaines\/wp-json\/wp\/v2\/posts\/15953"}],"collection":[{"href":"https:\/\/www.ifbaiano.edu.br\/unidades\/santaines\/wp-json\/wp\/v2\/posts"}],"about":[{"href":"https:\/\/www.ifbaiano.edu.br\/unidades\/santaines\/wp-json\/wp\/v2\/types\/post"}],"author":[{"embeddable":true,"href":"https:\/\/www.ifbaiano.edu.br\/unidades\/santaines\/wp-json\/wp\/v2\/users\/7"}],"replies":[{"embeddable":true,"href":"https:\/\/www.ifbaiano.edu.br\/unidades\/santaines\/wp-json\/wp\/v2\/comments?post=15953"}],"version-history":[{"count":3,"href":"https:\/\/www.ifbaiano.edu.br\/unidades\/santaines\/wp-json\/wp\/v2\/posts\/15953\/revisions"}],"predecessor-version":[{"id":15958,"href":"https:\/\/www.ifbaiano.edu.br\/unidades\/santaines\/wp-json\/wp\/v2\/posts\/15953\/revisions\/15958"}],"wp:featuredmedia":[{"embeddable":true,"href":"https:\/\/www.ifbaiano.edu.br\/unidades\/santaines\/wp-json\/wp\/v2\/media\/15955"}],"wp:attachment":[{"href":"https:\/\/www.ifbaiano.edu.br\/unidades\/santaines\/wp-json\/wp\/v2\/media?parent=15953"}],"wp:term":[{"taxonomy":"category","embeddable":true,"href":"https:\/\/www.ifbaiano.edu.br\/unidades\/santaines\/wp-json\/wp\/v2\/categories?post=15953"},{"taxonomy":"post_tag","embeddable":true,"href":"https:\/\/www.ifbaiano.edu.br\/unidades\/santaines\/wp-json\/wp\/v2\/tags?post=15953"}],"curies":[{"name":"wp","href":"https:\/\/api.w.org\/{rel}","templated":true}]}}