{"id":16070,"date":"2022-02-02T11:25:06","date_gmt":"2022-02-02T14:25:06","guid":{"rendered":"https:\/\/www.ifbaiano.edu.br\/unidades\/santaines\/?p=16070"},"modified":"2022-02-11T14:59:08","modified_gmt":"2022-02-11T17:59:08","slug":"continuam-abertas-as-inscricoes-no-processo-seletivo-para-curso-tecnico-em-informatica-no-campus-santa-ines","status":"publish","type":"post","link":"https:\/\/www.ifbaiano.edu.br\/unidades\/santaines\/continuam-abertas-as-inscricoes-no-processo-seletivo-para-curso-tecnico-em-informatica-no-campus-santa-ines\/","title":{"rendered":"Processo seletivo para Curso T\u00e9cnico em Inform\u00e1tica no Campus Santa In\u00eas"},"content":{"rendered":"\n<p>No dia 20 de janeiro de 2022 o IF Baiano Campus Santa In\u00eas publicou o <a href=\"https:\/\/concurso.ifbaiano.edu.br\/portal\/vagas-subsequente-santa-ines-janeiro-2022\/wp-content\/uploads\/sites\/537\/2022\/02\/Edital-no-02.pdf\">Edital n\u00ba 2\/2002<\/a> de vagas  remanescentes para ingresso de estudantes nos cursos da educa\u00e7\u00e3o profissional t\u00e9cnica de n\u00edvel m\u00e9dio, na forma subsequente ao ensino m\u00e9dio. As inscri\u00e7\u00f5es que, inicialmente, terminavam dia 01 de fevereiro, foram prorrogadas at\u00e9 as 18h do dia 08 de fevereiro de 2022, conforme <a href=\"https:\/\/concurso.ifbaiano.edu.br\/portal\/vagas-subsequente-santa-ines-janeiro-2022\/wp-content\/uploads\/sites\/537\/2022\/02\/Edital-de-Retificacao-no-04.pdf\">Edital de Retifica\u00e7\u00e3o n\u00ba 4\/2022, de 01 de fevereiro de 2022<\/a>. O curso acontecer\u00e1 em turno noturno e est\u00e3o sendo disponibilizadas 11 vagas.<\/p>\n\n\n\n<p>A sele\u00e7\u00e3o, nesse processo seletivo, se d\u00e1 por meio de Manifesta\u00e7\u00e3o de interesse na vaga, atrav\u00e9s de Edital de fluxo cont\u00ednuo e para ingressar no curso, o(a) candidato(a) precisa ter conclu\u00eddo o Ensino M\u00e9dio at\u00e9 o dia da matr\u00edcula e apresentar, no ato da matr\u00edcula, os seguintes documentos:<\/p>\n\n\n\n<ul><li>Documento de Identifica\u00e7\u00e3o que pode ser: Carteira de identidade (RG), Carteira Nacional de Habilita\u00e7\u00e3o (CNH), Carteira de Trabalho e Previd\u00eancia Social ou Carteira de Identidade Profissional;<\/li><li>CPF;<\/li><li>Certid\u00e3o de Nascimento ou casamento;<\/li><li>Certificado de Conclus\u00e3o e Hist\u00f3rico Escolar do Ensino M\u00e9dio ou Certificado de conclus\u00e3o do ensino m\u00e9dio por meio do desempenho no ENEM ou ENCCEJA. Quando oriundo de pa\u00edses estrangeiros, este documento dever\u00e1 estar revalidado e devidamente acompanhado da respectiva tradu\u00e7\u00e3o juramentada;<\/li><li>Grupo sangu\u00edneo do sistema ABO e fator RH;<br>VI. Cart\u00e3o de vacina\u00e7\u00e3o constando vacina contra t\u00e9tano nos \u00faltimos dez anos, devidamente assinada pelo agente de sa\u00fade;<\/li><li>Cart\u00e3o do SUS;<\/li><li>Comprovante de resid\u00eancia do ano corrente ou declara\u00e7\u00e3o de domic\u00edlio;<\/li><li>Certificado de Quita\u00e7\u00e3o do Servi\u00e7o Militar (para candidatos do sexo masculino a partir dos 18 anos);<\/li><li>Quita\u00e7\u00e3o da Justi\u00e7a Eleitoral para candidatos maiores de 18 anos (<a href=\"https:\/\/www.tre-ba.jus.br\/eleitor\/certidoes\/certidao-de-quitacao-eleitoral\">Dispon\u00edvel no portal do TRE\/BA<\/a>);<\/li><li>RG e CPF do(a) respons\u00e1vel (se o(a) candidato(a) for menor de 18 anos); e<\/li><li>01 foto 3\u00d74 (recente).<\/li><\/ul>\n\n\n\n<p>Os(as) candidatos(as) devem ler e observar todos os procedimentos e prazos estabelecidos nos Editais, bem como, a apresenta\u00e7\u00e3o dos documentos exigidos para a matr\u00edcula.<\/p>\n\n\n\n<p>Em caso de d\u00favidas, poder\u00e3o ser encaminhados e-mail para prosel@si.ifbaiano.edu.br ou mensagens atrav\u00e9s do contato de WhatsApp (73) 98144-6257.<\/p>\n\n\n\n<p>Documentos\/Etapas do Processo:<\/p>\n\n\n\n<ul><li><a rel=\"noreferrer noopener\" target=\"_blank\" href=\"https:\/\/concurso.ifbaiano.edu.br\/portal\/vagas-subsequente-santa-ines-janeiro-2022\/wp-content\/uploads\/sites\/537\/2022\/02\/Edital-no-02.pdf\">Edital n\u00ba 02<\/a><\/li><li><a rel=\"noreferrer noopener\" target=\"_blank\" href=\"https:\/\/concurso.ifbaiano.edu.br\/portal\/vagas-subsequente-santa-ines-janeiro-2022\/wp-content\/uploads\/sites\/537\/2022\/02\/Edital-de-Retificacao-no-04.pdf\">Edital de Retifica\u00e7\u00e3o n\u00ba 04<\/a><\/li><li><a rel=\"noreferrer noopener\" target=\"_blank\" href=\"https:\/\/concurso.ifbaiano.edu.br\/portal\/vagas-subsequente-santa-ines-janeiro-2022\/wp-content\/uploads\/sites\/537\/2022\/02\/LISTA-PRELIMINAR-SUBSEQUENTE.pdf\">Resultado Preliminar<\/a><\/li><li><a rel=\"noreferrer noopener\" target=\"_blank\" href=\"https:\/\/concurso.ifbaiano.edu.br\/portal\/vagas-subsequente-santa-ines-janeiro-2022\/wp-content\/uploads\/sites\/537\/2022\/02\/LISTA-POS-RECURSO-SUBSEQUENTE.pdf\">Lista de Matriculados e Espera P\u00f3s Recursos<\/a><\/li><\/ul>\n\n\n\n<hr class=\"wp-block-separator\" \/>\n\n\n\n<p> <\/p>\n\n\n\n<p><\/p>\n\n\n\n<p><\/p>\n","protected":false},"excerpt":{"rendered":"<p>As inscri\u00e7\u00f5es v\u00e3o at\u00e9 o dia 08 de fevereiro.<\/p>\n","protected":false},"author":86,"featured_media":0,"comment_status":"closed","ping_status":"closed","sticky":false,"template":"","format":"standard","meta":[],"categories":[4,13,5,8,57],"tags":[],"_links":{"self":[{"href":"https:\/\/www.ifbaiano.edu.br\/unidades\/santaines\/wp-json\/wp\/v2\/posts\/16070"}],"collection":[{"href":"https:\/\/www.ifbaiano.edu.br\/unidades\/santaines\/wp-json\/wp\/v2\/posts"}],"about":[{"href":"https:\/\/www.ifbaiano.edu.br\/unidades\/santaines\/wp-json\/wp\/v2\/types\/post"}],"author":[{"embeddable":true,"href":"https:\/\/www.ifbaiano.edu.br\/unidades\/santaines\/wp-json\/wp\/v2\/users\/86"}],"replies":[{"embeddable":true,"href":"https:\/\/www.ifbaiano.edu.br\/unidades\/santaines\/wp-json\/wp\/v2\/comments?post=16070"}],"version-history":[{"count":4,"href":"https:\/\/www.ifbaiano.edu.br\/unidades\/santaines\/wp-json\/wp\/v2\/posts\/16070\/revisions"}],"predecessor-version":[{"id":16115,"href":"https:\/\/www.ifbaiano.edu.br\/unidades\/santaines\/wp-json\/wp\/v2\/posts\/16070\/revisions\/16115"}],"wp:attachment":[{"href":"https:\/\/www.ifbaiano.edu.br\/unidades\/santaines\/wp-json\/wp\/v2\/media?parent=16070"}],"wp:term":[{"taxonomy":"category","embeddable":true,"href":"https:\/\/www.ifbaiano.edu.br\/unidades\/santaines\/wp-json\/wp\/v2\/categories?post=16070"},{"taxonomy":"post_tag","embeddable":true,"href":"https:\/\/www.ifbaiano.edu.br\/unidades\/santaines\/wp-json\/wp\/v2\/tags?post=16070"}],"curies":[{"name":"wp","href":"https:\/\/api.w.org\/{rel}","templated":true}]}}