{"id":16074,"date":"2022-02-02T13:19:18","date_gmt":"2022-02-02T16:19:18","guid":{"rendered":"https:\/\/www.ifbaiano.edu.br\/unidades\/santaines\/?p=16074"},"modified":"2022-03-07T13:34:54","modified_gmt":"2022-03-07T16:34:54","slug":"campus-santa-ines-esta-fazendo-selecao-para-preenchimento-de-vagas-no-curso-tecnico-em-agropecuaria-modalidade-proeja","status":"publish","type":"post","link":"https:\/\/www.ifbaiano.edu.br\/unidades\/santaines\/campus-santa-ines-esta-fazendo-selecao-para-preenchimento-de-vagas-no-curso-tecnico-em-agropecuaria-modalidade-proeja\/","title":{"rendered":"Campus Santa In\u00eas est\u00e1 selecionando candidatos para preenchimento de vagas no Curso T\u00e9cnico em Agropecu\u00e1ria &#8211; Modalidade PROEJA"},"content":{"rendered":"\n<p>O <a href=\"https:\/\/concurso.ifbaiano.edu.br\/portal\/proeja-santa-ines-novembro-2021\/wp-content\/uploads\/sites\/512\/2021\/11\/Edital-no-20.pdf\">Edital n\u00ba 20, de 10 de novembro de 2021<\/a>, do IF Baiano Campus Santa In\u00eas trata da sele\u00e7\u00e3o de estudantes para provimento de vagas nos cursos T\u00e9cnicos Integrados ao Ensino M\u00e9dio na Modalidade da Educa\u00e7\u00e3o de Jovens e Adultos \u2013 PROEJA para ingresso no ano de 2022. <\/p>\n\n\n\n<p>Esse edital disponibilizou 20 vagas e as inscri\u00e7\u00f5es que, inicialmente iriam at\u00e9 o dia 17 de dezembro de 2021, foram prorrogadas at\u00e9 o dia 14 de janeiro de 2022, atrav\u00e9s do<a href=\"https:\/\/concurso.ifbaiano.edu.br\/portal\/proeja-santa-ines-novembro-2021\/wp-content\/uploads\/sites\/512\/2021\/12\/Edital-de-Retificacao-no-26_2021-de-14-de-dezembro-de-2021.pdf\"> Edital de Retifica\u00e7\u00e3o N\u00ba 26\/2021, de 14 de dezembro de 2021<\/a> depois prorrogadas at\u00e9 as 16h do dia 14 de fevereiro de 2022, por meio do <a href=\"https:\/\/concurso.ifbaiano.edu.br\/portal\/proeja-santa-ines-novembro-2021\/wp-content\/uploads\/sites\/512\/2022\/02\/Edital-de-Retificacao-no-03.pdf\">Edital de Retifica\u00e7\u00e3o N\u00ba 3\/2022, de 02 de fevereiro de 2022<\/a> e, mais uma vez prorrogadas at\u00e9 as 16h do dia 21 de fevereiro de 2022, por meio do <a rel=\"noreferrer noopener\" target=\"_blank\" href=\"https:\/\/concurso.ifbaiano.edu.br\/portal\/proeja-santa-ines-novembro-2021\/wp-content\/uploads\/sites\/512\/2022\/02\/Edital-de-Retificacao-no-07.pdf\">Edital de Retifica\u00e7\u00e3o n\u00ba 07<\/a>.<\/p>\n\n\n\n<p>A sele\u00e7\u00e3o, nesse processo seletivo, poder\u00e1 ser realizada de forma eletr\u00f4nica, mediante manifesta\u00e7\u00e3o on-line de interesse na vaga, por meio de preenchimento da <a href=\"https:\/\/www.ifbaiano.edu.br\/unidades\/santaines\/files\/2022\/02\/ANEXO-II-Edital-PROEJA.pdf\">declara\u00e7\u00e3o<\/a>, e encaminhamento, junto com a documenta\u00e7\u00e3o de matr\u00edcula para o e-mail prosel@si.ifbaiano.edu.br ou por meio de procura\u00e7\u00e3o simples acompanhada do documento original de identifica\u00e7\u00e3o do(a) procurador(a) e original ou c\u00f3pia autenticada do documento de identifica\u00e7\u00e3o do(a) candidato(a). <\/p>\n\n\n\n<p>O curso funciona em regime de altern\u00e2ncia e s\u00e3o destinados a candidatos que conclu\u00edram o Ensino Fundamental ou equivalente. Para ingresso, \u00e9 necess\u00e1rio que o(a) candidato(a) apresente comprova\u00e7\u00e3o de idade m\u00ednima de 18 anos; tenha conclu\u00eddo o Ensino Fundamental at\u00e9 o dia da matr\u00edcula e apresente a documenta\u00e7\u00e3o conforme descrito no edital.<\/p>\n\n\n\n<p>Os(as) candidatos(as) devem ler e observar todos os procedimentos e prazos estabelecidos nos Editais, bem como, a apresenta\u00e7\u00e3o dos documentos exigidos para a matr\u00edcula.<\/p>\n\n\n\n<p>As d\u00favidas poder\u00e3o ser encaminhados por e-mail para prosel@si.ifbaiano.edu.br ou por mensagens atrav\u00e9s do contato de WhatsApp (73) 98144-6257.<\/p>\n\n\n\n<p>Documentos referentes ao Processo seletivo:<\/p>\n\n\n\n<ul><li><a rel=\"noreferrer noopener\" target=\"_blank\" href=\"https:\/\/concurso.ifbaiano.edu.br\/portal\/proeja-santa-ines-novembro-2021\/wp-content\/uploads\/sites\/512\/2021\/11\/Edital-no-20.pdf\">Edital n\u00ba 20<\/a><\/li><li><a rel=\"noreferrer noopener\" target=\"_blank\" href=\"https:\/\/concurso.ifbaiano.edu.br\/portal\/proeja-santa-ines-novembro-2021\/wp-content\/uploads\/sites\/512\/2021\/12\/Edital-de-Retificacao-no-26_2021-de-14-de-dezembro-de-2021.pdf\">Edital de Retifica\u00e7\u00e3o n\u00ba 26<\/a><\/li><li><a rel=\"noreferrer noopener\" target=\"_blank\" href=\"https:\/\/concurso.ifbaiano.edu.br\/portal\/proeja-santa-ines-novembro-2021\/wp-content\/uploads\/sites\/512\/2022\/02\/Edital-de-Retificacao-no-03.pdf\">Edital de Retifica\u00e7\u00e3o n\u00ba 03<\/a><\/li><li><a rel=\"noreferrer noopener\" target=\"_blank\" href=\"https:\/\/concurso.ifbaiano.edu.br\/portal\/proeja-santa-ines-novembro-2021\/wp-content\/uploads\/sites\/512\/2022\/02\/Edital-de-Retificacao-no-07.pdf\">Edital de Retifica\u00e7\u00e3o n\u00ba 07<\/a><\/li><li><a rel=\"noreferrer noopener\" target=\"_blank\" href=\"https:\/\/concurso.ifbaiano.edu.br\/portal\/proeja-santa-ines-novembro-2021\/wp-content\/uploads\/sites\/512\/2022\/02\/Resultado-Preliminar.pdf\">Resultado Preliminar<\/a> <\/li><li><a rel=\"noreferrer noopener\" target=\"_blank\" href=\"https:\/\/concurso.ifbaiano.edu.br\/portal\/proeja-santa-ines-novembro-2021\/wp-content\/uploads\/sites\/512\/2022\/02\/LISTA-POS-RECURSO-24-02-2022.pdf\">Resultado p\u00f3s recurso<\/a> <\/li><li><a rel=\"noreferrer noopener\" target=\"_blank\" href=\"https:\/\/concurso.ifbaiano.edu.br\/portal\/proeja-santa-ines-novembro-2021\/wp-content\/uploads\/sites\/512\/2022\/03\/LISTA-FINAL-PROEJA-RETIFICADA-2.pdf\">Resultado Final<\/a><\/li><\/ul>\n\n\n\n<hr class=\"wp-block-separator\" \/>\n\n\n\n<p><\/p>\n","protected":false},"excerpt":{"rendered":"<p>As inscri\u00e7\u00f5es foram prorrogadas at\u00e9 14 de fevereiro de 2022<\/p>\n","protected":false},"author":86,"featured_media":13600,"comment_status":"closed","ping_status":"closed","sticky":false,"template":"","format":"standard","meta":[],"categories":[4,13,5,8,57],"tags":[],"_links":{"self":[{"href":"https:\/\/www.ifbaiano.edu.br\/unidades\/santaines\/wp-json\/wp\/v2\/posts\/16074"}],"collection":[{"href":"https:\/\/www.ifbaiano.edu.br\/unidades\/santaines\/wp-json\/wp\/v2\/posts"}],"about":[{"href":"https:\/\/www.ifbaiano.edu.br\/unidades\/santaines\/wp-json\/wp\/v2\/types\/post"}],"author":[{"embeddable":true,"href":"https:\/\/www.ifbaiano.edu.br\/unidades\/santaines\/wp-json\/wp\/v2\/users\/86"}],"replies":[{"embeddable":true,"href":"https:\/\/www.ifbaiano.edu.br\/unidades\/santaines\/wp-json\/wp\/v2\/comments?post=16074"}],"version-history":[{"count":8,"href":"https:\/\/www.ifbaiano.edu.br\/unidades\/santaines\/wp-json\/wp\/v2\/posts\/16074\/revisions"}],"predecessor-version":[{"id":16202,"href":"https:\/\/www.ifbaiano.edu.br\/unidades\/santaines\/wp-json\/wp\/v2\/posts\/16074\/revisions\/16202"}],"wp:featuredmedia":[{"embeddable":true,"href":"https:\/\/www.ifbaiano.edu.br\/unidades\/santaines\/wp-json\/wp\/v2\/media\/13600"}],"wp:attachment":[{"href":"https:\/\/www.ifbaiano.edu.br\/unidades\/santaines\/wp-json\/wp\/v2\/media?parent=16074"}],"wp:term":[{"taxonomy":"category","embeddable":true,"href":"https:\/\/www.ifbaiano.edu.br\/unidades\/santaines\/wp-json\/wp\/v2\/categories?post=16074"},{"taxonomy":"post_tag","embeddable":true,"href":"https:\/\/www.ifbaiano.edu.br\/unidades\/santaines\/wp-json\/wp\/v2\/tags?post=16074"}],"curies":[{"name":"wp","href":"https:\/\/api.w.org\/{rel}","templated":true}]}}