{"id":16090,"date":"2022-02-04T11:20:12","date_gmt":"2022-02-04T14:20:12","guid":{"rendered":"https:\/\/www.ifbaiano.edu.br\/unidades\/santaines\/?p=16090"},"modified":"2022-02-04T11:20:12","modified_gmt":"2022-02-04T14:20:12","slug":"passaporte-vacinal-sera-exigido-para-acesso-as-unidades-do-if-baiano","status":"publish","type":"post","link":"https:\/\/www.ifbaiano.edu.br\/unidades\/santaines\/passaporte-vacinal-sera-exigido-para-acesso-as-unidades-do-if-baiano\/","title":{"rendered":"Passaporte vacinal ser\u00e1 exigido para acesso \u00e0s unidades do IF Baiano"},"content":{"rendered":"\n<p>A partir da&nbsp;<a href=\"https:\/\/ifbaiano.edu.br\/portal\/wp-content\/uploads\/2022\/02\/Resolucao-183.2022.pdf\">Resolu\u00e7\u00e3o 183\/2022<\/a>, expedida nesta quinta-feira, 03, o Conselho Superior do IF Baiano decidiu por tornar obrigat\u00f3ria a comprova\u00e7\u00e3o de vacina\u00e7\u00e3o contra a Covid-19 para acesso \u00e0s depend\u00eancias de todas as unidades do Instituto. Trata-se de mais uma medida adotada pelo IF Baiano para ampliar a prote\u00e7\u00e3o da comunidade acad\u00eamica, contribuindo para a retomada das atividades presenciais.<\/p>\n\n\n\n<p>A medida \u00e9 v\u00e1lida para estudantes, servidores \u2013 docentes e t\u00e9cnico administrativos -, terceirizados, estagi\u00e1rios e p\u00fablico externo.<\/p>\n\n\n\n<p>Ao ingressar nas unidades, a comprova\u00e7\u00e3o do esquema vacinal atualizado, incluindo doses de refor\u00e7o, poder\u00e1 ser apresentada via:<\/p>\n\n\n\n<p>\u2013 Carteira de vacina\u00e7\u00e3o digital, dispon\u00edvel na plataforma do Sistema \u00danico de Sa\u00fade \u2013 Conecte SUS;<\/p>\n\n\n\n<p>\u2013 Comprovante\/caderneta\/cart\u00e3o de vacina\u00e7\u00e3o, impresso em papel timbrado ou em formato digital, emitido no momento da vacina\u00e7\u00e3o por institui\u00e7\u00e3o governamental brasileira, de esfera municipal, estadual, distrital, federal ou estrangeira.<\/p>\n\n\n\n<p>Para pessoas n\u00e3o vacinadas, \u00e9 obrigat\u00f3ria a apresenta\u00e7\u00e3o de teste RT-PCR ou teste ant\u00edgeno negativos para Covid-19 realizados nas \u00faltimas 72h. J\u00e1 aqueles(as) que n\u00e3o puderem tomar nenhum dos imunizantes, devido a contraindica\u00e7\u00e3o, precisam apresentar atestado ou declara\u00e7\u00e3o m\u00e9dica, justificando a restri\u00e7\u00e3o.<\/p>\n\n\n\n<p>A obrigatoriedade entrar\u00e1 em vigor em 13 de fevereiro de 2022.<\/p>\n\n\n\n<p>Para mais informa\u00e7\u00f5es, consulte a\u00a0<a href=\"https:\/\/ifbaiano.edu.br\/portal\/wp-content\/uploads\/2022\/02\/Resolucao-183.2022.pdf\">Resolu\u00e7\u00e3o 183\/2022 \u2013 CONSUP\/IFBAIANO, DE 3 DE FEVEREIRO DE 2022<\/a>.<\/p>\n\n\n\n<hr class=\"wp-block-separator\" \/>\n\n\n\n<p>Mat\u00e9ria ASCOM dispon\u00edvel em: https:\/\/ifbaiano.edu.br\/portal\/blog\/passaporte-vacinal-sera-exigido-para-acesso-as-unidades-do-if-baiano\/ <\/p>\n","protected":false},"excerpt":{"rendered":"<p>A partir da&nbsp;Resolu\u00e7\u00e3o 183\/2022, expedida nesta quinta-feira, 03, o Conselho Superior do IF Baiano decidiu por tornar obrigat\u00f3ria a comprova\u00e7\u00e3o de vacina\u00e7\u00e3o contra a Covid-19 para acesso \u00e0s depend\u00eancias de todas as unidades do Instituto. Trata-se de mais uma medida adotada pelo IF Baiano para ampliar a prote\u00e7\u00e3o da comunidade acad\u00eamica, contribuindo para a retomada [&hellip;]<\/p>\n","protected":false},"author":86,"featured_media":16091,"comment_status":"closed","ping_status":"closed","sticky":false,"template":"","format":"standard","meta":[],"categories":[4,5,57],"tags":[],"_links":{"self":[{"href":"https:\/\/www.ifbaiano.edu.br\/unidades\/santaines\/wp-json\/wp\/v2\/posts\/16090"}],"collection":[{"href":"https:\/\/www.ifbaiano.edu.br\/unidades\/santaines\/wp-json\/wp\/v2\/posts"}],"about":[{"href":"https:\/\/www.ifbaiano.edu.br\/unidades\/santaines\/wp-json\/wp\/v2\/types\/post"}],"author":[{"embeddable":true,"href":"https:\/\/www.ifbaiano.edu.br\/unidades\/santaines\/wp-json\/wp\/v2\/users\/86"}],"replies":[{"embeddable":true,"href":"https:\/\/www.ifbaiano.edu.br\/unidades\/santaines\/wp-json\/wp\/v2\/comments?post=16090"}],"version-history":[{"count":1,"href":"https:\/\/www.ifbaiano.edu.br\/unidades\/santaines\/wp-json\/wp\/v2\/posts\/16090\/revisions"}],"predecessor-version":[{"id":16092,"href":"https:\/\/www.ifbaiano.edu.br\/unidades\/santaines\/wp-json\/wp\/v2\/posts\/16090\/revisions\/16092"}],"wp:featuredmedia":[{"embeddable":true,"href":"https:\/\/www.ifbaiano.edu.br\/unidades\/santaines\/wp-json\/wp\/v2\/media\/16091"}],"wp:attachment":[{"href":"https:\/\/www.ifbaiano.edu.br\/unidades\/santaines\/wp-json\/wp\/v2\/media?parent=16090"}],"wp:term":[{"taxonomy":"category","embeddable":true,"href":"https:\/\/www.ifbaiano.edu.br\/unidades\/santaines\/wp-json\/wp\/v2\/categories?post=16090"},{"taxonomy":"post_tag","embeddable":true,"href":"https:\/\/www.ifbaiano.edu.br\/unidades\/santaines\/wp-json\/wp\/v2\/tags?post=16090"}],"curies":[{"name":"wp","href":"https:\/\/api.w.org\/{rel}","templated":true}]}}