{"id":16116,"date":"2022-02-15T17:47:17","date_gmt":"2022-02-15T20:47:17","guid":{"rendered":"https:\/\/www.ifbaiano.edu.br\/unidades\/santaines\/?p=16116"},"modified":"2022-02-15T17:47:17","modified_gmt":"2022-02-15T20:47:17","slug":"campus-santa-ines-agenda-reunioes-para-tratar-sobre-retorno-de-atividades-presenciais","status":"publish","type":"post","link":"https:\/\/www.ifbaiano.edu.br\/unidades\/santaines\/campus-santa-ines-agenda-reunioes-para-tratar-sobre-retorno-de-atividades-presenciais\/","title":{"rendered":"Campus Santa In\u00eas agenda reuni\u00f5es para tratar sobre retorno de atividades presenciais"},"content":{"rendered":"\n<p>Ap\u00f3s a defini\u00e7\u00e3o do retorno \u00e0s atividades presenciais do IF Baiano, conforme \u00a0<a rel=\"noreferrer noopener\" href=\"https:\/\/ifbaiano.edu.br\/portal\/wp-content\/uploads\/2022\/02\/IN-05.pdf\" target=\"_blank\">Instru\u00e7\u00e3o Normativa<\/a>, divulgada no dia 7 de fevereiro, o Campus Santa In\u00eas define datas de retorno por curso e agenda de reuni\u00f5es para orienta\u00e7\u00e3o aos pais e\/ou respons\u00e1veis e estudantes. <\/p>\n\n\n\n<p>As datas para retorno presencial est\u00e3o assim definidas:<\/p>\n\n\n\n<ul><li>Curso T\u00e9cnico em Inform\u00e1tica Subsequente e T\u00e9cnico em Agropecu\u00e1ria &#8211; PROEJA &#8211; dia 07 de mar\u00e7o de 2022;<\/li><li>Cursos T\u00e9cnicos Integrados &#8211;\u00a0dia 14 de mar\u00e7o de 2022;<\/li><li>Curso de Bacharelado em Zootecnia &#8211; dia 28 de mar\u00e7o de 2022.<\/li><\/ul>\n\n\n\n<p>Demais informa\u00e7\u00f5es ser\u00e3o divulgadas posteriormente.<\/p>\n\n\n\n<p>Acompanhe o cronograma de reuni\u00f5es e links para acesso \u00e0s mesmas:<\/p>\n\n\n\n<ul><li>Reuni\u00e3o com os pais &#8211;\u00a0Dia 16\/02\/2022\u00a0\u00e0s 19h<br>Link da videochamada:\u00a0<a rel=\"noreferrer noopener\" target=\"_blank\" href=\"https:\/\/meet.google.com\/ytt-gdra-egh\">https:\/\/meet.google.com\/ytt-gdra-egh<\/a><\/li><\/ul>\n\n\n\n<ul><li>Reuni\u00e3o com os estudantes das 3\u00aa s\u00e9ries &#8211;\u00a017\/02\/2022\u00a0\u00e0s 19:00h<br>Link da videochamada:\u00a0<a rel=\"noreferrer noopener\" target=\"_blank\" href=\"https:\/\/meet.google.com\/fzg-yqkz-kju\">https:\/\/meet.google.com\/fzg-yqkz-kju<\/a><\/li><\/ul>\n\n\n\n<ul><li>Reuni\u00e3o com estudantes da 1\u00aa e 2\u00aa s\u00e9ries &#8211;\u00a018\/02\/2022\u00a0\u00e0s 9:00h<br>Link da videochamada:\u00a0<a rel=\"noreferrer noopener\" target=\"_blank\" href=\"https:\/\/meet.google.com\/zte-hsgh-upt\">https:\/\/meet.google.com\/zte-hsgh-upt<\/a><\/li><\/ul>\n\n\n\n<p>Os estudantes devem enviar o passaporte vacinal atrav\u00e9s do e-mail:\u00a0cae.si@hotmail.com\u00a0at\u00e9 o dia\u00a009 de mar\u00e7o de 2022. As orienta\u00e7\u00f5es sobre o passaporte vacinal podem ser acessadas em <a href=\"https:\/\/www.ifbaiano.edu.br\/unidades\/santaines\/if-baiano-define-datas-e-orientacoes-para-retorno-das-atividades-presenciais\/\">nossa p\u00e1gina<\/a>.<\/p>\n\n\n\n<hr class=\"wp-block-separator\" \/>\n\n\n\n<p><\/p>\n","protected":false},"excerpt":{"rendered":"<p>Ap\u00f3s a defini\u00e7\u00e3o do retorno \u00e0s atividades presenciais do IF Baiano, conforme \u00a0Instru\u00e7\u00e3o Normativa, divulgada no dia 7 de fevereiro, o Campus Santa In\u00eas define datas de retorno por curso e agenda de reuni\u00f5es para orienta\u00e7\u00e3o aos pais e\/ou respons\u00e1veis e estudantes. As datas para retorno presencial est\u00e3o assim definidas: Curso T\u00e9cnico em Inform\u00e1tica Subsequente [&hellip;]<\/p>\n","protected":false},"author":86,"featured_media":0,"comment_status":"closed","ping_status":"closed","sticky":false,"template":"","format":"standard","meta":[],"categories":[4,5,6,57],"tags":[],"_links":{"self":[{"href":"https:\/\/www.ifbaiano.edu.br\/unidades\/santaines\/wp-json\/wp\/v2\/posts\/16116"}],"collection":[{"href":"https:\/\/www.ifbaiano.edu.br\/unidades\/santaines\/wp-json\/wp\/v2\/posts"}],"about":[{"href":"https:\/\/www.ifbaiano.edu.br\/unidades\/santaines\/wp-json\/wp\/v2\/types\/post"}],"author":[{"embeddable":true,"href":"https:\/\/www.ifbaiano.edu.br\/unidades\/santaines\/wp-json\/wp\/v2\/users\/86"}],"replies":[{"embeddable":true,"href":"https:\/\/www.ifbaiano.edu.br\/unidades\/santaines\/wp-json\/wp\/v2\/comments?post=16116"}],"version-history":[{"count":1,"href":"https:\/\/www.ifbaiano.edu.br\/unidades\/santaines\/wp-json\/wp\/v2\/posts\/16116\/revisions"}],"predecessor-version":[{"id":16119,"href":"https:\/\/www.ifbaiano.edu.br\/unidades\/santaines\/wp-json\/wp\/v2\/posts\/16116\/revisions\/16119"}],"wp:attachment":[{"href":"https:\/\/www.ifbaiano.edu.br\/unidades\/santaines\/wp-json\/wp\/v2\/media?parent=16116"}],"wp:term":[{"taxonomy":"category","embeddable":true,"href":"https:\/\/www.ifbaiano.edu.br\/unidades\/santaines\/wp-json\/wp\/v2\/categories?post=16116"},{"taxonomy":"post_tag","embeddable":true,"href":"https:\/\/www.ifbaiano.edu.br\/unidades\/santaines\/wp-json\/wp\/v2\/tags?post=16116"}],"curies":[{"name":"wp","href":"https:\/\/api.w.org\/{rel}","templated":true}]}}