{"id":16127,"date":"2022-02-21T08:08:07","date_gmt":"2022-02-21T11:08:07","guid":{"rendered":"https:\/\/www.ifbaiano.edu.br\/unidades\/santaines\/?p=16127"},"modified":"2022-02-21T08:31:06","modified_gmt":"2022-02-21T11:31:06","slug":"campus-santa-ines-compartilha-minuta-dos-protocolos-setoriais-para-o-retorno-das-atividades-presenciais-para-contribuicao-da-comunidade","status":"publish","type":"post","link":"https:\/\/www.ifbaiano.edu.br\/unidades\/santaines\/campus-santa-ines-compartilha-minuta-dos-protocolos-setoriais-para-o-retorno-das-atividades-presenciais-para-contribuicao-da-comunidade\/","title":{"rendered":"Campus Santa In\u00eas compartilha minuta dos protocolos setoriais para o retorno das atividades presenciais para contribui\u00e7\u00e3o da comunidade"},"content":{"rendered":"\n<p>Foi iniciada, na \u00faltima sexta-feira, 18, a consulta aos servidores do IF Baiano Campus Santa In\u00eas para ci\u00eancia e contribui\u00e7\u00e3o na minuta dos Protocolos Setoriais para o Retorno das Atividades Presenciais Acad\u00eamicas e Administrativa do Campus Santa In\u00eas. O documento estar\u00e1 dispon\u00edvel para contribui\u00e7\u00e3o da comunidade at\u00e9 dia 23\/02 \u00e0s 23h59min.<\/p>\n\n\n\n<p>O documento, elaborado por duas comiss\u00f5es, tem por finalidade nortear a comunidade acad\u00eamica e administrativa, que comp\u00f5em o Instituto Federal de Educa\u00e7\u00e3o, Ci\u00eancia e Tecnologia Baiano Campus Santa In\u00eas, para o retorno seguro ao trabalho, ao atendimento ao p\u00fablico\u00a0 e ao ensino presencial, considerando a avalia\u00e7\u00e3o de riscos e as atividades presenciais desenvolvidas nos setores, seguindo o regramento da Organiza\u00e7\u00e3o Mundial de Sa\u00fade (OMS), dos Minist\u00e9rios da Sa\u00fade e da Educa\u00e7\u00e3o, do Governo do Estado da Bahia e dos Governos Municipais do Estado, por meio das Secretarias Estaduais e Municipais de Sa\u00fade, conforme normativas sanit\u00e1rias vigentes.<\/p>\n\n\n\n<hr class=\"wp-block-separator\" \/>\n\n\n\n<p>Documentos para consulta:<\/p>\n\n\n\n<ul><li><a href=\"https:\/\/www.ifbaiano.edu.br\/unidades\/santaines\/files\/2022\/02\/Minuta-Protocolo-Setorial-IF-Baiano-Santa-Ines.docx\">Minuta dos Protocolos Setoriais para o Retorno das Atividades Presenciais Acad\u00eamicas e Administrativa do Campus Santa In\u00eas<\/a><\/li><li><a href=\"https:\/\/www.ifbaiano.edu.br\/unidades\/santaines\/files\/2021\/10\/BSI-SETEMBRO-2021.pdf\">Portaria 45\/2021 &#8211; CSI-GAB\/CSI-DG\/RET\/IFBAIANO, de 16 de<br>setembro de 2021<\/a> &#8211; Constitui Comiss\u00e3o Acad\u00eamica, Respons\u00e1vel por Planejar e Viabilizar a Implementa\u00e7\u00e3o das Medidas Protetivas e de Apoio \u00e0 Comunidade para o Retorno das Atividades Presenciais, Campus Santa In\u00eas.<\/li><li><a href=\"https:\/\/www.ifbaiano.edu.br\/unidades\/santaines\/files\/2021\/11\/BSI-OUTUBRO-2021.pdf\">Portaria 67\/2021 &#8211; CSI-GAB\/CSI-DG\/RET\/IFBAIANO, de 18 de outubro<\/a> <a href=\"https:\/\/www.ifbaiano.edu.br\/unidades\/santaines\/files\/2021\/11\/BSI-OUTUBRO-2021.pdf\">de 2021<\/a> &#8211; Constitui Comiss\u00e3o Administrativa Respons\u00e1vel por Planejar e Viabilizar a Implementa\u00e7\u00e3o das Medidas Protetivas e de Apoio \u00e0 Comunidade para o Retorno das Atividades Presenciais, Campus Santa In\u00eas.<\/li><li><a href=\"https:\/\/www.ifbaiano.edu.br\/unidades\/santaines\/files\/2022\/01\/BSI-DEZEMBRO-2021.pdf\">Portaria 85\/2021 &#8211; CSI-GAB\/CSI-DG\/RET\/IFBAIANO, de 22 de<\/a> <a href=\"https:\/\/www.ifbaiano.edu.br\/unidades\/santaines\/files\/2022\/01\/BSI-DEZEMBRO-2021.pdf\">dezembro de 2021<\/a> &#8211; Prorroga prazo para conclus\u00e3o dos trabalhos da Comiss\u00e3o Administrativa Respons\u00e1vel por Planejar e Viabilizar a<\/li><li>Implementa\u00e7\u00e3o das Medidas Protetivas e de Apoio \u00e0 Comunidade para o Retorno das Atividades Presenciais, Campus Santa In\u00eas.<\/li><li><a href=\"https:\/\/www.ifbaiano.edu.br\/unidades\/santaines\/files\/2021\/08\/Plano-de-Contingencia.pdf\">Plano de Conting\u00eancia para retorno das atividades presenciais no contexto da pandemia de Covid-19<\/a><\/li><li><a href=\"https:\/\/ifbaiano.edu.br\/portal\/wp-content\/uploads\/2022\/02\/IN-05.pdf\">Instru\u00e7\u00e3o Normativa 5\/2022 &#8211; RET-SCS\/RET-GAB\/RET\/IFBAIANO, DE 5 de fevereiro de 2022<\/a><\/li><li><a href=\"https:\/\/ifbaiano.edu.br\/portal\/wp-content\/uploads\/2022\/02\/Resolucao-183.2022.pdf\">Resolu\u00e7\u00e3o 183\/2022 \u2013 CONSUP\/IFBAIANO, DE 3 DE FEVEREIRO DE 2022<\/a><\/li><li><a href=\"https:\/\/ifbaiano.edu.br\/portal\/wp-content\/uploads\/2022\/02\/IN-Conjunta-no-06.2022-RET-SCS.pdf\">Instru\u00e7\u00e3o Normativa 6\/2022 \u2013 RET-SCS\/RET-GAB\/RET\/IFBAIANO, DE 18 de fevereiro de 2022<\/a><\/li><\/ul>\n\n\n\n<hr class=\"wp-block-separator\" \/>\n\n\n\n<p><\/p>\n","protected":false},"excerpt":{"rendered":"<p>As contribui\u00e7\u00f5es devem ser feitas at\u00e9 o dia 23\/02 \u00e0s 23h59min<\/p>\n","protected":false},"author":86,"featured_media":16096,"comment_status":"closed","ping_status":"closed","sticky":false,"template":"","format":"standard","meta":[],"categories":[4,5,57],"tags":[],"_links":{"self":[{"href":"https:\/\/www.ifbaiano.edu.br\/unidades\/santaines\/wp-json\/wp\/v2\/posts\/16127"}],"collection":[{"href":"https:\/\/www.ifbaiano.edu.br\/unidades\/santaines\/wp-json\/wp\/v2\/posts"}],"about":[{"href":"https:\/\/www.ifbaiano.edu.br\/unidades\/santaines\/wp-json\/wp\/v2\/types\/post"}],"author":[{"embeddable":true,"href":"https:\/\/www.ifbaiano.edu.br\/unidades\/santaines\/wp-json\/wp\/v2\/users\/86"}],"replies":[{"embeddable":true,"href":"https:\/\/www.ifbaiano.edu.br\/unidades\/santaines\/wp-json\/wp\/v2\/comments?post=16127"}],"version-history":[{"count":4,"href":"https:\/\/www.ifbaiano.edu.br\/unidades\/santaines\/wp-json\/wp\/v2\/posts\/16127\/revisions"}],"predecessor-version":[{"id":16134,"href":"https:\/\/www.ifbaiano.edu.br\/unidades\/santaines\/wp-json\/wp\/v2\/posts\/16127\/revisions\/16134"}],"wp:featuredmedia":[{"embeddable":true,"href":"https:\/\/www.ifbaiano.edu.br\/unidades\/santaines\/wp-json\/wp\/v2\/media\/16096"}],"wp:attachment":[{"href":"https:\/\/www.ifbaiano.edu.br\/unidades\/santaines\/wp-json\/wp\/v2\/media?parent=16127"}],"wp:term":[{"taxonomy":"category","embeddable":true,"href":"https:\/\/www.ifbaiano.edu.br\/unidades\/santaines\/wp-json\/wp\/v2\/categories?post=16127"},{"taxonomy":"post_tag","embeddable":true,"href":"https:\/\/www.ifbaiano.edu.br\/unidades\/santaines\/wp-json\/wp\/v2\/tags?post=16127"}],"curies":[{"name":"wp","href":"https:\/\/api.w.org\/{rel}","templated":true}]}}