{"id":16146,"date":"2022-03-04T11:33:00","date_gmt":"2022-03-04T14:33:00","guid":{"rendered":"https:\/\/www.ifbaiano.edu.br\/unidades\/santaines\/?p=16146"},"modified":"2022-03-04T11:53:10","modified_gmt":"2022-03-04T14:53:10","slug":"informacao-sobre-aulas-presenciais","status":"publish","type":"post","link":"https:\/\/www.ifbaiano.edu.br\/unidades\/santaines\/informacao-sobre-aulas-presenciais\/","title":{"rendered":"Informa\u00e7\u00f5es sobre aulas presenciais"},"content":{"rendered":"\n<p>A diretoria Acad\u00eamica do IF Baiano &#8211; Campus Santa In\u00eas informa que os Cursos T\u00e9cnicos Integrados em Agropecu\u00e1ria, Alimentos e Zootecnia ir\u00e3o funcionar em formato de rod\u00edzio para as aulas presenciais que essa modalidade ir\u00e1 funcionar de forma h\u00edbrida (presencial e com atividades remotas).<\/p>\n\n\n\n<p>Para saber se as aulas presenciais iniciar\u00e3o dia 14 ou&nbsp;28 de mar\u00e7o de 2022, o(a) estudante precisa acessar a lista abaixo:<\/p>\n\n\n\n<ul id=\"block-6de8383e-53a3-40a5-b9c1-e3555ba16dac\"><li><a href=\"https:\/\/www.ifbaiano.edu.br\/unidades\/santaines\/files\/2022\/02\/TURMAS-PRESENCIAIS-GRUPO-1-14.03.2022.pdf\">TURMAS PRESENCIAIS &#8211; GRUPO 1 (14.03.2022)<\/a><\/li><li><a href=\"https:\/\/www.ifbaiano.edu.br\/unidades\/santaines\/files\/2022\/02\/TURMAS-PRESENCIAIS-GRUPO-2-28.03.2022.pdf\">TURMAS PRESENCIAIS &#8211; GRUPO 2 (28.03.2022)<\/a><\/li><\/ul>\n\n\n\n<p>Qualquer d\u00favida ou solicita\u00e7\u00e3o de altera\u00e7\u00e3o (somente referente a transporte) dever\u00e3o ser encaminhadas ao e-mail da&nbsp;diretoriaacademica@si.ifbaiano.edu.br, impreterivelmente at\u00e9 o dia&nbsp;<strong>02 de mar\u00e7o de 2022<\/strong>.<\/p>\n\n\n\n<p>A Diretoria Acad\u00eamica tamb\u00e9m refor\u00e7a que apenas solicita\u00e7\u00f5es referentes aos grupos para uso de\u00a0transporte coletivo\u00a0ser\u00e3o atendidas.<\/p>\n\n\n\n<hr class=\"wp-block-separator\" \/>\n\n\n\n<p>ATEN\u00c7\u00c3O! As\u00a0listas para aulas presenciais dos Cursos T\u00e9cnicos Integrados em Agropecu\u00e1ria, Alimentos e Zootecnia\u00a0foram atualizadas. Acesse a lista para confirmar o in\u00edcio de\u00a0suas aulas presenciais:<\/p>\n\n\n\n<ul id=\"block-6de8383e-53a3-40a5-b9c1-e3555ba16dac\"><li><a href=\"https:\/\/www.ifbaiano.edu.br\/unidades\/santaines\/files\/2022\/03\/TURMAS-PRESENCIAIS-GRUPO-1-14.03.2022-ATUALIZADA-EM-03.03.2022.pdf\">TURMAS PRESENCIAIS &#8211; GRUPO 1 (14.03.2022)<\/a> &#8211; Lista atualizada em 03\/03\/2022<\/li><li><a href=\"http:\/\/TURMAS PRESENCIAIS - GRUPO 2 (28.03.2022)\">TURMAS PRESENCIAIS &#8211; GRUPO 2 (28.03.2022)<\/a> &#8211; Lista atualizada em 03\/03\/2022<\/li><\/ul>\n\n\n\n<hr class=\"wp-block-separator\" \/>\n","protected":false},"excerpt":{"rendered":"<p>A diretoria Acad\u00eamica do IF Baiano &#8211; Campus Santa In\u00eas informa que os Cursos T\u00e9cnicos Integrados em Agropecu\u00e1ria, Alimentos e Zootecnia ir\u00e3o funcionar em formato de rod\u00edzio para as aulas presenciais que essa modalidade ir\u00e1 funcionar de forma h\u00edbrida (presencial e com atividades remotas). Para saber se as aulas presenciais iniciar\u00e3o dia 14 ou&nbsp;28 de [&hellip;]<\/p>\n","protected":false},"author":86,"featured_media":0,"comment_status":"closed","ping_status":"closed","sticky":false,"template":"","format":"standard","meta":[],"categories":[4,38,13,5,6,10,57],"tags":[],"_links":{"self":[{"href":"https:\/\/www.ifbaiano.edu.br\/unidades\/santaines\/wp-json\/wp\/v2\/posts\/16146"}],"collection":[{"href":"https:\/\/www.ifbaiano.edu.br\/unidades\/santaines\/wp-json\/wp\/v2\/posts"}],"about":[{"href":"https:\/\/www.ifbaiano.edu.br\/unidades\/santaines\/wp-json\/wp\/v2\/types\/post"}],"author":[{"embeddable":true,"href":"https:\/\/www.ifbaiano.edu.br\/unidades\/santaines\/wp-json\/wp\/v2\/users\/86"}],"replies":[{"embeddable":true,"href":"https:\/\/www.ifbaiano.edu.br\/unidades\/santaines\/wp-json\/wp\/v2\/comments?post=16146"}],"version-history":[{"count":4,"href":"https:\/\/www.ifbaiano.edu.br\/unidades\/santaines\/wp-json\/wp\/v2\/posts\/16146\/revisions"}],"predecessor-version":[{"id":16197,"href":"https:\/\/www.ifbaiano.edu.br\/unidades\/santaines\/wp-json\/wp\/v2\/posts\/16146\/revisions\/16197"}],"wp:attachment":[{"href":"https:\/\/www.ifbaiano.edu.br\/unidades\/santaines\/wp-json\/wp\/v2\/media?parent=16146"}],"wp:term":[{"taxonomy":"category","embeddable":true,"href":"https:\/\/www.ifbaiano.edu.br\/unidades\/santaines\/wp-json\/wp\/v2\/categories?post=16146"},{"taxonomy":"post_tag","embeddable":true,"href":"https:\/\/www.ifbaiano.edu.br\/unidades\/santaines\/wp-json\/wp\/v2\/tags?post=16146"}],"curies":[{"name":"wp","href":"https:\/\/api.w.org\/{rel}","templated":true}]}}