{"id":16153,"date":"2022-02-25T11:13:55","date_gmt":"2022-02-25T14:13:55","guid":{"rendered":"https:\/\/www.ifbaiano.edu.br\/unidades\/santaines\/?p=16153"},"modified":"2022-02-25T13:25:00","modified_gmt":"2022-02-25T16:25:00","slug":"if-baiano-convoca-para-matricula-candidatosas-aprovadosas-nos-cursos-de-graduacao","status":"publish","type":"post","link":"https:\/\/www.ifbaiano.edu.br\/unidades\/santaines\/if-baiano-convoca-para-matricula-candidatosas-aprovadosas-nos-cursos-de-graduacao\/","title":{"rendered":"IF Baiano convoca, para matr\u00edcula, candidatos(as) aprovados(as) nos cursos de gradua\u00e7\u00e3o"},"content":{"rendered":"\n<p>O IF Baiano utilizar\u00e1 o Sistema de Sele\u00e7\u00e3o Unificada (SiSU), para matr\u00edcula e listas de espera. Os candidatos(as) aprovados(as) nos cursos de gradua\u00e7\u00e3o ofertados pelo Institututo Federal<br>de Educa\u00e7\u00e3o Ci\u00eancia e Tecnologia Baiano, para ingresso no 1\u00ba semestre de 2022 j\u00e1 podem efetuar sua matr\u00edcula de forma EXCLUSIVAMENTE eletr\u00f4nica atrav\u00e9s do envio da documenta\u00e7\u00e3o exigida para o email:\u00a0prosel.sisu@si.ifbaiano.edu.br at\u00e9 o dia 08 de mar\u00e7o de 2022.<\/p>\n\n\n\n<p>O formul\u00e1rio de matr\u00edcula est\u00e1 dispon\u00edvel na <a href=\"https:\/\/sisu.ifbaiano.edu.br\">P\u00e1gina do SiSU<\/a>. O e-mail encaminhado para comprova\u00e7\u00e3o da matr\u00edcula dever\u00e1 ter como assunto: <strong>Matr\u00edcula Sisu 2022.1<\/strong> <strong>&#8211; Nome do Candidato &#8211; Curso e campus<\/strong>. No corpo do e-mail, o Candidato deve listar os nomes de todos os documentos e anexos contidos. A rela\u00e7\u00e3o de documentos para a matr\u00edcula conforme a modalidade de vaga consta no item 2 do <a href=\"https:\/\/concurso.ifbaiano.edu.br\/portal\/sisu2022-1\/wp-content\/uploads\/sites\/520\/2022\/02\/Edital-20_2022-Chamada-para-Matriculas-e-Listas-de-Espera-SISU-2022.1.pdf\">Edital n\u00ba 20\/2022<\/a>. <\/p>\n\n\n\n<p>Os(as) candidatos(as) devem ficar atentos(as) \u00e0s informa\u00e7\u00f5es constantes no Edital, pois \u00e9 de sua responsabilidade exclusiva a observ\u00e2ncia dos procedimentos e prazos estabelecidos no Edital, bem como a apresenta\u00e7\u00e3o dos documentos exigidos para a matr\u00edcula.<\/p>\n\n\n\n<p>Ressalta-se que \u00e9 responsabilidade do(a) candidato(a) a digitaliza\u00e7\u00e3o <strong>leg\u00edvel <\/strong>dos documentos a serem encaminhados. <\/p>\n\n\n\n<hr class=\"wp-block-separator\" \/>\n\n\n\n<p>Documentos importantes:<\/p>\n\n\n\n<ul><li><a rel=\"noreferrer noopener\" target=\"_blank\" href=\"https:\/\/concurso.ifbaiano.edu.br\/portal\/sisu2022-1\/wp-content\/uploads\/sites\/520\/2022\/01\/Edital-05_2022-SISU-2022_1.pdf\">Edital n\u00ba 05<\/a>     <\/li><li><a rel=\"noreferrer noopener\" target=\"_blank\" href=\"https:\/\/concurso.ifbaiano.edu.br\/portal\/sisu2022-1\/wp-content\/uploads\/sites\/520\/2022\/02\/Retificacao-do-Edital.pdf\">Retifica\u00e7\u00e3o do Edital<\/a><\/li><li><a rel=\"noreferrer noopener\" target=\"_blank\" href=\"https:\/\/concurso.ifbaiano.edu.br\/portal\/sisu2022-1\/wp-content\/uploads\/sites\/520\/2022\/02\/Edital-20_2022-Chamada-para-Matriculas-e-Listas-de-Espera-SISU-2022.1.pdf\">Edital n\u00ba 20 \u2013 Chamada para Matr\u00edculas e Listas de Espera<\/a><\/li><li><a rel=\"noreferrer noopener\" target=\"_blank\" href=\"https:\/\/concurso.ifbaiano.edu.br\/portal\/sisu2022-1\/wp-content\/uploads\/sites\/520\/2022\/02\/Resultado-Chamada-Regular-Campus-Santa-Ines.pdf\">Resultado Chamada Regular \u2013 Campus Santa In\u00eas<\/a><\/li><\/ul>\n\n\n\n<hr class=\"wp-block-separator\" \/>\n\n\n\n<p>D\u00favidas e\/ou informa\u00e7\u00f5es dever\u00e3o ser encaminhadas para: prosel.sisu@si.ifbaiano.edu.br<\/p>\n\n\n\n<hr class=\"wp-block-separator\" \/>\n","protected":false},"excerpt":{"rendered":"<p>Per\u00edodo de matr\u00edculas: 23 de fevereiro a 08 de mar\u00e7o de 2022.<\/p>\n","protected":false},"author":86,"featured_media":16082,"comment_status":"closed","ping_status":"closed","sticky":false,"template":"","format":"standard","meta":[],"categories":[4,5,57],"tags":[],"_links":{"self":[{"href":"https:\/\/www.ifbaiano.edu.br\/unidades\/santaines\/wp-json\/wp\/v2\/posts\/16153"}],"collection":[{"href":"https:\/\/www.ifbaiano.edu.br\/unidades\/santaines\/wp-json\/wp\/v2\/posts"}],"about":[{"href":"https:\/\/www.ifbaiano.edu.br\/unidades\/santaines\/wp-json\/wp\/v2\/types\/post"}],"author":[{"embeddable":true,"href":"https:\/\/www.ifbaiano.edu.br\/unidades\/santaines\/wp-json\/wp\/v2\/users\/86"}],"replies":[{"embeddable":true,"href":"https:\/\/www.ifbaiano.edu.br\/unidades\/santaines\/wp-json\/wp\/v2\/comments?post=16153"}],"version-history":[{"count":2,"href":"https:\/\/www.ifbaiano.edu.br\/unidades\/santaines\/wp-json\/wp\/v2\/posts\/16153\/revisions"}],"predecessor-version":[{"id":16156,"href":"https:\/\/www.ifbaiano.edu.br\/unidades\/santaines\/wp-json\/wp\/v2\/posts\/16153\/revisions\/16156"}],"wp:featuredmedia":[{"embeddable":true,"href":"https:\/\/www.ifbaiano.edu.br\/unidades\/santaines\/wp-json\/wp\/v2\/media\/16082"}],"wp:attachment":[{"href":"https:\/\/www.ifbaiano.edu.br\/unidades\/santaines\/wp-json\/wp\/v2\/media?parent=16153"}],"wp:term":[{"taxonomy":"category","embeddable":true,"href":"https:\/\/www.ifbaiano.edu.br\/unidades\/santaines\/wp-json\/wp\/v2\/categories?post=16153"},{"taxonomy":"post_tag","embeddable":true,"href":"https:\/\/www.ifbaiano.edu.br\/unidades\/santaines\/wp-json\/wp\/v2\/tags?post=16153"}],"curies":[{"name":"wp","href":"https:\/\/api.w.org\/{rel}","templated":true}]}}