{"id":16178,"date":"2022-03-02T17:50:06","date_gmt":"2022-03-02T20:50:06","guid":{"rendered":"https:\/\/www.ifbaiano.edu.br\/unidades\/santaines\/?p=16178"},"modified":"2022-03-02T17:50:07","modified_gmt":"2022-03-02T20:50:07","slug":"participe-da-pesquisa-sobre-qualidade-do-atendimento-do-if-baiano","status":"publish","type":"post","link":"https:\/\/www.ifbaiano.edu.br\/unidades\/santaines\/participe-da-pesquisa-sobre-qualidade-do-atendimento-do-if-baiano\/","title":{"rendered":"Participe da pesquisa sobre qualidade do atendimento do IF Baiano"},"content":{"rendered":"\n<p>Servidores, estudantes, egressos e comunidade externa ao IF Baiano podem responder de 28 de fevereiro a 15 de mar\u00e7o \u00e0 \u2018Pesquisa da Qualidade do IF Baiano\u2019. O question\u00e1rio estar\u00e1 dispon\u00edvel na plataforma Opina, com acesso&nbsp;<em><a href=\"https:\/\/opinanovo.ifbaiano.edu.br\/index.php\/survey\/index\/sid\/783164\/newtest\/Y\/lang\/pt-BR\">neste link<\/a><\/em>.&nbsp;<\/p>\n\n\n\n<p>O objetivo da pesquisa, desenvolvida pela Pr\u00f3-reitoria de Desenvolvimento Institucional, \u00e9 medir a satisfa\u00e7\u00e3o aos servi\u00e7os ofertados pelo IF Baiano aos seus usu\u00e1rios, para que seja poss\u00edvel avaliar quais \u00e1reas necessitam de melhorias.<\/p>\n\n\n\n<p>A avalia\u00e7\u00e3o tamb\u00e9m tem como intuito fortalecer o di\u00e1logo como a comunidade interna e externa, tendo em vista o aprimoramento da presta\u00e7\u00e3o de servi\u00e7o do Instituto e a identifica\u00e7\u00e3o de novas estrat\u00e9gias de gest\u00e3o.<\/p>\n\n\n\n<p>O question\u00e1rio possui perguntas objetivas que buscam aferir o n\u00edvel de satisfa\u00e7\u00e3o de servi\u00e7os prestados pelo IF Baiano. O respondente ir\u00e1 avaliar cada t\u00f3pico com base em uma escala de satisfa\u00e7\u00e3o (excelente, bom, regular, insuficiente, ruim). Ao final, \u00e9 disponibilizado um espa\u00e7o para registro de sugest\u00f5es e\/ou reclama\u00e7\u00f5es.<\/p>\n\n\n\n<p>Para mais informa\u00e7\u00f5es sobre a pesquisa, entre em contato com:\u00a0<a href=\"mailto:prodin@ifbaiano.edu.br\">prodin@ifbaiano.edu.br<\/a><\/p>\n\n\n\n<hr class=\"wp-block-separator\" \/>\n\n\n\n<p>Mat\u00e9ria ASCOM dispon\u00edvel em: https:\/\/ifbaiano.edu.br\/portal\/blog\/pesquisa-sobre-qualidade-do-atendimento-do-if-baiano\/<\/p>\n","protected":false},"excerpt":{"rendered":"<p>Servidores, estudantes, egressos e comunidade externa ao IF Baiano podem responder de 28 de fevereiro a 15 de mar\u00e7o \u00e0 \u2018Pesquisa da Qualidade do IF Baiano\u2019. O question\u00e1rio estar\u00e1 dispon\u00edvel na plataforma Opina, com acesso&nbsp;neste link.&nbsp; O objetivo da pesquisa, desenvolvida pela Pr\u00f3-reitoria de Desenvolvimento Institucional, \u00e9 medir a satisfa\u00e7\u00e3o aos servi\u00e7os ofertados pelo IF [&hellip;]<\/p>\n","protected":false},"author":86,"featured_media":16179,"comment_status":"closed","ping_status":"closed","sticky":false,"template":"","format":"standard","meta":[],"categories":[4,5,57],"tags":[],"_links":{"self":[{"href":"https:\/\/www.ifbaiano.edu.br\/unidades\/santaines\/wp-json\/wp\/v2\/posts\/16178"}],"collection":[{"href":"https:\/\/www.ifbaiano.edu.br\/unidades\/santaines\/wp-json\/wp\/v2\/posts"}],"about":[{"href":"https:\/\/www.ifbaiano.edu.br\/unidades\/santaines\/wp-json\/wp\/v2\/types\/post"}],"author":[{"embeddable":true,"href":"https:\/\/www.ifbaiano.edu.br\/unidades\/santaines\/wp-json\/wp\/v2\/users\/86"}],"replies":[{"embeddable":true,"href":"https:\/\/www.ifbaiano.edu.br\/unidades\/santaines\/wp-json\/wp\/v2\/comments?post=16178"}],"version-history":[{"count":1,"href":"https:\/\/www.ifbaiano.edu.br\/unidades\/santaines\/wp-json\/wp\/v2\/posts\/16178\/revisions"}],"predecessor-version":[{"id":16180,"href":"https:\/\/www.ifbaiano.edu.br\/unidades\/santaines\/wp-json\/wp\/v2\/posts\/16178\/revisions\/16180"}],"wp:featuredmedia":[{"embeddable":true,"href":"https:\/\/www.ifbaiano.edu.br\/unidades\/santaines\/wp-json\/wp\/v2\/media\/16179"}],"wp:attachment":[{"href":"https:\/\/www.ifbaiano.edu.br\/unidades\/santaines\/wp-json\/wp\/v2\/media?parent=16178"}],"wp:term":[{"taxonomy":"category","embeddable":true,"href":"https:\/\/www.ifbaiano.edu.br\/unidades\/santaines\/wp-json\/wp\/v2\/categories?post=16178"},{"taxonomy":"post_tag","embeddable":true,"href":"https:\/\/www.ifbaiano.edu.br\/unidades\/santaines\/wp-json\/wp\/v2\/tags?post=16178"}],"curies":[{"name":"wp","href":"https:\/\/api.w.org\/{rel}","templated":true}]}}