{"id":16189,"date":"2022-03-14T11:40:00","date_gmt":"2022-03-14T14:40:00","guid":{"rendered":"https:\/\/www.ifbaiano.edu.br\/unidades\/santaines\/?p=16189"},"modified":"2022-03-16T08:27:04","modified_gmt":"2022-03-16T11:27:04","slug":"campus-santa-ines-abre-processo-seletivo-para-residencia-estudantil-2022","status":"publish","type":"post","link":"https:\/\/www.ifbaiano.edu.br\/unidades\/santaines\/campus-santa-ines-abre-processo-seletivo-para-residencia-estudantil-2022\/","title":{"rendered":"Campus Santa In\u00eas abre processo seletivo para Resid\u00eancia Estudantil 2022"},"content":{"rendered":"\n<p>Estudantes interessados nas vagas para moradia interna, em Regime de Internato Pleno (RIP), no ano letivo de 2021 devem ficar atentos ao per\u00edodo de inscri\u00e7\u00f5es estabelecido no <a href=\"https:\/\/concurso.ifbaiano.edu.br\/portal\/vagas-residencia-estudantil-santa-ines-marco-2022\/wp-content\/uploads\/sites\/552\/2022\/03\/Edital-no-08.pdf\">Edital do Processo Seletivo<\/a> para a Resid\u00eancia Estudantil 2022, que acontecem nos dias 10 e 11\/03\/2022.<\/p>\n\n\n\n<p>A Resid\u00eancia Estudantil integra a Pol\u00edtica de Assist\u00eancia Estudantil do IF Baiano e destina-se aos estudantes regularmente matriculados, com renda de at\u00e9 um sal\u00e1rio m\u00ednimo e meio per capita &#8211; conforme definido no <a href=\"http:\/\/www.planalto.gov.br\/ccivil_03\/_ato2007-2010\/2010\/decreto\/d7234.htm\">Decreto N\u00b0 7.234, de 19 de julho de 2010<\/a>, que disp\u00f5e sobre o Programa Nacional de Assist\u00eancia Estudantil &#8211; PNAES e consiste em viabilizar a perman\u00eancia integral de estudantes que v\u00eam de outro Estado, munic\u00edpio ou zona rural de Santa In\u00eas, podendo atender a ambos os sexos, preferencialmente adolescentes na idade entre 12 e 17 anos que estejam em situa\u00e7\u00e3o de vulnerabilidade<br>socioecon\u00f4mica.<\/p>\n\n\n\n<p>As inscri\u00e7\u00f5es do referido processo ocorrer\u00e3o por meio de envio para o e-mail clae.ifsi@gmail.com da seguinte documenta\u00e7\u00e3o: <\/p>\n\n\n\n<ul><li>RG do estudante; <\/li><li>Comprovante de matricula;<\/li><li>Comprovante de resid\u00eancia atualizado em nome do respons\u00e1vel;<\/li><li>Espelho do CAD \u00danico em nome do estudante;<\/li><li><a href=\"https:\/\/www.ifbaiano.edu.br\/unidades\/santaines\/files\/2022\/03\/FICHA-DE-INSCRICAO-ANEXO-II-Edital-08_2022.pdf\">Ficha de Inscri\u00e7\u00e3o devidamente assinada pelo respons\u00e1vel<\/a><\/li><\/ul>\n\n\n\n<p>\u00c9 imprescind\u00edvel que o(a) candidato(a) leia o edital para saber todas as informa\u00e7\u00f5es e procedimentos referentes ao processo seletivo.<\/p>\n\n\n\n<hr class=\"wp-block-separator\" \/>\n\n\n\n<p>Documentos\/Etapas do Processo Seletivo:<\/p>\n\n\n\n<ul><li><a rel=\"noreferrer noopener\" target=\"_blank\" href=\"https:\/\/concurso.ifbaiano.edu.br\/portal\/vagas-residencia-estudantil-santa-ines-marco-2022\/wp-content\/uploads\/sites\/552\/2022\/03\/Edital-no-08.pdf\">Edital n\u00ba 08\/2022<\/a> &#8211; 04\/03\/2022<\/li><li><a href=\"https:\/\/www.ifbaiano.edu.br\/unidades\/santaines\/files\/2022\/03\/FICHA-DE-INSCRICAO-ANEXO-II-Edital-08_2022.pdf\">Ficha de Inscri\u00e7\u00e3o<\/a> &#8211; 04\/03\/2022<\/li><li><a href=\"https:\/\/concurso.ifbaiano.edu.br\/portal\/vagas-residencia-estudantil-santa-ines-marco-2022\/wp-content\/uploads\/sites\/552\/2022\/03\/Resutado-preliminar-Residencia-Estudantil-Vagas-Remanescentes.pdf\">Resultado Preliminar<\/a> &#8211; 14\/03\/2022<\/li><li><a rel=\"noreferrer noopener\" target=\"_blank\" href=\"https:\/\/concurso.ifbaiano.edu.br\/portal\/vagas-residencia-estudantil-santa-ines-marco-2022\/wp-content\/uploads\/sites\/552\/2022\/03\/resultado-definitivo-residencia-estudantil.pdf\">Resultado Definitivo<\/a> &#8211; 16\/03\/2022<\/li><\/ul>\n","protected":false},"excerpt":{"rendered":"<p>As inscri\u00e7\u00f5es acontecem acontecem nos dias 10 e 11\/03\/2022<\/p>\n","protected":false},"author":86,"featured_media":0,"comment_status":"closed","ping_status":"closed","sticky":false,"template":"","format":"standard","meta":[],"categories":[4,5,8,57],"tags":[],"_links":{"self":[{"href":"https:\/\/www.ifbaiano.edu.br\/unidades\/santaines\/wp-json\/wp\/v2\/posts\/16189"}],"collection":[{"href":"https:\/\/www.ifbaiano.edu.br\/unidades\/santaines\/wp-json\/wp\/v2\/posts"}],"about":[{"href":"https:\/\/www.ifbaiano.edu.br\/unidades\/santaines\/wp-json\/wp\/v2\/types\/post"}],"author":[{"embeddable":true,"href":"https:\/\/www.ifbaiano.edu.br\/unidades\/santaines\/wp-json\/wp\/v2\/users\/86"}],"replies":[{"embeddable":true,"href":"https:\/\/www.ifbaiano.edu.br\/unidades\/santaines\/wp-json\/wp\/v2\/comments?post=16189"}],"version-history":[{"count":3,"href":"https:\/\/www.ifbaiano.edu.br\/unidades\/santaines\/wp-json\/wp\/v2\/posts\/16189\/revisions"}],"predecessor-version":[{"id":16231,"href":"https:\/\/www.ifbaiano.edu.br\/unidades\/santaines\/wp-json\/wp\/v2\/posts\/16189\/revisions\/16231"}],"wp:attachment":[{"href":"https:\/\/www.ifbaiano.edu.br\/unidades\/santaines\/wp-json\/wp\/v2\/media?parent=16189"}],"wp:term":[{"taxonomy":"category","embeddable":true,"href":"https:\/\/www.ifbaiano.edu.br\/unidades\/santaines\/wp-json\/wp\/v2\/categories?post=16189"},{"taxonomy":"post_tag","embeddable":true,"href":"https:\/\/www.ifbaiano.edu.br\/unidades\/santaines\/wp-json\/wp\/v2\/tags?post=16189"}],"curies":[{"name":"wp","href":"https:\/\/api.w.org\/{rel}","templated":true}]}}