{"id":16198,"date":"2022-03-04T14:25:36","date_gmt":"2022-03-04T17:25:36","guid":{"rendered":"https:\/\/www.ifbaiano.edu.br\/unidades\/santaines\/?p=16198"},"modified":"2022-03-04T14:25:36","modified_gmt":"2022-03-04T17:25:36","slug":"if-baiano-promove-live-para-apresentar-programa-de-estagio-nos-eua","status":"publish","type":"post","link":"https:\/\/www.ifbaiano.edu.br\/unidades\/santaines\/if-baiano-promove-live-para-apresentar-programa-de-estagio-nos-eua\/","title":{"rendered":"IF Baiano promove live para apresentar programa de est\u00e1gio nos EUA"},"content":{"rendered":"\n<p>A Pr\u00f3-reitoria de Pesquisa do IF Baiano (Propes) realiza, na pr\u00f3xima segunda-feira, 7 de mar\u00e7o, \u00e0s 19h30,&nbsp;<em>live&nbsp;<\/em>de apresenta\u00e7\u00e3o de programa de est\u00e1gio em ci\u00eancias nos Estados Unidos, com a participa\u00e7\u00e3o do Doutor em Engenharia Biomolecular e Bioinform\u00e1tica e mentor do programa, Gepoliano Chaves e media\u00e7\u00e3o do Coordenador Geral de P\u00f3s-Gradua\u00e7\u00e3o do IF Baiano, Eduardo Perovano.&nbsp;<\/p>\n\n\n\n<p>O evento tem como p\u00fablico-alvo estudantes dos cursos de n\u00edvel m\u00e9dio, professores e t\u00e9cnicos administrativos. A transmiss\u00e3o ser\u00e1 realizada via plataforma RNP.<\/p>\n\n\n\n<p>O objetivo da palestra \u00e9 divulgar a oportunidade do Programa de Est\u00e1gio em Ci\u00eancia (<a href=\"https:\/\/sip.ucsc.edu\/\">Science Internship Program<\/a>&nbsp;\u2013 SIP) para estudantes do IF Baiano. Realizado nos Estados Unidos, o programa promove o contato entre estudantes de ensino m\u00e9dio e professores e alunos de p\u00f3s-gradua\u00e7\u00e3o das universidades da Calif\u00f3rnia e de Chicago. Tem dura\u00e7\u00e3o de 08 a 10 semanas e ocorre entre junho e agosto de 2022.&nbsp;<\/p>\n\n\n\n<p>A oportunidade ser\u00e1 apresentada pelo p\u00f3s-doutorando na Universidade de Chicago, Gepoliano Chaves, que \u00e9 egresso do IF Baiano e mentor do programa h\u00e1 sete anos. Pesquisador, Chaves atua hoje no desenvolvimento de projetos na \u00e1rea de sequenciamento de pr\u00f3xima gera\u00e7\u00e3o (NGS), bioinform\u00e1tica e sequenciamento de RNA.&nbsp;<\/p>\n\n\n\n<p>\u201cTamb\u00e9m ser\u00e1 discutida ajuda financeira parcial ou total para participa\u00e7\u00e3o do estudante brasileiro no programa. Finalmente, apresentarei minha \u00e1rea de mentoria particular no SIP, a Biologia Computacional. Falarei do uso de programas de computador para an\u00e1lise de informa\u00e7\u00e3o gen\u00e9tica de organismos como SARS-CoV-2 e humanos\u201d, explica o palestrante.&nbsp;<\/p>\n\n\n\n<p><strong>Participe<\/strong>:<\/p>\n\n\n\n<p>Apresenta\u00e7\u00e3o do Programa de Est\u00e1gio em Ci\u00eancias<br>Segunda-feira, 07 de mar\u00e7o, \u00e0s 19:30h<br><a href=\"https:\/\/conferenciaweb.rnp.br\/conference\/rooms\/propes-ifbaiano\/invite\"><strong>Link da transmiss\u00e3o<\/strong><\/a><\/p>\n\n\n\n<hr class=\"wp-block-separator\" \/>\n\n\n\n<p>Mat\u00e9ria ASCOM dispon\u00edvel em: https:\/\/ifbaiano.edu.br\/portal\/blog\/if-baiano-promove-evento-para-apresentar-programa-de-estagio-nos-eua\/<\/p>\n","protected":false},"excerpt":{"rendered":"<p>A Pr\u00f3-reitoria de Pesquisa do IF Baiano (Propes) realiza, na pr\u00f3xima segunda-feira, 7 de mar\u00e7o, \u00e0s 19h30,&nbsp;live&nbsp;de apresenta\u00e7\u00e3o de programa de est\u00e1gio em ci\u00eancias nos Estados Unidos, com a participa\u00e7\u00e3o do Doutor em Engenharia Biomolecular e Bioinform\u00e1tica e mentor do programa, Gepoliano Chaves e media\u00e7\u00e3o do Coordenador Geral de P\u00f3s-Gradua\u00e7\u00e3o do IF Baiano, Eduardo Perovano.&nbsp; [&hellip;]<\/p>\n","protected":false},"author":86,"featured_media":0,"comment_status":"closed","ping_status":"closed","sticky":false,"template":"","format":"standard","meta":[],"categories":[4,19,10,57],"tags":[],"_links":{"self":[{"href":"https:\/\/www.ifbaiano.edu.br\/unidades\/santaines\/wp-json\/wp\/v2\/posts\/16198"}],"collection":[{"href":"https:\/\/www.ifbaiano.edu.br\/unidades\/santaines\/wp-json\/wp\/v2\/posts"}],"about":[{"href":"https:\/\/www.ifbaiano.edu.br\/unidades\/santaines\/wp-json\/wp\/v2\/types\/post"}],"author":[{"embeddable":true,"href":"https:\/\/www.ifbaiano.edu.br\/unidades\/santaines\/wp-json\/wp\/v2\/users\/86"}],"replies":[{"embeddable":true,"href":"https:\/\/www.ifbaiano.edu.br\/unidades\/santaines\/wp-json\/wp\/v2\/comments?post=16198"}],"version-history":[{"count":1,"href":"https:\/\/www.ifbaiano.edu.br\/unidades\/santaines\/wp-json\/wp\/v2\/posts\/16198\/revisions"}],"predecessor-version":[{"id":16199,"href":"https:\/\/www.ifbaiano.edu.br\/unidades\/santaines\/wp-json\/wp\/v2\/posts\/16198\/revisions\/16199"}],"wp:attachment":[{"href":"https:\/\/www.ifbaiano.edu.br\/unidades\/santaines\/wp-json\/wp\/v2\/media?parent=16198"}],"wp:term":[{"taxonomy":"category","embeddable":true,"href":"https:\/\/www.ifbaiano.edu.br\/unidades\/santaines\/wp-json\/wp\/v2\/categories?post=16198"},{"taxonomy":"post_tag","embeddable":true,"href":"https:\/\/www.ifbaiano.edu.br\/unidades\/santaines\/wp-json\/wp\/v2\/tags?post=16198"}],"curies":[{"name":"wp","href":"https:\/\/api.w.org\/{rel}","templated":true}]}}