{"id":16211,"date":"2022-03-18T14:43:00","date_gmt":"2022-03-18T17:43:00","guid":{"rendered":"https:\/\/www.ifbaiano.edu.br\/unidades\/santaines\/?p=16211"},"modified":"2022-03-24T07:55:04","modified_gmt":"2022-03-24T10:55:04","slug":"campus-santa-ines-promove-ii-seminario-integrador-do-curso-de-bacharelado-em-zootecnia","status":"publish","type":"post","link":"https:\/\/www.ifbaiano.edu.br\/unidades\/santaines\/campus-santa-ines-promove-ii-seminario-integrador-do-curso-de-bacharelado-em-zootecnia\/","title":{"rendered":"Campus Santa In\u00eas promove II Semin\u00e1rio Integrador do Curso de Bacharelado em Zootecnia"},"content":{"rendered":"\n<p>O II Semin\u00e1rio Integrador do curso de Bacharelado em Zootecnia do IF Baiano &#8211; Campus Santa In\u00eas acontecer\u00e1 na semana de acolhimento, no per\u00edodo de 22 a 25 de mar\u00e7o de 2022, anterior ao retorno das aulas presenciais que tem in\u00edcio no dia 28 de maio.<\/p>\n\n\n\n<p>Segundo o professor Guilherme, coordenador do curso, o objetivo desse evento \u00e9 integrar os discentes ingressantes ao Campus, ao curso e aos colegas veteranos, representados pelo Diret\u00f3rio Acad\u00eamico e pelo Grupo de Estudo em Produ\u00e7\u00e3o Animal. \u201cEsse momento foi reservado para a realiza\u00e7\u00e3o de minicursos e oficinas para atender a complementa\u00e7\u00e3o dos conhecimentos te\u00f3ricos adquiridos durante os semestres remotos\u201d, completa o professor.<\/p>\n\n\n\n<p>Al\u00e9m dos minicursos, est\u00e3o previstos na programa\u00e7\u00e3o, tour pelo campus e aula inaugural presencial. Toda a programa\u00e7\u00e3o, bem como, <a href=\"https:\/\/suap.ifbaiano.edu.br\/eventos\/inscricao_publica\/421\/\">link para inscri\u00e7\u00f5es<\/a> (realizadas no per\u00edodo de 14 a 21 de mar\u00e7o), ser\u00e3o divulgadas tamb\u00e9m nas redes sociais do Campus (<a href=\"https:\/\/www.instagram.com\/ifbaiano.santaines\/\">Instagram <\/a>e <a href=\"https:\/\/www.facebook.com\/ifsantaines\">Facebook<\/a>). <\/p>\n\n\n\n<p>Considerando o per\u00edodo, ainda de pandemia, todas as atividades presenciais ser\u00e3o conduzidas respeitando as normas vigentes de combate \u00e0 Covid-19, seguindo os documentos norteadores do Instituto Federal Baiano e do Campus Santa In\u00eas.<\/p>\n\n\n\n<hr class=\"wp-block-separator\" \/>\n\n\n\n<p><strong>Veja a Programa\u00e7\u00e3o &#8211; <\/strong><a href=\"https:\/\/www.ifbaiano.edu.br\/unidades\/santaines\/files\/2022\/03\/Programacao-II-Seminario-de-Integracao-do-Bacharelado-em-Zootecnia.pdf\">Dispon\u00edvel tamb\u00e9m em PDF<\/a>:<\/p>\n\n\n\n<ul><li><strong>Ter\u00e7a-feira, 22\/03 &#8211; <\/strong> 9h &#8211; Entrega de Material\/tour pelo Campus &#8211; (Diret\u00f3rio Acad\u00eamico e GEPA)<br>14h &#8211; Aula Inaugural (Coordena\u00e7\u00e3o do Curso);<\/li><\/ul>\n\n\n\n<ul><li><strong>Quarta-feira &#8211; 23\/03<\/strong> &#8211; 8h &#8211; Palestra e Minicurso (Petiscos Caseiros para c\u00e3es e gatos);  <br>14h &#8211; Minicurso (Excel na produ\u00e7\u00e3o animal);<\/li><\/ul>\n\n\n\n<ul><li><strong>Quinta-feira, 24\/03 &#8211; <\/strong>8h &#8211; Minicurso &#8211; (Pr\u00e1ticas investigativas em Bioqu\u00edmica);<br>14h &#8211; Minicurso ( Pr\u00e1ticas investigativas em Bioqu\u00edmica);<\/li><\/ul>\n\n\n\n<ul><li><strong>Sexta-feira, 25\/03 &#8211; <\/strong>8h &#8211; Minicurso ( Pr\u00e1ticas investigativas em bioqu\u00edmica);<br>14h &#8211;  Minicurso ( Pr\u00e1ticas investigativas em Bioqu\u00edmica). <\/li><\/ul>\n\n\n\n<hr class=\"wp-block-separator\" \/>\n\n\n\n<figure class=\"wp-block-gallery columns-3 is-cropped wp-block-gallery-1 is-layout-flex\"><ul class=\"blocks-gallery-grid\"><li class=\"blocks-gallery-item\"><figure><a href=\"https:\/\/www.ifbaiano.edu.br\/unidades\/santaines\/files\/2022\/03\/card-zoo-santa-ines-seminario-2_curso3PETISCO_-1.png\"><img decoding=\"async\" loading=\"lazy\" width=\"860\" height=\"860\" src=\"https:\/\/www.ifbaiano.edu.br\/unidades\/santaines\/files\/2022\/03\/card-zoo-santa-ines-seminario-2_curso3PETISCO_-1.png\" alt=\"\" data-id=\"16245\" data-link=\"https:\/\/www.ifbaiano.edu.br\/unidades\/santaines\/campus-santa-ines-promove-ii-seminario-integrador-do-curso-de-bacharelado-em-zootecnia\/card-zoo-santa-ines-seminario-2_curso3petisco_-1\/\" class=\"wp-image-16245\" \/><\/a><\/figure><\/li><li class=\"blocks-gallery-item\"><figure><a href=\"https:\/\/www.ifbaiano.edu.br\/unidades\/santaines\/files\/2022\/03\/card-zoo-santa-ines-seminario-2_curso__excel.png\"><img decoding=\"async\" loading=\"lazy\" width=\"819\" height=\"819\" src=\"https:\/\/www.ifbaiano.edu.br\/unidades\/santaines\/files\/2022\/03\/card-zoo-santa-ines-seminario-2_curso__excel.png\" alt=\"\" data-id=\"16241\" data-link=\"https:\/\/www.ifbaiano.edu.br\/unidades\/santaines\/campus-santa-ines-promove-ii-seminario-integrador-do-curso-de-bacharelado-em-zootecnia\/card-zoo-santa-ines-seminario-2_curso__excel\/\" class=\"wp-image-16241\" \/><\/a><\/figure><\/li><li class=\"blocks-gallery-item\"><figure><a href=\"https:\/\/www.ifbaiano.edu.br\/unidades\/santaines\/files\/2022\/03\/card-zoo-santa-ines-seminario-2_curso___bioquimica.png\"><img decoding=\"async\" loading=\"lazy\" width=\"819\" height=\"819\" src=\"https:\/\/www.ifbaiano.edu.br\/unidades\/santaines\/files\/2022\/03\/card-zoo-santa-ines-seminario-2_curso___bioquimica.png\" alt=\"\" data-id=\"16242\" data-link=\"https:\/\/www.ifbaiano.edu.br\/unidades\/santaines\/campus-santa-ines-promove-ii-seminario-integrador-do-curso-de-bacharelado-em-zootecnia\/card-zoo-santa-ines-seminario-2_curso___bioquimica\/\" class=\"wp-image-16242\" \/><\/a><\/figure><\/li><\/ul><\/figure>\n\n\n\n<hr class=\"wp-block-separator\" \/>\n\n\n\n<p><br><\/p>\n","protected":false},"excerpt":{"rendered":"<p>O II Semin\u00e1rio Integrador do curso de Bacharelado em Zootecnia do IF Baiano &#8211; Campus Santa In\u00eas acontecer\u00e1 na semana de acolhimento, no per\u00edodo de 22 a 25 de mar\u00e7o de 2022, anterior ao retorno das aulas presenciais que tem in\u00edcio no dia 28 de maio. Segundo o professor Guilherme, coordenador do curso, o objetivo [&hellip;]<\/p>\n","protected":false},"author":86,"featured_media":16235,"comment_status":"closed","ping_status":"closed","sticky":false,"template":"","format":"standard","meta":[],"categories":[4,38,5,57],"tags":[],"_links":{"self":[{"href":"https:\/\/www.ifbaiano.edu.br\/unidades\/santaines\/wp-json\/wp\/v2\/posts\/16211"}],"collection":[{"href":"https:\/\/www.ifbaiano.edu.br\/unidades\/santaines\/wp-json\/wp\/v2\/posts"}],"about":[{"href":"https:\/\/www.ifbaiano.edu.br\/unidades\/santaines\/wp-json\/wp\/v2\/types\/post"}],"author":[{"embeddable":true,"href":"https:\/\/www.ifbaiano.edu.br\/unidades\/santaines\/wp-json\/wp\/v2\/users\/86"}],"replies":[{"embeddable":true,"href":"https:\/\/www.ifbaiano.edu.br\/unidades\/santaines\/wp-json\/wp\/v2\/comments?post=16211"}],"version-history":[{"count":3,"href":"https:\/\/www.ifbaiano.edu.br\/unidades\/santaines\/wp-json\/wp\/v2\/posts\/16211\/revisions"}],"predecessor-version":[{"id":16246,"href":"https:\/\/www.ifbaiano.edu.br\/unidades\/santaines\/wp-json\/wp\/v2\/posts\/16211\/revisions\/16246"}],"wp:featuredmedia":[{"embeddable":true,"href":"https:\/\/www.ifbaiano.edu.br\/unidades\/santaines\/wp-json\/wp\/v2\/media\/16235"}],"wp:attachment":[{"href":"https:\/\/www.ifbaiano.edu.br\/unidades\/santaines\/wp-json\/wp\/v2\/media?parent=16211"}],"wp:term":[{"taxonomy":"category","embeddable":true,"href":"https:\/\/www.ifbaiano.edu.br\/unidades\/santaines\/wp-json\/wp\/v2\/categories?post=16211"},{"taxonomy":"post_tag","embeddable":true,"href":"https:\/\/www.ifbaiano.edu.br\/unidades\/santaines\/wp-json\/wp\/v2\/tags?post=16211"}],"curies":[{"name":"wp","href":"https:\/\/api.w.org\/{rel}","templated":true}]}}