{"id":16228,"date":"2022-03-16T07:46:03","date_gmt":"2022-03-16T10:46:03","guid":{"rendered":"https:\/\/www.ifbaiano.edu.br\/unidades\/santaines\/?p=16228"},"modified":"2022-03-16T07:46:04","modified_gmt":"2022-03-16T10:46:04","slug":"if-baiano-aprova-regulamento-de-grupos-de-pesquisa","status":"publish","type":"post","link":"https:\/\/www.ifbaiano.edu.br\/unidades\/santaines\/if-baiano-aprova-regulamento-de-grupos-de-pesquisa\/","title":{"rendered":"IF Baiano aprova regulamento de grupos de pesquisa"},"content":{"rendered":"\n<p>O Instituto Federal Baiano (IF Baiano) conta agora com mais um instrumento para incentivar a pesquisa cient\u00edfica. Foi aprovado pelo Conselho Superior (Consup), por meio da Resolu\u00e7\u00e3o 188\/2022, de 23 de fevereiro, o&nbsp;<a rel=\"noreferrer noopener\" href=\"https:\/\/ifbaiano.edu.br\/portal\/pesquisa\/wp-content\/uploads\/sites\/3\/2022\/03\/Resolucao-188_2022.pdf\" target=\"_blank\">Regulamento dos Grupos de Pesquisa do IF Baiano<\/a>.&nbsp;<\/p>\n\n\n\n<p>O objetivo do documento \u00e9 normatizar as regras de cria\u00e7\u00e3o, supervis\u00e3o e avalia\u00e7\u00e3o de grupos de pesquisa no Instituto. Tamb\u00e9m tem o intuito de contribuir com a consolida\u00e7\u00e3o das pesquisas cient\u00edficas e democratizar o conhecimento produzido no \u00e2mbito do IF Baiano.&nbsp;<\/p>\n\n\n\n<p>A motiva\u00e7\u00e3o para a constru\u00e7\u00e3o do regulamento surgiu ap\u00f3s levantamento da Pr\u00f3-reitoria de Pesquisa (Propes), que identificou uma situa\u00e7\u00e3o de atipicidade dos grupos de pesquisa, o que impedia o aparecimento da institui\u00e7\u00e3o em indicadores importantes, como os do CNPq.&nbsp;<\/p>\n\n\n\n<p>Segundo a pr\u00f3-reitora de pesquisa do IF Baiano, Luciana Mazzutti, a partir desse levantamento, foi criado um grupo de trabalho (GT) para trabalhar na elabora\u00e7\u00e3o do regulamento. \u201cA partir da minuta de um grupo de pesquisa do&nbsp;<em>Campus&nbsp;<\/em>Alagoinhas foi dado in\u00edcio \u00e0 constru\u00e7\u00e3o do regulamento. Foi muito gratificante o trabalho feito no GT. Eles foram at\u00e9 a comunidade, apresentaram o documento junto \u00e0s coordena\u00e7\u00f5es de pesquisa, para o Comit\u00ea Institucional de Inicia\u00e7\u00e3o Cient\u00edfica e Tecnol\u00f3gica, que passou pelo Conselho de Pesquisa, Ensino e Extens\u00e3o (CEPE) e Consup, e hoje temos a alegria de ter o regulamento aprovado\u201d, conta a gestora.&nbsp;<\/p>\n\n\n\n<p>O regulamento se apresenta para auxiliar a forma\u00e7\u00e3o e organiza\u00e7\u00e3o dos grupos, reunindo benef\u00edcios tanto para os pesquisadores, quanto para o desenvolvimento institucional.&nbsp;<\/p>\n\n\n\n<p>\u201cA ideia \u00e9 fortalecer as a\u00e7\u00f5es e atividades de pesquisa, fazendo com que as nossas produ\u00e7\u00f5es sejam mais robustas e direcionadas \u00e0s linhas de pesquisa em que os pesquisadores acabam investindo tempo e estudo. Ent\u00e3o, \u00e9 uma forma de promover visibilidade \u00e0s a\u00e7\u00f5es que est\u00e3o sendo desenvolvidas dentro da institui\u00e7\u00e3o, n\u00e3o s\u00f3 via pr\u00f3-reitoria, mas principalmente no&nbsp;<em>campus\u201d,&nbsp;<\/em>completa.&nbsp;<\/p>\n\n\n\n<p>Outro ponto positivo do regulamento \u00e9 que, ao fortalecer as linhas e redes de pesquisa, a institui\u00e7\u00e3o pode ampliar a cria\u00e7\u00e3o de cursos de p\u00f3s-gradua\u00e7\u00e3o&nbsp;<em>stricto sensu<\/em>. \u201cUm dos crit\u00e9rios avaliados pela Capes, quando a gente faz submiss\u00e3o de uma proposta de mestrado, \u00e9 a produ\u00e7\u00e3o coletiva e individual. Ent\u00e3o, a nossa ideia \u00e9 fortalecer isso e trazer outros mestrados e at\u00e9 doutorados para a nossa institui\u00e7\u00e3o\u201d.&nbsp;<\/p>\n\n\n\n<p>Podem participar de grupos de pesquisa, \u00e0 convite,<strong>&nbsp;<\/strong>docentes, t\u00e9cnicos-administrativos, pesquisadores e estudantes, vinculados ao IF Baiano ou a outras institui\u00e7\u00f5es p\u00fablicas e privadas de pesquisa do pa\u00eds, al\u00e9m de centros de investiga\u00e7\u00e3o de outros pa\u00edses, que se interessem pela produ\u00e7\u00e3o do conhecimento na \u00e1rea de atua\u00e7\u00e3o do grupo de pesquisa.&nbsp;<\/p>\n\n\n\n<p>A Propes espera ainda que o documento ajude a disseminar que a submiss\u00e3o de grupos e projetos de pesquisa n\u00e3o est\u00e1 restrita a docentes. \u201cO pesquisador \u00e9 o servidor que desenvolve pesquisa dentro da institui\u00e7\u00e3o, podendo ser docente ou TAE. Muitas vezes, os t\u00e9cnicos entram como colaboradores de outros projetos, mas n\u00e3o submetem projetos. E a gente gostaria muito de receber projetos de t\u00e9cnicos da nossa institui\u00e7\u00e3o\u201d, ressalta Mazzutti.&nbsp;<\/p>\n\n\n\n<p><strong>J\u00e1 conhece os grupos de pesquisa do IF Baiano?&nbsp;<\/strong><\/p>\n\n\n\n<p>Hoje, o IF Baiano conta com mais de 70 grupos de pesquisa. \u00c9 poss\u00edvel acessar o espelho dos grupos, com informa\u00e7\u00f5es sobre seus pesquisadores e \u00e1reas de atua\u00e7\u00e3o, nesta p\u00e1gina:\u00a0<a href=\"https:\/\/ifbaiano.edu.br\/portal\/pesquisa\/grupos-de-pesquisa\/\">https:\/\/ifbaiano.edu.br\/portal\/pesquisa\/grupos-de-pesquisa\/<\/a><\/p>\n\n\n\n<hr class=\"wp-block-separator\" \/>\n\n\n\n<p>Mat\u00e9ria ASCOM dispon\u00edvel em: https:\/\/ifbaiano.edu.br\/portal\/blog\/if-baiano-aprova-regulamento-de-grupos-de-pesquisa\/<\/p>\n","protected":false},"excerpt":{"rendered":"<p>Documento ir\u00e1 auxiliar na cria\u00e7\u00e3o, supervis\u00e3o e avalia\u00e7\u00e3o de grupos de pesquisa do Instituto.<\/p>\n","protected":false},"author":86,"featured_media":16229,"comment_status":"closed","ping_status":"closed","sticky":false,"template":"","format":"standard","meta":[],"categories":[4,10,57],"tags":[],"_links":{"self":[{"href":"https:\/\/www.ifbaiano.edu.br\/unidades\/santaines\/wp-json\/wp\/v2\/posts\/16228"}],"collection":[{"href":"https:\/\/www.ifbaiano.edu.br\/unidades\/santaines\/wp-json\/wp\/v2\/posts"}],"about":[{"href":"https:\/\/www.ifbaiano.edu.br\/unidades\/santaines\/wp-json\/wp\/v2\/types\/post"}],"author":[{"embeddable":true,"href":"https:\/\/www.ifbaiano.edu.br\/unidades\/santaines\/wp-json\/wp\/v2\/users\/86"}],"replies":[{"embeddable":true,"href":"https:\/\/www.ifbaiano.edu.br\/unidades\/santaines\/wp-json\/wp\/v2\/comments?post=16228"}],"version-history":[{"count":1,"href":"https:\/\/www.ifbaiano.edu.br\/unidades\/santaines\/wp-json\/wp\/v2\/posts\/16228\/revisions"}],"predecessor-version":[{"id":16230,"href":"https:\/\/www.ifbaiano.edu.br\/unidades\/santaines\/wp-json\/wp\/v2\/posts\/16228\/revisions\/16230"}],"wp:featuredmedia":[{"embeddable":true,"href":"https:\/\/www.ifbaiano.edu.br\/unidades\/santaines\/wp-json\/wp\/v2\/media\/16229"}],"wp:attachment":[{"href":"https:\/\/www.ifbaiano.edu.br\/unidades\/santaines\/wp-json\/wp\/v2\/media?parent=16228"}],"wp:term":[{"taxonomy":"category","embeddable":true,"href":"https:\/\/www.ifbaiano.edu.br\/unidades\/santaines\/wp-json\/wp\/v2\/categories?post=16228"},{"taxonomy":"post_tag","embeddable":true,"href":"https:\/\/www.ifbaiano.edu.br\/unidades\/santaines\/wp-json\/wp\/v2\/tags?post=16228"}],"curies":[{"name":"wp","href":"https:\/\/api.w.org\/{rel}","templated":true}]}}