{"id":16247,"date":"2022-03-31T16:41:00","date_gmt":"2022-03-31T19:41:00","guid":{"rendered":"https:\/\/www.ifbaiano.edu.br\/unidades\/santaines\/?p=16247"},"modified":"2022-04-04T17:03:13","modified_gmt":"2022-04-04T20:03:13","slug":"campus-santa-ines-publica-edital-de-vagas-remanescentes-para-o-paise","status":"publish","type":"post","link":"https:\/\/www.ifbaiano.edu.br\/unidades\/santaines\/campus-santa-ines-publica-edital-de-vagas-remanescentes-para-o-paise\/","title":{"rendered":"Campus Santa In\u00eas publica Edital de Vagas Remanescentes para o PAISE"},"content":{"rendered":"\n<p>Come\u00e7am, na pr\u00f3xima sexta-feira (25) e v\u00e3o at\u00e9 o dia 29 de mar\u00e7o, as inscri\u00e7\u00f5es para preenchimento de 59 vagas, exclusivamente, de aux\u00edlio transporte &#8211; vagas do PAISE &#8211; Pol\u00edtica de Assist\u00eancia Estudantil no IF Baiano Campus Santa In\u00eas. A sele\u00e7\u00e3o ser\u00e1 feita por meio de an\u00e1lise de inscri\u00e7\u00e3o no <a href=\"https:\/\/meucadunico.cidadania.gov.br\/meu_cadunico\">CAD\u00daNICO do Governo Federal<\/a>, que deve estar atualizado, seguindo os crit\u00e9rios estabelecidos no <a href=\"http:\/\/www.planalto.gov.br\/ccivil_03\/_ato2007-2010\/2010\/decreto\/d7234.htm\">Decreto 7.234\/2010<\/a>. <\/p>\n\n\n\n<p>Para se inscrever o(a) candidato(a) deve encaminhar para o e-mail clae.ifsi@gmail.com, preferencialmente em formato PDF, o espelho do CAD\u00daNICO, a fim de comprova\u00e7\u00e3o da situa\u00e7\u00e3o de vulnerabilidade e inscri\u00e7\u00e3o no programa, bem como, c\u00f3pia do CPF, comprovante de conta corrente ou poupan\u00e7a, em nome do(a) estudante, para eventuais pagamentos e tamb\u00e9m seu comprovante de matr\u00edcula. Caso o(a) estudante seja oriundo de escola p\u00fablica, tamb\u00e9m deve enviar essa comprova\u00e7\u00e3o.<\/p>\n\n\n\n<p>O(A) estudante deve ficar atento \u00e0s informa\u00e7\u00f5es do <a href=\"https:\/\/concurso.ifbaiano.edu.br\/portal\/paise-santa-ines-novembro-2021\/wp-content\/uploads\/sites\/510\/2022\/03\/EDITAL-No-10_2022-VAGAS-REMANESCENTES-PAISE.pdf\">Edital n\u00ba 10\/2022<\/a> para conhecimento de todas as informa\u00e7\u00f5es e o correto procedimento durante o processo de sele\u00e7\u00e3o,  aos comunicados e prazos que ser\u00e3o divulgados, bem como, \u00e0s solicita\u00e7\u00f5es e orienta\u00e7\u00f5es do N\u00facleo de Assist\u00eancia e Inclus\u00e3o Social do Estudante &#8211; NAISE, que dever\u00e1 divulgar cronograma e atualiza\u00e7\u00f5es das etapas no site e nas redes sociais da institui\u00e7\u00e3o.   <\/p>\n\n\n\n<p>De acordo com o edital a sele\u00e7\u00e3o dos candidatos ser\u00e1 realizada por meio da an\u00e1lise de alguns indicadores como definidores da classifica\u00e7\u00e3o, a serem avaliados por Assistente Social, tais como renda familiar per capita, origem escolar, composi\u00e7\u00e3o familiar, exist\u00eancia de idoso e crian\u00e7a de at\u00e9 5 (cinco) anos de idade na fam\u00edlia. O Barema vinculado \u00e0 avalia\u00e7\u00e3o foi elaborado pelos profissionais de Servi\u00e7o Social no ano de 2021. Cabe destacar que o processo de an\u00e1lise socioecon\u00f4mica \u00e9 mais abrangente, envolvendo outros aspectos e instrumentos. Por\u00e9m, diante da excepcionalidade causada pela pandemia da COVID-19, optou-se por utilizar dados do CAD\u00daNICO para este processo de sele\u00e7\u00e3o.<\/p>\n\n\n\n<p>Este edital e outras informa\u00e7\u00f5es pertinentes ao processo de sele\u00e7\u00e3o estar\u00e3o dispon\u00edveis na <a href=\"https:\/\/concurso.ifbaiano.edu.br\/portal\/paise-santa-ines-novembro-2021\/\">P\u00e1gina de Concursos e Sele\u00e7\u00f5es<\/a>, no Portal do IF Baiano. As inscri\u00e7\u00f5es, interposi\u00e7\u00e3o de recursos e d\u00favidas, devem ser enviadas para o e-mail clae.ifsiI@gmail.com.  <\/p>\n\n\n\n<hr class=\"wp-block-separator\" \/>\n\n\n\n<p><strong>Documentos\/ Etapas deste Processo Seletivo:<\/strong><\/p>\n\n\n\n<ul><li><a rel=\"noreferrer noopener\" target=\"_blank\" href=\"https:\/\/concurso.ifbaiano.edu.br\/portal\/paise-santa-ines-novembro-2021\/wp-content\/uploads\/sites\/510\/2022\/03\/EDITAL-No-10_2022-VAGAS-REMANESCENTES-PAISE.pdf\">Edital n\u00ba 10\/2022 &#8211; Vagas Remanescentes<\/a><\/li><\/ul>\n\n\n\n<ul><li><a href=\"https:\/\/concurso.ifbaiano.edu.br\/portal\/paise-santa-ines-novembro-2021\/wp-content\/uploads\/sites\/510\/2022\/03\/PRE-SELECIONADOS.pdf\">Resultado dos pr\u00e9-selecionados por aux\u00edlio<\/a><\/li><\/ul>\n\n\n\n<ul><li><a href=\"https:\/\/concurso.ifbaiano.edu.br\/portal\/paise-santa-ines-novembro-2021\/wp-content\/uploads\/sites\/510\/2022\/04\/Resultado-Final.pdf\">Lista dos selecionados &#8211; Resultado Final<\/a> <\/li><\/ul>\n\n\n\n<hr class=\"wp-block-separator\" \/>\n","protected":false},"excerpt":{"rendered":"<p>Inscri\u00e7\u00f5es de 25 a 29 de mar\u00e7o de 2022<\/p>\n","protected":false},"author":86,"featured_media":0,"comment_status":"closed","ping_status":"closed","sticky":false,"template":"","format":"standard","meta":[],"categories":[4,38,5,8,57],"tags":[],"_links":{"self":[{"href":"https:\/\/www.ifbaiano.edu.br\/unidades\/santaines\/wp-json\/wp\/v2\/posts\/16247"}],"collection":[{"href":"https:\/\/www.ifbaiano.edu.br\/unidades\/santaines\/wp-json\/wp\/v2\/posts"}],"about":[{"href":"https:\/\/www.ifbaiano.edu.br\/unidades\/santaines\/wp-json\/wp\/v2\/types\/post"}],"author":[{"embeddable":true,"href":"https:\/\/www.ifbaiano.edu.br\/unidades\/santaines\/wp-json\/wp\/v2\/users\/86"}],"replies":[{"embeddable":true,"href":"https:\/\/www.ifbaiano.edu.br\/unidades\/santaines\/wp-json\/wp\/v2\/comments?post=16247"}],"version-history":[{"count":4,"href":"https:\/\/www.ifbaiano.edu.br\/unidades\/santaines\/wp-json\/wp\/v2\/posts\/16247\/revisions"}],"predecessor-version":[{"id":16325,"href":"https:\/\/www.ifbaiano.edu.br\/unidades\/santaines\/wp-json\/wp\/v2\/posts\/16247\/revisions\/16325"}],"wp:attachment":[{"href":"https:\/\/www.ifbaiano.edu.br\/unidades\/santaines\/wp-json\/wp\/v2\/media?parent=16247"}],"wp:term":[{"taxonomy":"category","embeddable":true,"href":"https:\/\/www.ifbaiano.edu.br\/unidades\/santaines\/wp-json\/wp\/v2\/categories?post=16247"},{"taxonomy":"post_tag","embeddable":true,"href":"https:\/\/www.ifbaiano.edu.br\/unidades\/santaines\/wp-json\/wp\/v2\/tags?post=16247"}],"curies":[{"name":"wp","href":"https:\/\/api.w.org\/{rel}","templated":true}]}}