{"id":16279,"date":"2022-03-24T07:46:47","date_gmt":"2022-03-24T10:46:47","guid":{"rendered":"https:\/\/www.ifbaiano.edu.br\/unidades\/santaines\/?p=16279"},"modified":"2022-03-24T07:52:20","modified_gmt":"2022-03-24T10:52:20","slug":"curso-de-qualificacao-em-microempreendedorismo-do-pronatec-realiza-aula-inaugural","status":"publish","type":"post","link":"https:\/\/www.ifbaiano.edu.br\/unidades\/santaines\/curso-de-qualificacao-em-microempreendedorismo-do-pronatec-realiza-aula-inaugural\/","title":{"rendered":"Curso de qualifica\u00e7\u00e3o em Microempreendedorismo do Pronatec realiza aula inaugural"},"content":{"rendered":"\n<p>O clima foi de entusiasmo na aula inaugural do curso de&nbsp;<strong>Microempreendedor Individual<\/strong>, que abriu as atividades do&nbsp;<strong>Programa PRONATEC \u2013 Qualifica Mais Progredir&nbsp;<\/strong>ofertadas pelo Instituto Federal Baiano em 2022. A abertura do curso ocorreu na manh\u00e3 e na tarde desta quarta-feira, 23, no audit\u00f3rio do IFBA, no bairro do Canela, para as turmas de Salvador.&nbsp;<\/p>\n\n\n\n<p>A cerim\u00f4nia contou com a participa\u00e7\u00e3o do reitor, A\u00e9cio Jos\u00e9 Duarte; do pr\u00f3-reitor de Extens\u00e3o, Rafael Trocoli; da coordenadora geral do Programa Qualifica Mais Progredir, Uilma Reis; do coordenador adjunto do curso em Cama\u00e7ari, Lu\u00eds Henrique Gomes; da coordenadora adjunta do curso em Salvador, Ana Paula Marques; e da representante da equipe de professores formadores, Larissa Fernanda Peixoto. Al\u00e9m, da participa\u00e7\u00e3o da equipe de apoio, da supervisora do curso em Salvador e professores formadores que atuar\u00e3o no curso.<\/p>\n\n\n\n<p>Ap\u00f3s per\u00edodo de atividades letivas virtuais e h\u00edbridas na institui\u00e7\u00e3o, o curso marca o momento de retorno ao ensino presencial, que j\u00e1 vem acontecendo nos&nbsp;<em>campi<\/em>&nbsp;desde o in\u00edcio do ano, e expande o p\u00fablico da institui\u00e7\u00e3o para cidades onde n\u00e3o h\u00e1&nbsp;<em>campus<\/em>&nbsp;do IF Baiano, como Salvador e Cama\u00e7ari. O curso acontece em Salvador, Cama\u00e7ari e Alagoinhas e qualificar\u00e1 700 benefici\u00e1rios do Aux\u00edlio Brasil, no primeiro ciclo, para empreender e\/ou melhorar seu neg\u00f3cio.<\/p>\n\n\n\n<p>O reitor, A\u00e9cio Jos\u00e9 Duarte, destacou em sua fala a oportunidade que o curso abre para cada aluno no sentido de despertar ideias, potencialidades e possibilidades em pessoas diferentes, com diferentes idades e realidades. Ele falou ainda sobre a dedica\u00e7\u00e3o dos servidores envolvidos em preparar a recep\u00e7\u00e3o dos alunos, os espa\u00e7os de realiza\u00e7\u00e3o das aulas, a sele\u00e7\u00e3o dos alunos, a viabiliza\u00e7\u00e3o das bolsas e preparar um curso voltado a capacitar e potencializar neg\u00f3cios e ideias para o aumento de renda das fam\u00edlias. \u201cAproveitem esse tempo de forma\u00e7\u00e3o para interagir n\u00e3o s\u00f3 com os professores, mas tamb\u00e9m entre voc\u00eas\u201d, aconselhou o reitor.<\/p>\n\n\n\n<figure class=\"wp-block-image is-resized\"><img decoding=\"async\" loading=\"lazy\" src=\"https:\/\/ifbaiano.edu.br\/portal\/wp-content\/uploads\/2022\/03\/8978789-1.jpg\" alt=\"\" class=\"wp-image-22869\" width=\"626\" height=\"835\" \/><figcaption>Reitor A\u00e9cio Jos\u00e9 Duarte destaca as oportunidades que a qualifica\u00e7\u00e3o profissional cria para fam\u00edlias de baixa renda<\/figcaption><\/figure>\n\n\n\n<p>Para o pr\u00f3-reitor de Extens\u00e3o, Rafael Trocoli, acolher novos discentes, sobretudo nesse momento ap\u00f3s 2 anos de pandemia, refor\u00e7a a consolida\u00e7\u00e3o do IF Baiano como institui\u00e7\u00e3o educacional atenta para o atendimento de demandas sociais. A coordenadora do Programa, Uilma Reis, deu uma inje\u00e7\u00e3o de \u00e2nimo nos alunos, contando sua trajet\u00f3ria como empreendedora e falando como \u00e9 importante ter qualifica\u00e7\u00e3o para saber enfrentar os desafios do empreendedorismo. Ela contou que, no passado, ao empreender no ramo de organiza\u00e7\u00e3o de eventos, sua criatividade e ousadia a ajudaram a crescer, mas a falta de conhecimento trouxe dificuldades para precificar e planejar seu neg\u00f3cio. \u201cNenhum tipo de neg\u00f3cio sobrevive sem qualifica\u00e7\u00e3o, plano de neg\u00f3cios e planejamento\u201d, afirmou a coordenadora destacando a import\u00e2ncia de se capacitar para desenvolver habilidades e empreendimentos.<\/p>\n\n\n\n<p>Para o aluno Abra\u00e3o Ara\u00fajo, de 21 anos, esta \u00e9 uma oportunidade de se tornar dono do seu pr\u00f3prio neg\u00f3cio e se aperfei\u00e7oar. \u201cTenho tios que s\u00e3o microempreendedores e tenho vontade de ser um tamb\u00e9m. Poder ter um hor\u00e1rio de trabalho flex\u00edvel, n\u00e3o depender de ningu\u00e9m\u2026\u201d, conta o jovem. Para a aluna Volquimar Nataly Fernandes, de 31 anos, o empreendedorismo est\u00e1 no sangue. Seu pai come\u00e7ou com uma barraquinha vendendo corante e depois teve padaria e mercearia. \u201cEu acho que empreender \u00e9 estar em contato com as pessoas e entregar coisas de boa qualidade para elas. Para ser empreendedor tem que ser apaixonado por gente e eu sou, adoro me comunicar!\u201d, explica com entusiasmo Volquimar que, atualmente, trabalha como manicure e nail designer.<\/p>\n\n\n\n<p>Na manh\u00e3 desta quinta-feira, 24, ainda acontecer\u00e1 a aula inaugural das turmas de Cama\u00e7ari, no Teatro Alberto Martins, \u00e0s 09h. E na sexta-feira, 25, \u00e9 a vez da abertura do curso em Alagoinhas, no audit\u00f3rio do IF Baiano \u2013&nbsp;<em>Campus<\/em>&nbsp;Alagoinhas, \u00e0s 10h.<\/p>\n\n\n\n<figure class=\"wp-block-gallery columns-3 is-cropped wp-block-gallery-1 is-layout-flex\"><ul class=\"blocks-gallery-grid\"><li class=\"blocks-gallery-item\"><figure><a href=\"https:\/\/ifbaiano.edu.br\/portal\/wp-content\/uploads\/2022\/03\/67867-1.jpg\"><img decoding=\"async\" src=\"https:\/\/ifbaiano.edu.br\/portal\/wp-content\/uploads\/2022\/03\/67867-1.jpg\" alt=\"\" data-id=\"22870\" class=\"wp-image-22870\" \/><\/a><\/figure><\/li><li class=\"blocks-gallery-item\"><figure><a href=\"https:\/\/www.ifbaiano.edu.br\/unidades\/santaines\/files\/2022\/03\/8.jpg\"><img decoding=\"async\" loading=\"lazy\" width=\"1600\" height=\"1200\" src=\"https:\/\/www.ifbaiano.edu.br\/unidades\/santaines\/files\/2022\/03\/8.jpg\" alt=\"\" data-id=\"16280\" data-link=\"https:\/\/www.ifbaiano.edu.br\/unidades\/santaines\/?attachment_id=16280\" class=\"wp-image-16280\" \/><\/a><\/figure><\/li><li class=\"blocks-gallery-item\"><figure><a href=\"https:\/\/www.ifbaiano.edu.br\/unidades\/santaines\/files\/2022\/03\/7.jpg\"><img decoding=\"async\" loading=\"lazy\" width=\"1600\" height=\"1200\" src=\"https:\/\/www.ifbaiano.edu.br\/unidades\/santaines\/files\/2022\/03\/7.jpg\" alt=\"\" data-id=\"16281\" data-link=\"https:\/\/www.ifbaiano.edu.br\/unidades\/santaines\/?attachment_id=16281\" class=\"wp-image-16281\" \/><\/a><\/figure><\/li><li class=\"blocks-gallery-item\"><figure><a href=\"https:\/\/www.ifbaiano.edu.br\/unidades\/santaines\/files\/2022\/03\/6.jpg\"><img decoding=\"async\" loading=\"lazy\" width=\"1600\" height=\"1200\" src=\"https:\/\/www.ifbaiano.edu.br\/unidades\/santaines\/files\/2022\/03\/6.jpg\" alt=\"\" data-id=\"16282\" data-link=\"https:\/\/www.ifbaiano.edu.br\/unidades\/santaines\/?attachment_id=16282\" class=\"wp-image-16282\" \/><\/a><\/figure><\/li><li class=\"blocks-gallery-item\"><figure><a href=\"https:\/\/www.ifbaiano.edu.br\/unidades\/santaines\/files\/2022\/03\/5.jpg\"><img decoding=\"async\" loading=\"lazy\" width=\"1600\" height=\"1200\" src=\"https:\/\/www.ifbaiano.edu.br\/unidades\/santaines\/files\/2022\/03\/5.jpg\" alt=\"\" data-id=\"16283\" data-link=\"https:\/\/www.ifbaiano.edu.br\/unidades\/santaines\/?attachment_id=16283\" class=\"wp-image-16283\" \/><\/a><\/figure><\/li><li class=\"blocks-gallery-item\"><figure><a href=\"https:\/\/www.ifbaiano.edu.br\/unidades\/santaines\/files\/2022\/03\/4.jpg\"><img decoding=\"async\" loading=\"lazy\" width=\"1200\" height=\"1600\" src=\"https:\/\/www.ifbaiano.edu.br\/unidades\/santaines\/files\/2022\/03\/4.jpg\" alt=\"\" data-id=\"16284\" data-link=\"https:\/\/www.ifbaiano.edu.br\/unidades\/santaines\/?attachment_id=16284\" class=\"wp-image-16284\" \/><\/a><\/figure><\/li><li class=\"blocks-gallery-item\"><figure><a href=\"https:\/\/www.ifbaiano.edu.br\/unidades\/santaines\/files\/2022\/03\/3.jpg\"><img decoding=\"async\" loading=\"lazy\" width=\"1600\" height=\"1200\" src=\"https:\/\/www.ifbaiano.edu.br\/unidades\/santaines\/files\/2022\/03\/3.jpg\" alt=\"\" data-id=\"16285\" data-link=\"https:\/\/www.ifbaiano.edu.br\/unidades\/santaines\/?attachment_id=16285\" class=\"wp-image-16285\" \/><\/a><\/figure><\/li><li class=\"blocks-gallery-item\"><figure><a href=\"https:\/\/www.ifbaiano.edu.br\/unidades\/santaines\/files\/2022\/03\/2.jpg\"><img decoding=\"async\" loading=\"lazy\" width=\"1200\" height=\"1600\" src=\"https:\/\/www.ifbaiano.edu.br\/unidades\/santaines\/files\/2022\/03\/2.jpg\" alt=\"\" data-id=\"16286\" data-link=\"https:\/\/www.ifbaiano.edu.br\/unidades\/santaines\/?attachment_id=16286\" class=\"wp-image-16286\" \/><\/a><\/figure><\/li><\/ul><\/figure>\n\n\n\n<hr class=\"wp-block-separator\" \/>\n\n\n\n<p> Mat\u00e9ria ASCOM dispon\u00edvel em:  https:\/\/ifbaiano.edu.br\/portal\/blog\/curso-de-qualificacao-em-microempreendedorismo-do-pronatec-realiza-aula-inaugural\/<\/p>\n","protected":false},"excerpt":{"rendered":"<p>As primeiras turmas a realizarem aula inaugural foram as de Salvador. As de Cama\u00e7ari ter\u00e3o abertura nesta quinta, 24, e as de Alagoinhas, na sexta-feira, 25<\/p>\n","protected":false},"author":86,"featured_media":16288,"comment_status":"closed","ping_status":"closed","sticky":false,"template":"","format":"standard","meta":[],"categories":[4,10,57],"tags":[],"_links":{"self":[{"href":"https:\/\/www.ifbaiano.edu.br\/unidades\/santaines\/wp-json\/wp\/v2\/posts\/16279"}],"collection":[{"href":"https:\/\/www.ifbaiano.edu.br\/unidades\/santaines\/wp-json\/wp\/v2\/posts"}],"about":[{"href":"https:\/\/www.ifbaiano.edu.br\/unidades\/santaines\/wp-json\/wp\/v2\/types\/post"}],"author":[{"embeddable":true,"href":"https:\/\/www.ifbaiano.edu.br\/unidades\/santaines\/wp-json\/wp\/v2\/users\/86"}],"replies":[{"embeddable":true,"href":"https:\/\/www.ifbaiano.edu.br\/unidades\/santaines\/wp-json\/wp\/v2\/comments?post=16279"}],"version-history":[{"count":2,"href":"https:\/\/www.ifbaiano.edu.br\/unidades\/santaines\/wp-json\/wp\/v2\/posts\/16279\/revisions"}],"predecessor-version":[{"id":16293,"href":"https:\/\/www.ifbaiano.edu.br\/unidades\/santaines\/wp-json\/wp\/v2\/posts\/16279\/revisions\/16293"}],"wp:featuredmedia":[{"embeddable":true,"href":"https:\/\/www.ifbaiano.edu.br\/unidades\/santaines\/wp-json\/wp\/v2\/media\/16288"}],"wp:attachment":[{"href":"https:\/\/www.ifbaiano.edu.br\/unidades\/santaines\/wp-json\/wp\/v2\/media?parent=16279"}],"wp:term":[{"taxonomy":"category","embeddable":true,"href":"https:\/\/www.ifbaiano.edu.br\/unidades\/santaines\/wp-json\/wp\/v2\/categories?post=16279"},{"taxonomy":"post_tag","embeddable":true,"href":"https:\/\/www.ifbaiano.edu.br\/unidades\/santaines\/wp-json\/wp\/v2\/tags?post=16279"}],"curies":[{"name":"wp","href":"https:\/\/api.w.org\/{rel}","templated":true}]}}