{"id":1628,"date":"2012-04-02T09:55:37","date_gmt":"2012-04-02T12:55:37","guid":{"rendered":"http:\/\/www.ifbaiano.edu.br\/unidades\/santaines\/?p=1628"},"modified":"2012-04-02T09:55:37","modified_gmt":"2012-04-02T12:55:37","slug":"vagas-para-estagio","status":"publish","type":"post","link":"https:\/\/www.ifbaiano.edu.br\/unidades\/santaines\/vagas-para-estagio\/","title":{"rendered":"Vagas para Est\u00e1gio"},"content":{"rendered":"<p style=\"text-align: justify\">O Instituto Federal Baiano \u2013 Campus Santa In\u00eas em breve abrir\u00e1 processo seletivo para preencher vagas de est\u00e1gio para estudantes de curso superior com bolsa &#8211; aux\u00edlio (R$ 520,00) e aux\u00edlio transporte di\u00e1rio. Ser\u00e3o selecionados alunos dos cursos de Administra\u00e7\u00e3o e Servi\u00e7o Social.<\/p>\n<p style=\"text-align: justify\">Maiores informa\u00e7\u00f5es em breve no seguinte endere\u00e7o eletr\u00f4nico: <a href=\"http:\/\/www.ifbaiano.edu.br\/unidades\/santaines\" target=\"_blank\">www.ifbaiano.edu.br\/unidades\/santaines<\/a><\/p>\n","protected":false},"excerpt":{"rendered":"<p>O Instituto Federal Baiano \u2013 Campus Santa In\u00eas em breve abrir\u00e1 processo seletivo para preencher vagas de est\u00e1gio para estudantes de curso superior com bolsa &#8211; aux\u00edlio (R$ 520,00) e aux\u00edlio transporte di\u00e1rio. Ser\u00e3o selecionados alunos dos cursos de Administra\u00e7\u00e3o e Servi\u00e7o Social. Maiores informa\u00e7\u00f5es em breve no seguinte endere\u00e7o eletr\u00f4nico: www.ifbaiano.edu.br\/unidades\/santaines<\/p>\n","protected":false},"author":26,"featured_media":0,"comment_status":"closed","ping_status":"closed","sticky":false,"template":"","format":"standard","meta":[],"categories":[10],"tags":[],"_links":{"self":[{"href":"https:\/\/www.ifbaiano.edu.br\/unidades\/santaines\/wp-json\/wp\/v2\/posts\/1628"}],"collection":[{"href":"https:\/\/www.ifbaiano.edu.br\/unidades\/santaines\/wp-json\/wp\/v2\/posts"}],"about":[{"href":"https:\/\/www.ifbaiano.edu.br\/unidades\/santaines\/wp-json\/wp\/v2\/types\/post"}],"author":[{"embeddable":true,"href":"https:\/\/www.ifbaiano.edu.br\/unidades\/santaines\/wp-json\/wp\/v2\/users\/26"}],"replies":[{"embeddable":true,"href":"https:\/\/www.ifbaiano.edu.br\/unidades\/santaines\/wp-json\/wp\/v2\/comments?post=1628"}],"version-history":[{"count":2,"href":"https:\/\/www.ifbaiano.edu.br\/unidades\/santaines\/wp-json\/wp\/v2\/posts\/1628\/revisions"}],"predecessor-version":[{"id":1630,"href":"https:\/\/www.ifbaiano.edu.br\/unidades\/santaines\/wp-json\/wp\/v2\/posts\/1628\/revisions\/1630"}],"wp:attachment":[{"href":"https:\/\/www.ifbaiano.edu.br\/unidades\/santaines\/wp-json\/wp\/v2\/media?parent=1628"}],"wp:term":[{"taxonomy":"category","embeddable":true,"href":"https:\/\/www.ifbaiano.edu.br\/unidades\/santaines\/wp-json\/wp\/v2\/categories?post=1628"},{"taxonomy":"post_tag","embeddable":true,"href":"https:\/\/www.ifbaiano.edu.br\/unidades\/santaines\/wp-json\/wp\/v2\/tags?post=1628"}],"curies":[{"name":"wp","href":"https:\/\/api.w.org\/{rel}","templated":true}]}}