{"id":16297,"date":"2022-03-31T16:31:28","date_gmt":"2022-03-31T19:31:28","guid":{"rendered":"https:\/\/www.ifbaiano.edu.br\/unidades\/santaines\/?p=16297"},"modified":"2022-03-31T16:41:08","modified_gmt":"2022-03-31T19:41:08","slug":"diretora-geral-do-campus-santa-ines-realiza-primeira-reuniao-geral-com-servidores","status":"publish","type":"post","link":"https:\/\/www.ifbaiano.edu.br\/unidades\/santaines\/diretora-geral-do-campus-santa-ines-realiza-primeira-reuniao-geral-com-servidores\/","title":{"rendered":"Diretora geral do Campus Santa In\u00eas realiza primeira reuni\u00e3o geral com servidores"},"content":{"rendered":"\n<div class=\"wp-block-media-text alignwide is-stacked-on-mobile\"><figure class=\"wp-block-media-text__media\"><img decoding=\"async\" loading=\"lazy\" width=\"1024\" height=\"617\" src=\"https:\/\/www.ifbaiano.edu.br\/unidades\/santaines\/files\/2022\/03\/61a5fb12-682a-44f1-8bb8-cad8f2f40aa7.jpg\" alt=\"\" class=\"wp-image-16306 size-full\" \/><\/figure><div class=\"wp-block-media-text__content\">\n<p>A nova diretora geral do <em>Campus<\/em> Santa In\u00eas, a professora Genilda Lima, eleita e empossada no dia 21 de mar\u00e7o, realizou, na tarde de ontem, quarta-feira (30), sua primeira reuni\u00e3o geral com os servidores da institui\u00e7\u00e3o. O encontro aconteceu na quadra poliesportiva do <em>campus<\/em> e teve como pautas a apresenta\u00e7\u00e3o da nova gest\u00e3o 2022-2026 e a avalia\u00e7\u00e3o do retorno presencial.<\/p>\n<\/div><\/div>\n\n\n\n<p>Na presen\u00e7a de servidores e colaboradores, a diretora iniciou a reuni\u00e3o ressaltando que nenhum gestor trabalha sozinho e, assim, saudou aos novos membros da equipe gestora e a todos que j\u00e1 fazem parte da equipe e prosseguem nesse trabalho. Foram apresentados os diretores acad\u00eamico e administrativo, os coordenadores e os chefes de n\u00facleos que comp\u00f5em cada diretoria. <\/p>\n\n\n\n<figure class=\"wp-block-gallery columns-3 is-cropped wp-block-gallery-1 is-layout-flex\"><ul class=\"blocks-gallery-grid\"><li class=\"blocks-gallery-item\"><figure><a href=\"https:\/\/www.ifbaiano.edu.br\/unidades\/santaines\/files\/2022\/03\/69c0e9a6-f112-4252-8944-ee5055eea1a6.jpg\"><img decoding=\"async\" loading=\"lazy\" width=\"1024\" height=\"709\" src=\"https:\/\/www.ifbaiano.edu.br\/unidades\/santaines\/files\/2022\/03\/69c0e9a6-f112-4252-8944-ee5055eea1a6.jpg\" alt=\"\" data-id=\"16305\" data-full-url=\"https:\/\/www.ifbaiano.edu.br\/unidades\/santaines\/files\/2022\/03\/69c0e9a6-f112-4252-8944-ee5055eea1a6.jpg\" data-link=\"https:\/\/www.ifbaiano.edu.br\/unidades\/santaines\/?attachment_id=16305\" class=\"wp-image-16305\" \/><\/a><\/figure><\/li><li class=\"blocks-gallery-item\"><figure><a href=\"https:\/\/www.ifbaiano.edu.br\/unidades\/santaines\/files\/2022\/03\/525fa308-07ce-48d1-949f-da793069ddb8.jpg\"><img decoding=\"async\" loading=\"lazy\" width=\"1600\" height=\"1200\" src=\"https:\/\/www.ifbaiano.edu.br\/unidades\/santaines\/files\/2022\/03\/525fa308-07ce-48d1-949f-da793069ddb8.jpg\" alt=\"\" data-id=\"16302\" data-full-url=\"https:\/\/www.ifbaiano.edu.br\/unidades\/santaines\/files\/2022\/03\/525fa308-07ce-48d1-949f-da793069ddb8.jpg\" data-link=\"https:\/\/www.ifbaiano.edu.br\/unidades\/santaines\/?attachment_id=16302\" class=\"wp-image-16302\" \/><\/a><\/figure><\/li><li class=\"blocks-gallery-item\"><figure><a href=\"https:\/\/www.ifbaiano.edu.br\/unidades\/santaines\/files\/2022\/03\/c223bb4f-8c2f-435e-a2be-6c8a97da7704.jpg\"><img decoding=\"async\" loading=\"lazy\" width=\"1600\" height=\"1200\" src=\"https:\/\/www.ifbaiano.edu.br\/unidades\/santaines\/files\/2022\/03\/c223bb4f-8c2f-435e-a2be-6c8a97da7704.jpg\" alt=\"\" data-id=\"16310\" data-full-url=\"https:\/\/www.ifbaiano.edu.br\/unidades\/santaines\/files\/2022\/03\/c223bb4f-8c2f-435e-a2be-6c8a97da7704.jpg\" data-link=\"https:\/\/www.ifbaiano.edu.br\/unidades\/santaines\/c223bb4f-8c2f-435e-a2be-6c8a97da7704\/\" class=\"wp-image-16310\" \/><\/a><\/figure><\/li><\/ul><\/figure>\n\n\n\n<p>Ap\u00f3s as apresenta\u00e7\u00f5es, a diretora enfatizou o quanto estava se sentindo honrada de estar assumindo a gest\u00e3o do <em>campus<\/em>. \u201cEstou muito orgulhosa de ser a primeira mulher, e negra, ap\u00f3s 25 anos de exist\u00eancia do <em>campus<\/em>, a assumir este cargo\u201d, afirmou. A gestora tamb\u00e9m enalteceu a compet\u00eancia dos profissionais da institui\u00e7\u00e3o, o que, segundo ela, traz o sentimento de seguran\u00e7a do sucesso da sua gest\u00e3o. \u201cTenho ci\u00eancia dos desafios a serem enfrentados, mas estou muito segura, pois tenho a certeza de que eles ser\u00e3o superados. Sei que irei contar com o apoio de todos os servidores, de toda a comunidade do <em>Campus<\/em> Santa In\u00eas\u201d, finalizou.<\/p>\n\n\n\n<p>Ap\u00f3s o discurso da diretora, houve tamb\u00e9m falas de acolhimento do novo diretor acad\u00eamico, Guilherme Nascimento, da nova diretora administrativa, Daniele Matos, e da nova coordenadora de ensino, Tharcilla Pess\u00f4a. Eles agradeceram a confian\u00e7a da professora Genilda, a contribui\u00e7\u00e3o dos colegas servidores durante suas jornadas de trabalho no <em>campus<\/em> e afirmaram o compromisso, diante dos novos desafios, de \u201cfazerem o seu melhor\u201d para o crescimento e sucesso da institui\u00e7\u00e3o.<\/p>\n\n\n\n<figure class=\"wp-block-gallery columns-2 is-cropped wp-block-gallery-3 is-layout-flex\"><ul class=\"blocks-gallery-grid\"><li class=\"blocks-gallery-item\"><figure><a href=\"https:\/\/www.ifbaiano.edu.br\/unidades\/santaines\/files\/2022\/03\/761df540-2811-443a-b516-cacc26215acc.jpg\"><img decoding=\"async\" loading=\"lazy\" width=\"1024\" height=\"740\" src=\"https:\/\/www.ifbaiano.edu.br\/unidades\/santaines\/files\/2022\/03\/761df540-2811-443a-b516-cacc26215acc.jpg\" alt=\"\" data-id=\"16307\" data-full-url=\"https:\/\/www.ifbaiano.edu.br\/unidades\/santaines\/files\/2022\/03\/761df540-2811-443a-b516-cacc26215acc.jpg\" data-link=\"https:\/\/www.ifbaiano.edu.br\/unidades\/santaines\/761df540-2811-443a-b516-cacc26215acc\/\" class=\"wp-image-16307\" \/><\/a><\/figure><\/li><li class=\"blocks-gallery-item\"><figure><a href=\"https:\/\/www.ifbaiano.edu.br\/unidades\/santaines\/files\/2022\/03\/003ff7b5-f729-481e-a03c-cbab2211c5f5.jpg\"><img decoding=\"async\" loading=\"lazy\" width=\"1600\" height=\"1200\" src=\"https:\/\/www.ifbaiano.edu.br\/unidades\/santaines\/files\/2022\/03\/003ff7b5-f729-481e-a03c-cbab2211c5f5.jpg\" alt=\"\" data-id=\"16299\" data-full-url=\"https:\/\/www.ifbaiano.edu.br\/unidades\/santaines\/files\/2022\/03\/003ff7b5-f729-481e-a03c-cbab2211c5f5.jpg\" data-link=\"https:\/\/www.ifbaiano.edu.br\/unidades\/santaines\/?attachment_id=16299\" class=\"wp-image-16299\" \/><\/a><\/figure><\/li><\/ul><\/figure>\n\n\n\n<p>Ap\u00f3s o momento de apresenta\u00e7\u00e3o da nova gest\u00e3o, a diretora convidou \u00e0 participa\u00e7\u00e3o, o presidente do Comit\u00ea Local de Acompanhamento \u00e0 Amea\u00e7a do Coronav\u00edrus, Anderson Jambeiro, juntamente com os representantes dos protocolos setoriais, Nelian Nascimento e Guilherme Nascimento.<\/p>\n\n\n\n<div class=\"wp-block-media-text alignwide is-stacked-on-mobile\" style=\"grid-template-columns:46% auto\"><figure class=\"wp-block-media-text__media\"><img decoding=\"async\" loading=\"lazy\" width=\"1600\" height=\"1200\" src=\"https:\/\/www.ifbaiano.edu.br\/unidades\/santaines\/files\/2022\/03\/29fd7508-5b60-4637-bdd7-634344803318.jpg\" alt=\"\" class=\"wp-image-16301 size-full\" \/><\/figure><div class=\"wp-block-media-text__content\">\n<p>Avaliando as primeiras semanas do retorno presencial, Jambeiro falou dos aspectos positivos, informando que n\u00e3o houve registro de caso suspeito no <em>campus<\/em>, por\u00e9m ratificou a import\u00e2ncia da perman\u00eancia dos protocolos de seguran\u00e7a e do trabalho de todos enquanto multiplicador das a\u00e7\u00f5es, principalmente do uso de m\u00e1scara e distanciamento social.<\/p>\n<\/div><\/div>\n\n\n\n<p>Houve, ainda, relatos e contribui\u00e7\u00f5es de servidores sobre a Covid-19, al\u00e9m de orienta\u00e7\u00f5es sobre cuidados e exerc\u00edcios pr\u00e1ticos com a voz, passados pelo professor de m\u00fasica do <em>campus<\/em>, Artur Carneiro.<\/p>\n\n\n\n<p>A reuni\u00e3o foi finalizada com a apresenta\u00e7\u00e3o dos novos servidores do <em>campus<\/em> que, devido ao per\u00edodo de pandemia e de atividades remotas, ainda n\u00e3o haviam tido contato presencial com os colegas de trabalho.<\/p>\n\n\n\n<hr class=\"wp-block-separator\" \/>\n","protected":false},"excerpt":{"rendered":"<p>A nova diretora geral do Campus Santa In\u00eas, a professora Genilda Lima, eleita e empossada no dia 21 de mar\u00e7o, realizou, na tarde de ontem, quarta-feira (30), sua primeira reuni\u00e3o geral com os servidores da institui\u00e7\u00e3o. O encontro aconteceu na quadra poliesportiva do campus e teve como pautas a apresenta\u00e7\u00e3o da nova gest\u00e3o 2022-2026 e [&hellip;]<\/p>\n","protected":false},"author":86,"featured_media":16313,"comment_status":"closed","ping_status":"closed","sticky":false,"template":"","format":"standard","meta":[],"categories":[4,5,7,10,57],"tags":[],"_links":{"self":[{"href":"https:\/\/www.ifbaiano.edu.br\/unidades\/santaines\/wp-json\/wp\/v2\/posts\/16297"}],"collection":[{"href":"https:\/\/www.ifbaiano.edu.br\/unidades\/santaines\/wp-json\/wp\/v2\/posts"}],"about":[{"href":"https:\/\/www.ifbaiano.edu.br\/unidades\/santaines\/wp-json\/wp\/v2\/types\/post"}],"author":[{"embeddable":true,"href":"https:\/\/www.ifbaiano.edu.br\/unidades\/santaines\/wp-json\/wp\/v2\/users\/86"}],"replies":[{"embeddable":true,"href":"https:\/\/www.ifbaiano.edu.br\/unidades\/santaines\/wp-json\/wp\/v2\/comments?post=16297"}],"version-history":[{"count":2,"href":"https:\/\/www.ifbaiano.edu.br\/unidades\/santaines\/wp-json\/wp\/v2\/posts\/16297\/revisions"}],"predecessor-version":[{"id":16311,"href":"https:\/\/www.ifbaiano.edu.br\/unidades\/santaines\/wp-json\/wp\/v2\/posts\/16297\/revisions\/16311"}],"wp:featuredmedia":[{"embeddable":true,"href":"https:\/\/www.ifbaiano.edu.br\/unidades\/santaines\/wp-json\/wp\/v2\/media\/16313"}],"wp:attachment":[{"href":"https:\/\/www.ifbaiano.edu.br\/unidades\/santaines\/wp-json\/wp\/v2\/media?parent=16297"}],"wp:term":[{"taxonomy":"category","embeddable":true,"href":"https:\/\/www.ifbaiano.edu.br\/unidades\/santaines\/wp-json\/wp\/v2\/categories?post=16297"},{"taxonomy":"post_tag","embeddable":true,"href":"https:\/\/www.ifbaiano.edu.br\/unidades\/santaines\/wp-json\/wp\/v2\/tags?post=16297"}],"curies":[{"name":"wp","href":"https:\/\/api.w.org\/{rel}","templated":true}]}}