{"id":16316,"date":"2022-08-02T13:26:00","date_gmt":"2022-08-02T16:26:00","guid":{"rendered":"https:\/\/www.ifbaiano.edu.br\/unidades\/santaines\/?p=16316"},"modified":"2022-11-16T14:53:02","modified_gmt":"2022-11-16T17:53:02","slug":"campus-santa-ines-lanca-edital-de-selecao-para-os-cursos-tecnicos","status":"publish","type":"post","link":"https:\/\/www.ifbaiano.edu.br\/unidades\/santaines\/campus-santa-ines-lanca-edital-de-selecao-para-os-cursos-tecnicos\/","title":{"rendered":"Campus Santa In\u00eas lan\u00e7a edital de sele\u00e7\u00e3o para cursos t\u00e9cnicos"},"content":{"rendered":"\n<p>O&nbsp;<em>campus <\/em>Santa In\u00eas do<em>&nbsp;<\/em>Instituto Federal Baiano (IF Baiano) est\u00e1 com sele\u00e7\u00e3o aberta para o preenchimento de 210 vagas nos cursos t\u00e9cnicos em Agropecu\u00e1ria (70 vagas) , Alimentos (70 vagas)  e Zootecnia (70 vagas), na modalidade Integrada ao ensino m\u00e9dio.&nbsp;<\/p>\n\n\n\n<p>As inscri\u00e7\u00f5es s\u00e3o gratuitas e podem ser realizadas no per\u00edodo de 08 de abril at\u00e9 10 de junho de 2022 em formato, prioritariamente, digital, e excepcionalmente presencial, no per\u00edodo de 06 a 10 de junho de 2022, das 9h \u00e0s 12h e das 14h \u00e0s 17h, em pontos de apoio para realiza\u00e7\u00e3o da inscri\u00e7\u00e3o presencial, no <em>campus<\/em>, respeitando todas as normas sanit\u00e1rias de distanciamento, para os(as candidatos(as) que n\u00e3o tenham acesso \u00e0 INTERNET. Vale lembrar que, para o acesso ao&nbsp;<em>campus<\/em>, \u00e9 necess\u00e1rio apresentar comprovante de vacina\u00e7\u00e3o para covid-19. <\/p>\n\n\n\n<p>A sele\u00e7\u00e3o para ingresso nos cursos t\u00e9cnicos ser\u00e1 por meio de procedimento classificat\u00f3rio de An\u00e1lise de Hist\u00f3rico Escolar. Podem se inscrever, pessoas que est\u00e3o concluindo ou j\u00e1 conclu\u00edram o Ensino Fundamental II (9\u00ba ano).<\/p>\n\n\n\n<p>Para realizar a inscri\u00e7\u00e3o o(a) candidato(a) deve acessar o <a href=\"https:\/\/opinanovo.ifbaiano.edu.br\/index.php\/618694\">sistema online de inscri\u00e7\u00f5es<\/a> do Processo Seletivo e seguir os passos:<\/p>\n\n\n\n<ul><li>realizar preenchimento de formul\u00e1rio com as informa\u00e7\u00f5es dos dados pessoais e socioecon\u00f4mico;<\/li><li>informar a escolaridade e tipo(s) de estabelecimento(s) de ensino em que o(a) candidato(a) cursou todo o Ensino Fundamental; <\/li><li>selecionar o curso para o qual deseja se inscrever como 1\u00aa op\u00e7\u00e3o; <\/li><li>selecionar um curso diferente para se inscrever como 2\u00aa ou mais op\u00e7\u00f5es; <\/li><li>informar as notas das m\u00e9dias finais do Hist\u00f3rico Escolar das disciplinas L\u00edngua Portuguesa, Matem\u00e1tica, Hist\u00f3ria, Ci\u00eancias e Geografia do 8\u00ba ano do Ensino Fundamental II (ou equivalentes), no padr\u00e3o num\u00e9rico de 0,00 a 10,00; <\/li><li>selecionar a reserva de vagas que deseja concorrer;<\/li><li>inserir arquivo PDF ou JPEG dos seguintes documentos:<br>a) CPF,<br>b) Hist\u00f3rico Escolar (ou documento equivalente);<br>c) autodeclara\u00e7\u00f5es, apenas para os candidatos(as) que concorrerem na modalidade de reserva de vagas selecionando dentre as op\u00e7\u00f5es dispon\u00edveis, (conforme edital).<\/li><\/ul>\n\n\n\n<p>O IF Baiano reserva 75% das vagas para cotas em diferentes categorias de a\u00e7\u00f5es afirmativas e 25% para ampla concorr\u00eancia. Este ano, as sele\u00e7\u00f5es ir\u00e3o contar com uma&nbsp;Banca de Verifica\u00e7\u00e3o da Autodeclara\u00e7\u00e3o \u00c9tnico-racial. Os membros da banca ir\u00e3o realizar entrevistas com o objetivo de confirmar a autodeclara\u00e7\u00e3o dos candidatos autodeclarados pretos e pardos a fim de garantir que as reservas de vagas sejam ocupadas por quem possui o direito.<\/p>\n\n\n\n<p>Os(as) candidato(as) devem acompanhar todas as demais ETAPAS de sele\u00e7\u00e3o <a href=\"https:\/\/concurso.ifbaiano.edu.br\/portal\/ingresso-integrado-santa-ines-abril-2022\/\">aqui<\/a>.<\/p>\n\n\n\n<p>Contato para informa\u00e7\u00f5es sobre ingresso em cursos t\u00e9cnicos do IF Baiano:&nbsp;<a href=\"mailto:ingressos@ifbaiano.edu.br\">ingressos@ifbaiano.edu.br<\/a><\/p>\n\n\n\n<h2 class=\"wp-block-heading\"><strong>Documentos referentes a este Processo Seletivo:<\/strong><\/h2>\n\n\n\n<p><\/p>\n\n\n\n<ul><li><a rel=\"noreferrer noopener\" target=\"_blank\" href=\"https:\/\/concurso.ifbaiano.edu.br\/portal\/ingresso-integrado-santa-ines-abril-2022\/wp-content\/uploads\/sites\/566\/2022\/11\/Edital-37-2022.pdf\">EDITAL DE MATR\u00cdCULA N\u00ba 37<\/a><\/li><li><a href=\"https:\/\/www.ifbaiano.edu.br\/unidades\/santaines\/files\/2022\/08\/RESULTADO-FINAL-DO-PROSEL.pdf\">RESULTAO FINAL<\/a><\/li><li><a href=\"https:\/\/concurso.ifbaiano.edu.br\/portal\/ingresso-integrado-santa-ines-abril-2022\/wp-content\/uploads\/sites\/566\/2022\/08\/Resultado-Preliminar-Banca-de-autodeclaracao.pdf\">RESULTADO PRELIMINAR &#8211; BANCA DE AUTODECLARA\u00c7\u00c3O<\/a><\/li><li><a rel=\"noreferrer noopener\" href=\"https:\/\/concurso.ifbaiano.edu.br\/portal\/ingresso-integrado-santa-ines-abril-2022\/wp-content\/uploads\/sites\/566\/2022\/08\/Cronograma-Banca-de-Autodeclaracao-Agosto-2022.pdf\" target=\"_blank\">CRONOGRAMA BANCA DE AUTODECLARA\u00c7\u00c3O \u2013 AGOSTO DE 2022<\/a><\/li><li><a href=\"https:\/\/www.ifbaiano.edu.br\/unidades\/santaines\/files\/2022\/08\/EDITAL-DE-RETIFICACAO-No-28_2022.pdf\">EDITAL DE RETIFICA\u00c7\u00c3O N\u00ba 28\/2022, DE 02 DE AGOSTO DE 2022<\/a><\/li><li><a rel=\"noreferrer noopener\" href=\"https:\/\/concurso.ifbaiano.edu.br\/portal\/ingresso-integrado-santa-ines-abril-2022\/wp-content\/uploads\/sites\/566\/2022\/07\/RESULTADO-FINAL-DE-DESEMPENHO-ESCOLAR-Retificacao.pdf\" target=\"_blank\">RESULTADO FINAL DE DESEMPENHO ESCOLAR \u2013 Retifica\u00e7\u00e3o<\/a><\/li><li><a rel=\"noreferrer noopener\" href=\"https:\/\/concurso.ifbaiano.edu.br\/portal\/ingresso-subsequente-santa-ines-junho-2022\/wp-content\/uploads\/sites\/615\/2022\/07\/Resultado-Final-da-Selecao.pdf\" target=\"_blank\">RESULTADO FINAL DA SELE\u00c7\u00c3O<\/a><\/li><li><a href=\"https:\/\/www.ifbaiano.edu.br\/unidades\/santaines\/files\/2022\/07\/Edital-de-Retificacao-21.pdf\">EDITAL DE RETIFICA\u00c7\u00c3O N\u00ba 21\/2022<\/a><\/li><li><a href=\"https:\/\/www.ifbaiano.edu.br\/unidades\/santaines\/files\/2022\/07\/Cronograma-Banca-de-Heteroidentificacao.pdf\">CRONOGRAMA DAS ENTREVISTAS DE VERIFICA\u00c7\u00c3O DA AUTODECLARA\u00c7\u00c3O<\/a><\/li><li><a href=\"https:\/\/www.ifbaiano.edu.br\/unidades\/santaines\/files\/2022\/07\/CURRICULO-DA-BANCA-DE-AVALIACAO-DA-AUTODECLARACAO-PROSEL-2022.pdf\">CURR\u00cdCULO DA BANCA DE AVALIA\u00c7\u00c3O DA AUTODECLARA\u00c7\u00c3O<\/a><\/li><li><a href=\"https:\/\/www.ifbaiano.edu.br\/unidades\/santaines\/files\/2022\/06\/RESULTADO-FINAL-DE-DESEMPENHO-ESCOLAR.pdf\" data-type=\"URL\" data-id=\"https:\/\/www.ifbaiano.edu.br\/unidades\/santaines\/files\/2022\/06\/RESULTADO-FINAL-DE-DESEMPENHO-ESCOLAR.pdf\">RESULTADO FINAL DE DESEMPENHO ESCOLAR<\/a><\/li><li><a rel=\"noreferrer noopener\" href=\"https:\/\/concurso.ifbaiano.edu.br\/portal\/ingresso-integrado-santa-ines-abril-2022\/wp-content\/uploads\/sites\/566\/2022\/06\/Resultado-Preliminar-de-Desempenho-Escolar.pdf\" target=\"_blank\">ESULTADO PRELIMINAR DE DESEMPENHO ESCOLAR<\/a><\/li><li><a rel=\"noreferrer noopener\" href=\"https:\/\/concurso.ifbaiano.edu.br\/portal\/ingresso-integrado-santa-ines-abril-2022\/wp-content\/uploads\/sites\/566\/2022\/06\/Lista-Final-de-Inscricoes-Homologadas.pdf\" target=\"_blank\">LISTA FINAL DE INSCRI\u00c7\u00d5ES HOMOLOGADAS<\/a><\/li><li><a href=\"https:\/\/concurso.ifbaiano.edu.br\/portal\/ingresso-integrado-santa-ines-abril-2022\/wp-content\/uploads\/sites\/566\/2022\/06\/Edital-de-Retificacao-no-17.pdf\">EDITAL DE RETIFICA\u00c7\u00c3O N\u00ba 17\/2022<\/a><\/li><li><a rel=\"noreferrer noopener\" target=\"_blank\" href=\"https:\/\/www.ifbaiano.edu.br\/unidades\/santaines\/files\/2022\/06\/Resultado-Preliminar-Homologacao-das-Inscricoes-Edital-o-11-2022.pdf\">RESULTADO PRELIMINAR DAS INSCRI\u00c7\u00d5ES<\/a><\/li><li><a rel=\"noreferrer noopener\" target=\"_blank\" href=\"https:\/\/concurso.ifbaiano.edu.br\/portal\/ingresso-integrado-santa-ines-abril-2022\/wp-content\/uploads\/sites\/566\/2022\/04\/Edital-no-11.pdf\">EDITAL N\u00ba 11\/2022<\/a><\/li><li><a rel=\"noreferrer noopener\" target=\"_blank\" href=\"https:\/\/concurso.ifbaiano.edu.br\/portal\/ingresso-integrado-santa-ines-abril-2022\/wp-content\/uploads\/sites\/566\/2022\/04\/ANEXO-I-EQUIVALENCIA-DE-CONCEITOS-E-NOTAS.pdf\">ANEXO I- EQUIVAL\u00caNCIA DE CONCEITOS E NOTAS<\/a><\/li><li><a rel=\"noreferrer noopener\" target=\"_blank\" href=\"https:\/\/concurso.ifbaiano.edu.br\/portal\/ingresso-integrado-santa-ines-abril-2022\/wp-content\/uploads\/sites\/566\/2022\/04\/ANEXO-II-CONSOLIDACAO-DA-RENDA-FAMILIAR.pdf\">ANEXO II -CONSOLIDA\u00c7\u00c3O DA RENDA FAMILIAR<\/a><\/li><li><a rel=\"noreferrer noopener\" target=\"_blank\" href=\"https:\/\/concurso.ifbaiano.edu.br\/portal\/ingresso-integrado-santa-ines-abril-2022\/wp-content\/uploads\/sites\/566\/2022\/04\/ANEXO-III-AUTODECLARACAO-ETNICO-RACIAL.pdf\">ANEXO III- AUTODECLARA\u00c7\u00c3O \u00c9TNICO-RACIAL<\/a><\/li><li><a rel=\"noreferrer noopener\" target=\"_blank\" href=\"https:\/\/concurso.ifbaiano.edu.br\/portal\/ingresso-integrado-santa-ines-abril-2022\/wp-content\/uploads\/sites\/566\/2022\/04\/ANEXO-IV-DECLARACAO-DE-PESSOA-COM-DEFICIENCIA.pdf\">ANEXO IV-DECLARA\u00c7\u00c3O DE PESSOA COM DEFICI\u00caNCIA<\/a><\/li><li><a rel=\"noreferrer noopener\" target=\"_blank\" href=\"https:\/\/concurso.ifbaiano.edu.br\/portal\/ingresso-integrado-santa-ines-abril-2022\/wp-content\/uploads\/sites\/566\/2022\/04\/ANEXO-V-DECLARACAO-DE-HISTORICO-ESCOLAR-DO-ENS.-FUND.-II.pdf\">ANEXO V- DECLARA\u00c7\u00c3O DE HIST\u00d3RICO ESCOLAR DO ENS. FUND. II<\/a><\/li><li><a rel=\"noreferrer noopener\" target=\"_blank\" href=\"https:\/\/concurso.ifbaiano.edu.br\/portal\/ingresso-integrado-santa-ines-abril-2022\/wp-content\/uploads\/sites\/566\/2022\/04\/ANEXO-VI-DECLARACAO-DE-ESCOLA-PUBLICA.pdf\">ANEXO VI- DECLARA\u00c7\u00c3O DE ESCOLA P\u00daBLICA<\/a><\/li><li><a rel=\"noreferrer noopener\" target=\"_blank\" href=\"https:\/\/concurso.ifbaiano.edu.br\/portal\/ingresso-integrado-santa-ines-abril-2022\/wp-content\/uploads\/sites\/566\/2022\/04\/ANEXO-VII-AUTODECLARACAO-DE-RENDA.pdf\">ANEXO VII- AUTODECLARA\u00c7\u00c3O DE RENDA<\/a><\/li><\/ul>\n\n\n\n<hr class=\"wp-block-separator\" \/>\n\n\n\n<p><\/p>\n","protected":false},"excerpt":{"rendered":"<p>Confira os cursos, quantidade de vagas e per\u00edodos de inscri\u00e7\u00e3o.<\/p>\n","protected":false},"author":86,"featured_media":16318,"comment_status":"closed","ping_status":"closed","sticky":false,"template":"","format":"standard","meta":[],"categories":[4,5,8,57],"tags":[],"_links":{"self":[{"href":"https:\/\/www.ifbaiano.edu.br\/unidades\/santaines\/wp-json\/wp\/v2\/posts\/16316"}],"collection":[{"href":"https:\/\/www.ifbaiano.edu.br\/unidades\/santaines\/wp-json\/wp\/v2\/posts"}],"about":[{"href":"https:\/\/www.ifbaiano.edu.br\/unidades\/santaines\/wp-json\/wp\/v2\/types\/post"}],"author":[{"embeddable":true,"href":"https:\/\/www.ifbaiano.edu.br\/unidades\/santaines\/wp-json\/wp\/v2\/users\/86"}],"replies":[{"embeddable":true,"href":"https:\/\/www.ifbaiano.edu.br\/unidades\/santaines\/wp-json\/wp\/v2\/comments?post=16316"}],"version-history":[{"count":25,"href":"https:\/\/www.ifbaiano.edu.br\/unidades\/santaines\/wp-json\/wp\/v2\/posts\/16316\/revisions"}],"predecessor-version":[{"id":17669,"href":"https:\/\/www.ifbaiano.edu.br\/unidades\/santaines\/wp-json\/wp\/v2\/posts\/16316\/revisions\/17669"}],"wp:featuredmedia":[{"embeddable":true,"href":"https:\/\/www.ifbaiano.edu.br\/unidades\/santaines\/wp-json\/wp\/v2\/media\/16318"}],"wp:attachment":[{"href":"https:\/\/www.ifbaiano.edu.br\/unidades\/santaines\/wp-json\/wp\/v2\/media?parent=16316"}],"wp:term":[{"taxonomy":"category","embeddable":true,"href":"https:\/\/www.ifbaiano.edu.br\/unidades\/santaines\/wp-json\/wp\/v2\/categories?post=16316"},{"taxonomy":"post_tag","embeddable":true,"href":"https:\/\/www.ifbaiano.edu.br\/unidades\/santaines\/wp-json\/wp\/v2\/tags?post=16316"}],"curies":[{"name":"wp","href":"https:\/\/api.w.org\/{rel}","templated":true}]}}