{"id":16342,"date":"2022-04-27T09:26:00","date_gmt":"2022-04-27T12:26:00","guid":{"rendered":"https:\/\/www.ifbaiano.edu.br\/unidades\/santaines\/?p=16342"},"modified":"2022-06-13T17:15:09","modified_gmt":"2022-06-13T20:15:09","slug":"projeto-de-extensao-do-neqa-if-baiano-cnpq-promove-dialogo-sobre-questao-agraria-na-obra-torto-arado","status":"publish","type":"post","link":"https:\/\/www.ifbaiano.edu.br\/unidades\/santaines\/projeto-de-extensao-do-neqa-if-baiano-cnpq-promove-dialogo-sobre-questao-agraria-na-obra-torto-arado\/","title":{"rendered":"Projeto de Extens\u00e3o Clube de Leitura do NEQA-IF Baiano no Campus Santa In\u00eas inicia as atividades com a obra &#8220;Torto Arado&#8221;"},"content":{"rendered":"\n<p>O Grupo de Pesquisa em Quest\u00f5es Agr\u00e1rias IF Baiano\/CNPq, mais conhecido como NEQA, est\u00e1 realizando o projeto de extens\u00e3o Clube de Leitura do NEQA-IF Baiano, no Campus Santa In\u00eas, sob a organiza\u00e7\u00e3o das Professoras Aline Lima e \u00c2ngela Calhau e da discente bolsista, Jucileda Moreira \u2013 Edital de Extens\u00e3o n\u00ba 81\/2021, dispon\u00edvel na  <a href=\"https:\/\/concurso.ifbaiano.edu.br\/portal\/pibiex-superior-2021\/\">p\u00e1gina de concursos<\/a>.  <\/p>\n\n\n\n<p>Nesta primeira edi\u00e7\u00e3o, o Clube de Leitura do NEQA-IF Baiano far\u00e1 o estudo da obra &#8220;Torto Arado&#8221;, do premiado escritor baiano Itamar Vieira J\u00fanior. Em cada encontro, haver\u00e1 o sorteio de exemplar de \u201cTorto Arado\u201d.<\/p>\n\n\n\n<div class=\"wp-block-media-text alignwide is-stacked-on-mobile\"><figure class=\"wp-block-media-text__media\"><img decoding=\"async\" loading=\"lazy\" width=\"1080\" height=\"1080\" src=\"https:\/\/www.ifbaiano.edu.br\/unidades\/santaines\/files\/2022\/04\/Clube-do-Livro.png\" alt=\"\" class=\"wp-image-16374 size-full\" \/><\/figure><div class=\"wp-block-media-text__content\">\n<p>Os encontros do Clube de Leitura j\u00e1 tem <a href=\"https:\/\/www.ifbaiano.edu.br\/unidades\/santaines\/files\/2022\/06\/v4-Cronograma-Clube-da-Leitura-NEQA-IF-Baiano-1306.pdf\">cronograma<\/a>. As atividades\u00a0ter\u00e3o carga hor\u00e1ria s\u00edncrona e ass\u00edncrona e haver\u00e1 CERTIFICADO para os(as) participantes. Ser\u00e3o 10 encontros s\u00edncronos realizados entre \u00e0s 19h e 20h30min, <a href=\"https:\/\/meet.google.com\/jhg-ynmc-dmz\">nesta sala virtual<\/a>. <\/p>\n\n\n\n<p>As atividades ass\u00edncronas consistir\u00e3o na leitura da parte sugerida no  <a href=\"https:\/\/www.ifbaiano.edu.br\/unidades\/santaines\/files\/2022\/06\/v4-Cronograma-Clube-da-Leitura-NEQA-IF-Baiano-1306.pdf\">cronograma <\/a>e na sua sistematiza\u00e7\u00e3o (a Coordena\u00e7\u00e3o disponibilizar\u00e1 um formul\u00e1rio para ser preenchido).<\/p>\n<\/div><\/div>\n\n\n\n<p>Para d\u00favidas e informa\u00e7\u00f5es sobre o projeto e\/ou atividades, o(a) interessado(a) deve entrar em contato atrav\u00e9s do e-mail&nbsp;clubedeleituraneqaifbaiano@gmail.com.<\/p>\n\n\n\n<hr class=\"wp-block-separator\" \/>\n\n\n\n<p><\/p>\n","protected":false},"excerpt":{"rendered":"<p>O Grupo de Pesquisa em Quest\u00f5es Agr\u00e1rias IF Baiano\/CNPq, mais conhecido como NEQA, est\u00e1 realizando o projeto de extens\u00e3o Clube de Leitura do NEQA-IF Baiano, no Campus Santa In\u00eas, sob a organiza\u00e7\u00e3o das Professoras Aline Lima e \u00c2ngela Calhau e da discente bolsista, Jucileda Moreira \u2013 Edital de Extens\u00e3o n\u00ba 81\/2021, dispon\u00edvel na p\u00e1gina de [&hellip;]<\/p>\n","protected":false},"author":86,"featured_media":16374,"comment_status":"closed","ping_status":"closed","sticky":false,"template":"","format":"standard","meta":[],"categories":[4,5,37,10,57],"tags":[],"_links":{"self":[{"href":"https:\/\/www.ifbaiano.edu.br\/unidades\/santaines\/wp-json\/wp\/v2\/posts\/16342"}],"collection":[{"href":"https:\/\/www.ifbaiano.edu.br\/unidades\/santaines\/wp-json\/wp\/v2\/posts"}],"about":[{"href":"https:\/\/www.ifbaiano.edu.br\/unidades\/santaines\/wp-json\/wp\/v2\/types\/post"}],"author":[{"embeddable":true,"href":"https:\/\/www.ifbaiano.edu.br\/unidades\/santaines\/wp-json\/wp\/v2\/users\/86"}],"replies":[{"embeddable":true,"href":"https:\/\/www.ifbaiano.edu.br\/unidades\/santaines\/wp-json\/wp\/v2\/comments?post=16342"}],"version-history":[{"count":7,"href":"https:\/\/www.ifbaiano.edu.br\/unidades\/santaines\/wp-json\/wp\/v2\/posts\/16342\/revisions"}],"predecessor-version":[{"id":16582,"href":"https:\/\/www.ifbaiano.edu.br\/unidades\/santaines\/wp-json\/wp\/v2\/posts\/16342\/revisions\/16582"}],"wp:featuredmedia":[{"embeddable":true,"href":"https:\/\/www.ifbaiano.edu.br\/unidades\/santaines\/wp-json\/wp\/v2\/media\/16374"}],"wp:attachment":[{"href":"https:\/\/www.ifbaiano.edu.br\/unidades\/santaines\/wp-json\/wp\/v2\/media?parent=16342"}],"wp:term":[{"taxonomy":"category","embeddable":true,"href":"https:\/\/www.ifbaiano.edu.br\/unidades\/santaines\/wp-json\/wp\/v2\/categories?post=16342"},{"taxonomy":"post_tag","embeddable":true,"href":"https:\/\/www.ifbaiano.edu.br\/unidades\/santaines\/wp-json\/wp\/v2\/tags?post=16342"}],"curies":[{"name":"wp","href":"https:\/\/api.w.org\/{rel}","templated":true}]}}