{"id":16368,"date":"2022-04-25T11:37:44","date_gmt":"2022-04-25T14:37:44","guid":{"rendered":"https:\/\/www.ifbaiano.edu.br\/unidades\/santaines\/?p=16368"},"modified":"2022-04-25T11:37:47","modified_gmt":"2022-04-25T14:37:47","slug":"if-baiano-seleciona-projetos-para-concessao-de-bolsas-pibic","status":"publish","type":"post","link":"https:\/\/www.ifbaiano.edu.br\/unidades\/santaines\/if-baiano-seleciona-projetos-para-concessao-de-bolsas-pibic\/","title":{"rendered":"IF Baiano seleciona projetos para concess\u00e3o de bolsas PIBIC"},"content":{"rendered":"\n<p>A Pr\u00f3-reitoria de Pesquisa e Inova\u00e7\u00e3o (Propes}) acaba de lan\u00e7ar&nbsp;<a href=\"https:\/\/concurso.ifbaiano.edu.br\/portal\/pibic-03-abril-2022\/wp-content\/uploads\/sites\/577\/2022\/04\/Edital-no-42.pdf\">Chamada Interna<\/a>&nbsp;para projetos de pesquisas interessados em receber apoio financeiro para bolsas de Inicia\u00e7\u00e3o Cient\u00edfica pela Funda\u00e7\u00e3o de Amparo \u00e0 Pesquisa da Bahia (Fapesb). O prazo para submiss\u00e3o \u00e9 de 20 de abril a 04 de maio de 2022. As propostas s\u00e3o enviadas pelo Sistema Unificado de Administra\u00e7\u00e3o P\u00fablica (SUAP).<\/p>\n\n\n\n<p>O&nbsp;<em>Programa<\/em>&nbsp;Institucional de Bolsas de Inicia\u00e7\u00e3o Cient\u00edfica (<em>PIBIC<\/em>) do IF Baiano visa despertar a voca\u00e7\u00e3o cient\u00edfica e incentivar talentos potenciais para a pesquisa entre discentes de gradua\u00e7\u00e3o em todas as \u00e1reas do conhecimento, mediante a participa\u00e7\u00e3o em projetos de pesquisa orientados por pesquisadores atuantes e qualificados, de acordo com o regulamento espec\u00edfico.<\/p>\n\n\n\n<p>Para cada proposta aprovada, ser\u00e1 concedida uma bolsa de Inicia\u00e7\u00e3o Cient\u00edfica (IC) da Fapesb, pelo prazo m\u00e1ximo de 12 meses. O valor mensal da bolsa de Inicia\u00e7\u00e3o Cient\u00edfica concedida pela Fapesb ser\u00e1 de acordo com normativas e tabelas utilizadas pela ag\u00eancia. Para cada proposta aprovada, ser\u00e1 disponibilizado o valor de at\u00e9 R$ 2.000,00 para \u201cAux\u00edlio ao Pesquisador\u201d, conforme disponibilidade or\u00e7ament\u00e1ria do IF Baiano, com a op\u00e7\u00e3o de parcelamento a crit\u00e9rio da institui\u00e7\u00e3o.&nbsp;<\/p>\n\n\n\n<p>Na sele\u00e7\u00e3o, uma comiss\u00e3o avaliadora julgar\u00e1 as melhores propostas a partir dos crit\u00e9rios estabelecidos no barema em anexo do edital. A pontua\u00e7\u00e3o do projeto de pesquisa pode chegar a 100 pontos e tem peso 7. \u00c0 ela, soma-se a nota da avalia\u00e7\u00e3o do Curr\u00edculo Lattes do pesquisador, que tem peso 3, para c\u00e1lculo da nota final. O resultado final da sele\u00e7\u00e3o ser\u00e1 divulgado no dia 24 de maio.<\/p>\n\n\n\n<p>Para mais informa\u00e7\u00f5es sobre a sele\u00e7\u00e3o e acesso aos formul\u00e1rios e baremas, os interessados devem consultar o edital e acompanhar a\u00a0<a href=\"https:\/\/concurso.ifbaiano.edu.br\/portal\/pibic-03-abril-2022\/\">p\u00e1gina do certame<\/a>.<\/p>\n\n\n\n<hr class=\"wp-block-separator\" \/>\n\n\n\n<p>Mat\u00e9ria ASCOM dispon\u00edvel em: https:\/\/ifbaiano.edu.br\/portal\/blog\/if-baiano-seleciona-projetos-para-concessao-de-bolsas-pibic\/<\/p>\n","protected":false},"excerpt":{"rendered":"<p>A Pr\u00f3-reitoria de Pesquisa e Inova\u00e7\u00e3o (Propes}) acaba de lan\u00e7ar&nbsp;Chamada Interna&nbsp;para projetos de pesquisas interessados em receber apoio financeiro para bolsas de Inicia\u00e7\u00e3o Cient\u00edfica pela Funda\u00e7\u00e3o de Amparo \u00e0 Pesquisa da Bahia (Fapesb). O prazo para submiss\u00e3o \u00e9 de 20 de abril a 04 de maio de 2022. As propostas s\u00e3o enviadas pelo Sistema Unificado [&hellip;]<\/p>\n","protected":false},"author":86,"featured_media":16369,"comment_status":"closed","ping_status":"closed","sticky":false,"template":"","format":"standard","meta":[],"categories":[4,38,5,57],"tags":[],"_links":{"self":[{"href":"https:\/\/www.ifbaiano.edu.br\/unidades\/santaines\/wp-json\/wp\/v2\/posts\/16368"}],"collection":[{"href":"https:\/\/www.ifbaiano.edu.br\/unidades\/santaines\/wp-json\/wp\/v2\/posts"}],"about":[{"href":"https:\/\/www.ifbaiano.edu.br\/unidades\/santaines\/wp-json\/wp\/v2\/types\/post"}],"author":[{"embeddable":true,"href":"https:\/\/www.ifbaiano.edu.br\/unidades\/santaines\/wp-json\/wp\/v2\/users\/86"}],"replies":[{"embeddable":true,"href":"https:\/\/www.ifbaiano.edu.br\/unidades\/santaines\/wp-json\/wp\/v2\/comments?post=16368"}],"version-history":[{"count":1,"href":"https:\/\/www.ifbaiano.edu.br\/unidades\/santaines\/wp-json\/wp\/v2\/posts\/16368\/revisions"}],"predecessor-version":[{"id":16370,"href":"https:\/\/www.ifbaiano.edu.br\/unidades\/santaines\/wp-json\/wp\/v2\/posts\/16368\/revisions\/16370"}],"wp:featuredmedia":[{"embeddable":true,"href":"https:\/\/www.ifbaiano.edu.br\/unidades\/santaines\/wp-json\/wp\/v2\/media\/16369"}],"wp:attachment":[{"href":"https:\/\/www.ifbaiano.edu.br\/unidades\/santaines\/wp-json\/wp\/v2\/media?parent=16368"}],"wp:term":[{"taxonomy":"category","embeddable":true,"href":"https:\/\/www.ifbaiano.edu.br\/unidades\/santaines\/wp-json\/wp\/v2\/categories?post=16368"},{"taxonomy":"post_tag","embeddable":true,"href":"https:\/\/www.ifbaiano.edu.br\/unidades\/santaines\/wp-json\/wp\/v2\/tags?post=16368"}],"curies":[{"name":"wp","href":"https:\/\/api.w.org\/{rel}","templated":true}]}}