{"id":16390,"date":"2022-05-03T19:32:40","date_gmt":"2022-05-03T22:32:40","guid":{"rendered":"https:\/\/www.ifbaiano.edu.br\/unidades\/santaines\/?p=16390"},"modified":"2022-05-09T07:49:25","modified_gmt":"2022-05-09T10:49:25","slug":"campus-santa-ines-fara-celebracao-em-alusao-ao-dia-do-zootecnista","status":"publish","type":"post","link":"https:\/\/www.ifbaiano.edu.br\/unidades\/santaines\/campus-santa-ines-fara-celebracao-em-alusao-ao-dia-do-zootecnista\/","title":{"rendered":"Campus Santa In\u00eas far\u00e1 celebra\u00e7\u00e3o em alus\u00e3o ao Dia do Zootecnista"},"content":{"rendered":"\n<p>No dia\u00a013 de maio, em celebra\u00e7\u00e3o ao Dia do Zootecnista, o IF Baiano \u2013 Campus Santa In\u00eas realizar\u00e1 um evento voltado para egressos, discentes, docentes e t\u00e9cnicos da \u00e1rea. O evento tem como objetivo integrar os profissionais zootecnistas do campus e futuros profissionais (estudantes).<\/p>\n\n\n\n<p>A celebra\u00e7\u00e3o acontecer\u00e1 na quadra poliesportiva do campus. Est\u00e3o previstas, na programa\u00e7\u00e3o, diversas atividades ao longo do dia: palestra, momentos culturais com som ao vivo, gincanas, bingo e um bolo comemorativo para celebrar. O evento contar\u00e1 com a presen\u00e7a do diretor da Associa\u00e7\u00e3o Brasileira de Zootecnia da Bahia (ABZ) que proferir\u00e1 palestra a respeito da entidade e sua representa\u00e7\u00e3o no estado.<\/p>\n\n\n\n<p>Esta \u00e9 a\u00a0segunda\u00a0edi\u00e7\u00e3o da celebra\u00e7\u00e3o em alus\u00e3o \u00e0 data, no campus Santa In\u00eas. A primeira comemora\u00e7\u00e3o aconteceu em 2019.<\/p>\n\n\n\n<figure class=\"wp-block-image size-full\"><a href=\"https:\/\/www.ifbaiano.edu.br\/unidades\/santaines\/files\/2022\/05\/Programacao-dia-do-Zootecnista-2022.jpg\"><img decoding=\"async\" loading=\"lazy\" width=\"1280\" height=\"720\" src=\"https:\/\/www.ifbaiano.edu.br\/unidades\/santaines\/files\/2022\/05\/Programacao-dia-do-Zootecnista-2022.jpg\" alt=\"\" class=\"wp-image-16398\" \/><\/a><figcaption>Programa\u00e7\u00e3o do Evento<\/figcaption><\/figure>\n\n\n\n<hr class=\"wp-block-separator\" \/>\n\n\n\n<p><strong>Sobre o Dia do Zootecnista<\/strong><\/p>\n\n\n\n<p>No dia&nbsp;13 de maio&nbsp;de 1966, ocorreu a aula inaugural do primeiro curso superior de Zootecnia, no Brasil, na Pontif\u00edcia Universidade Cat\u00f3lica (PUC), em Uruguaiana \u2013 RS. Em 2018, o presidente Michel Temer sancionou a Lei 13.596, que determina o dia&nbsp;13 de maio&nbsp;como o dia do zootecnista.<\/p>\n\n\n\n<p>A data \u00e9 bastante representativa para o Campus Santa In\u00eas, pois a institui\u00e7\u00e3o oferta Curso T\u00e9cnico de n\u00edvel m\u00e9dio em Zootecnia desde 1997 e, em 2010, implantou tamb\u00e9m o Curso de Bacharelado em Zootecnia. Al\u00e9m disso, a unidade conta, em seu quadro de pessoal, com profissionais da \u00e1rea, tanto t\u00e9cnico-administrativos quanto professores, sendo alguns desses profissionais ex-alunos da institui\u00e7\u00e3o.<\/p>\n\n\n\n<hr class=\"wp-block-separator\" \/>\n\n\n\n<p><\/p>\n","protected":false},"excerpt":{"rendered":"<p>No dia\u00a013 de maio, em celebra\u00e7\u00e3o ao Dia do Zootecnista, o IF Baiano \u2013 Campus Santa In\u00eas realizar\u00e1 um evento voltado para egressos, discentes, docentes e t\u00e9cnicos da \u00e1rea. O evento tem como objetivo integrar os profissionais zootecnistas do campus e futuros profissionais (estudantes). A celebra\u00e7\u00e3o acontecer\u00e1 na quadra poliesportiva do campus. Est\u00e3o previstas, na [&hellip;]<\/p>\n","protected":false},"author":86,"featured_media":16391,"comment_status":"closed","ping_status":"closed","sticky":false,"template":"","format":"standard","meta":[],"categories":[4,5,37,57],"tags":[],"_links":{"self":[{"href":"https:\/\/www.ifbaiano.edu.br\/unidades\/santaines\/wp-json\/wp\/v2\/posts\/16390"}],"collection":[{"href":"https:\/\/www.ifbaiano.edu.br\/unidades\/santaines\/wp-json\/wp\/v2\/posts"}],"about":[{"href":"https:\/\/www.ifbaiano.edu.br\/unidades\/santaines\/wp-json\/wp\/v2\/types\/post"}],"author":[{"embeddable":true,"href":"https:\/\/www.ifbaiano.edu.br\/unidades\/santaines\/wp-json\/wp\/v2\/users\/86"}],"replies":[{"embeddable":true,"href":"https:\/\/www.ifbaiano.edu.br\/unidades\/santaines\/wp-json\/wp\/v2\/comments?post=16390"}],"version-history":[{"count":3,"href":"https:\/\/www.ifbaiano.edu.br\/unidades\/santaines\/wp-json\/wp\/v2\/posts\/16390\/revisions"}],"predecessor-version":[{"id":16399,"href":"https:\/\/www.ifbaiano.edu.br\/unidades\/santaines\/wp-json\/wp\/v2\/posts\/16390\/revisions\/16399"}],"wp:featuredmedia":[{"embeddable":true,"href":"https:\/\/www.ifbaiano.edu.br\/unidades\/santaines\/wp-json\/wp\/v2\/media\/16391"}],"wp:attachment":[{"href":"https:\/\/www.ifbaiano.edu.br\/unidades\/santaines\/wp-json\/wp\/v2\/media?parent=16390"}],"wp:term":[{"taxonomy":"category","embeddable":true,"href":"https:\/\/www.ifbaiano.edu.br\/unidades\/santaines\/wp-json\/wp\/v2\/categories?post=16390"},{"taxonomy":"post_tag","embeddable":true,"href":"https:\/\/www.ifbaiano.edu.br\/unidades\/santaines\/wp-json\/wp\/v2\/tags?post=16390"}],"curies":[{"name":"wp","href":"https:\/\/api.w.org\/{rel}","templated":true}]}}