{"id":16412,"date":"2022-05-11T13:07:35","date_gmt":"2022-05-11T16:07:35","guid":{"rendered":"https:\/\/www.ifbaiano.edu.br\/unidades\/santaines\/?p=16412"},"modified":"2022-05-11T13:07:35","modified_gmt":"2022-05-11T16:07:35","slug":"proex-lanca-edital-para-regulamentar-cadastro-de-cursos-livres-de-extensao","status":"publish","type":"post","link":"https:\/\/www.ifbaiano.edu.br\/unidades\/santaines\/proex-lanca-edital-para-regulamentar-cadastro-de-cursos-livres-de-extensao\/","title":{"rendered":"Proex lan\u00e7a edital para regulamentar cadastro de cursos livres de extens\u00e3o"},"content":{"rendered":"\n<p>A Pr\u00f3-reitoria de Extens\u00e3o (Proex) lan\u00e7ou&nbsp;<a href=\"https:\/\/concurso.ifbaiano.edu.br\/portal\/cursos-livres-extensao-maio-2022\/wp-content\/uploads\/sites\/590\/2022\/05\/EDITAL-No-48-de-2022.pdf\">edital<\/a>&nbsp;para regulamentar o processo de cadastro das propostas e o monitoramento de cursos livres de extens\u00e3o, direcionados \u00e0s comunidades externa e interna do Instituto Federal de Educa\u00e7\u00e3o Ci\u00eancia e Tecnologia Baiano (IF Baiano). Os proponentes podem cadastrar propostas at\u00e9 o dia 31 de janeiro, data de t\u00e9rmino da vig\u00eancia do Edital, atrav\u00e9s do Sistema Unificado de Administra\u00e7\u00e3o P\u00fablica (SUAP).<\/p>\n\n\n\n<p>O prazo de anteced\u00eancia para a submiss\u00e3o de cursos livres em rela\u00e7\u00e3o \u00e0 sua execu\u00e7\u00e3o, deve ser, no m\u00ednimo, de 15 dias, n\u00e3o sendo permitida, em nenhuma hip\u00f3tese, o cadastro da a\u00e7\u00e3o posterior \u00e0 sua realiza\u00e7\u00e3o. Os cursos livres de extens\u00e3o s\u00e3o ofertados de forma gratuita. S\u00e3o cursos cuja carga hor\u00e1ria pode variar de 2 at\u00e9 19 horas e devem estar vinculados \u00e0s \u00e1reas dos cursos ofertados pela unidade proponente, contemplando uma das \u00c1reas Tem\u00e1ticas da Extens\u00e3o.<\/p>\n\n\n\n<p>N\u00e3o haver\u00e1 limite de submiss\u00e3o de propostas de cursos livres por unidade do IF Baiano, ou pela Pr\u00f3-Reitoria de Extens\u00e3o. \u00c0 medida que forem cadastrados no SUAP e comunicados \u00e0 Coordena\u00e7\u00e3o de Extens\u00e3o da unidade ou Pr\u00f3-Reitoria de Extens\u00e3o, ser\u00e3o analisados, podendo ser aceitos ou n\u00e3o.<\/p>\n\n\n\n<p>Para entender como estruturar e como submeter propostas, os interessados devem ler atentamente o\u00a0<a href=\"https:\/\/concurso.ifbaiano.edu.br\/portal\/cursos-livres-extensao-maio-2022\/wp-content\/uploads\/sites\/590\/2022\/05\/EDITAL-No-48-de-2022.pdf\">edital<\/a>.<\/p>\n\n\n\n<hr class=\"wp-block-separator\" \/>\n\n\n\n<p>Mat\u00e9ria ASCOM dispon\u00edvel em: https:\/\/ifbaiano.edu.br\/portal\/blog\/proex-lanca-edital-para-regulamentar-cadastro-de-cursos-livres-de-extensao\/<\/p>\n","protected":false},"excerpt":{"rendered":"<p>A Pr\u00f3-reitoria de Extens\u00e3o (Proex) lan\u00e7ou&nbsp;edital&nbsp;para regulamentar o processo de cadastro das propostas e o monitoramento de cursos livres de extens\u00e3o, direcionados \u00e0s comunidades externa e interna do Instituto Federal de Educa\u00e7\u00e3o Ci\u00eancia e Tecnologia Baiano (IF Baiano). Os proponentes podem cadastrar propostas at\u00e9 o dia 31 de janeiro, data de t\u00e9rmino da vig\u00eancia do [&hellip;]<\/p>\n","protected":false},"author":86,"featured_media":0,"comment_status":"closed","ping_status":"closed","sticky":false,"template":"","format":"standard","meta":[],"categories":[4,5,57],"tags":[],"_links":{"self":[{"href":"https:\/\/www.ifbaiano.edu.br\/unidades\/santaines\/wp-json\/wp\/v2\/posts\/16412"}],"collection":[{"href":"https:\/\/www.ifbaiano.edu.br\/unidades\/santaines\/wp-json\/wp\/v2\/posts"}],"about":[{"href":"https:\/\/www.ifbaiano.edu.br\/unidades\/santaines\/wp-json\/wp\/v2\/types\/post"}],"author":[{"embeddable":true,"href":"https:\/\/www.ifbaiano.edu.br\/unidades\/santaines\/wp-json\/wp\/v2\/users\/86"}],"replies":[{"embeddable":true,"href":"https:\/\/www.ifbaiano.edu.br\/unidades\/santaines\/wp-json\/wp\/v2\/comments?post=16412"}],"version-history":[{"count":1,"href":"https:\/\/www.ifbaiano.edu.br\/unidades\/santaines\/wp-json\/wp\/v2\/posts\/16412\/revisions"}],"predecessor-version":[{"id":16413,"href":"https:\/\/www.ifbaiano.edu.br\/unidades\/santaines\/wp-json\/wp\/v2\/posts\/16412\/revisions\/16413"}],"wp:attachment":[{"href":"https:\/\/www.ifbaiano.edu.br\/unidades\/santaines\/wp-json\/wp\/v2\/media?parent=16412"}],"wp:term":[{"taxonomy":"category","embeddable":true,"href":"https:\/\/www.ifbaiano.edu.br\/unidades\/santaines\/wp-json\/wp\/v2\/categories?post=16412"},{"taxonomy":"post_tag","embeddable":true,"href":"https:\/\/www.ifbaiano.edu.br\/unidades\/santaines\/wp-json\/wp\/v2\/tags?post=16412"}],"curies":[{"name":"wp","href":"https:\/\/api.w.org\/{rel}","templated":true}]}}