{"id":16431,"date":"2022-05-18T16:26:50","date_gmt":"2022-05-18T19:26:50","guid":{"rendered":"https:\/\/www.ifbaiano.edu.br\/unidades\/santaines\/?p=16431"},"modified":"2022-05-18T16:26:51","modified_gmt":"2022-05-18T19:26:51","slug":"if-baiano-abre-inscricoes-para-cursos-on-line-de-formacao-continuada","status":"publish","type":"post","link":"https:\/\/www.ifbaiano.edu.br\/unidades\/santaines\/if-baiano-abre-inscricoes-para-cursos-on-line-de-formacao-continuada\/","title":{"rendered":"IF Baiano abre inscri\u00e7\u00f5es para cursos on-line de forma\u00e7\u00e3o continuada"},"content":{"rendered":"\n<p>A partir de junho, o projeto Trilhas Pedag\u00f3gicas ofertar\u00e1 cursos e oficinas on-line para forma\u00e7\u00e3o continuada de servidores. O projeto \u00e9 fruto de conv\u00eanio celebrado, em mar\u00e7o de 2022, entre o IF Baiano e a Universidade Federal da Bahia (UFBA) e oferece oficinas virtuais de curta dura\u00e7\u00e3o e cursos on-line de 40 horas sobre ambientes virtuais de aprendizagem e suas ferramentas.<\/p>\n\n\n\n<p>As inscri\u00e7\u00f5es para participar dos cursos s\u00e3o realizadas atrav\u00e9s de preenchimento de&nbsp;<a href=\"https:\/\/docs.google.com\/forms\/d\/e\/1FAIpQLSdfNOHweIkkl_ZWiekXKtsPYGLCufQfS8H_uHJ3x_Lau1GsGw\/viewform\">formul\u00e1rio digital<\/a>&nbsp;no per\u00edodo de 17 a 19 de maio. O processo de sele\u00e7\u00e3o simplificado utilizar\u00e1 como crit\u00e9rio a ordem de inscri\u00e7\u00e3o dos candidatos para preencher as vagas.<br><br>O conv\u00eanio tem como objetivos proporcionar aos professores, pedagogos e t\u00e9cnicos em assuntos educacionais do IF Baiano familiaridade com as ferramentas e linguagens dispon\u00edveis na Educa\u00e7\u00e3o On-line. Al\u00e9m de proporcionar diferentes e individualizados percursos de forma\u00e7\u00e3o continuada, por meio de conte\u00fados multim\u00eddias referentes \u00e0 Educa\u00e7\u00e3o On-line.<br><br>A iniciativa atende \u00e0 diretriz do Plano de Desenvolvimento Institucional (PDI) que recomenda o fomento \u00e0 utiliza\u00e7\u00e3o das Tecnologias da Informa\u00e7\u00e3o e Comunica\u00e7\u00e3o (TICs) nas aulas de cursos presenciais, inclusive, viabilizando a flexibiliza\u00e7\u00e3o da oferta de componentes curriculares on-line.<br><br>Oficinas com media\u00e7\u00e3o e vagas limitadas para docentes, pedagogos e t\u00e9cnicos em assuntos educacionais:<br>\u2022 Introdu\u00e7\u00e3o do Moodle<br>\u2022 Question\u00e1rio no Moodle<br>\u2022 Backup, restaura\u00e7\u00e3o e importa\u00e7\u00e3o no Moodle<br>\u2022 Notas no Moodle<br><br>Curso com media\u00e7\u00e3o e vagas limitadas para docentes, pedagogos e t\u00e9cnicos em assuntos educacionais:<br>\u2022 Estruturando Disciplinas no Moodle<\/p>\n\n\n\n<p>Confira o edital e acompanhe as atualiza\u00e7\u00f5es da sele\u00e7\u00e3o\u00a0<a href=\"https:\/\/concurso.ifbaiano.edu.br\/portal\/formacao-pedagogica-maio-2022\/\">aqui<\/a>.<\/p>\n\n\n\n<hr class=\"wp-block-separator\" \/>\n\n\n\n<p>Mat\u00e9ria ASCOM dispon\u00edvel em: https:\/\/ifbaiano.edu.br\/portal\/blog\/if-baiano-abre-inscricoes-para-cursos-on-line-de-formacao-continuada\/<\/p>\n","protected":false},"excerpt":{"rendered":"<p>As inscri\u00e7\u00f5es para participar do processo seletivo simplificado acontecem de 17 a 19 de maio<\/p>\n","protected":false},"author":86,"featured_media":16428,"comment_status":"closed","ping_status":"closed","sticky":false,"template":"","format":"standard","meta":[],"categories":[4,5,57],"tags":[],"_links":{"self":[{"href":"https:\/\/www.ifbaiano.edu.br\/unidades\/santaines\/wp-json\/wp\/v2\/posts\/16431"}],"collection":[{"href":"https:\/\/www.ifbaiano.edu.br\/unidades\/santaines\/wp-json\/wp\/v2\/posts"}],"about":[{"href":"https:\/\/www.ifbaiano.edu.br\/unidades\/santaines\/wp-json\/wp\/v2\/types\/post"}],"author":[{"embeddable":true,"href":"https:\/\/www.ifbaiano.edu.br\/unidades\/santaines\/wp-json\/wp\/v2\/users\/86"}],"replies":[{"embeddable":true,"href":"https:\/\/www.ifbaiano.edu.br\/unidades\/santaines\/wp-json\/wp\/v2\/comments?post=16431"}],"version-history":[{"count":1,"href":"https:\/\/www.ifbaiano.edu.br\/unidades\/santaines\/wp-json\/wp\/v2\/posts\/16431\/revisions"}],"predecessor-version":[{"id":16432,"href":"https:\/\/www.ifbaiano.edu.br\/unidades\/santaines\/wp-json\/wp\/v2\/posts\/16431\/revisions\/16432"}],"wp:featuredmedia":[{"embeddable":true,"href":"https:\/\/www.ifbaiano.edu.br\/unidades\/santaines\/wp-json\/wp\/v2\/media\/16428"}],"wp:attachment":[{"href":"https:\/\/www.ifbaiano.edu.br\/unidades\/santaines\/wp-json\/wp\/v2\/media?parent=16431"}],"wp:term":[{"taxonomy":"category","embeddable":true,"href":"https:\/\/www.ifbaiano.edu.br\/unidades\/santaines\/wp-json\/wp\/v2\/categories?post=16431"},{"taxonomy":"post_tag","embeddable":true,"href":"https:\/\/www.ifbaiano.edu.br\/unidades\/santaines\/wp-json\/wp\/v2\/tags?post=16431"}],"curies":[{"name":"wp","href":"https:\/\/api.w.org\/{rel}","templated":true}]}}