{"id":16452,"date":"2022-05-20T15:28:53","date_gmt":"2022-05-20T18:28:53","guid":{"rendered":"https:\/\/www.ifbaiano.edu.br\/unidades\/santaines\/?p=16452"},"modified":"2022-05-20T17:02:29","modified_gmt":"2022-05-20T20:02:29","slug":"campus-santa-ines-publica-edital-de-renovacao-de-matricula-para-os-cursos-de-licenciaturas","status":"publish","type":"post","link":"https:\/\/www.ifbaiano.edu.br\/unidades\/santaines\/campus-santa-ines-publica-edital-de-renovacao-de-matricula-para-os-cursos-de-licenciaturas\/","title":{"rendered":"Campus Santa In\u00eas publica edital de renova\u00e7\u00e3o de matr\u00edcula para os cursos de licenciatura"},"content":{"rendered":"\n<p>Em conson\u00e2ncia com o que rege a <a rel=\"noreferrer noopener\" href=\"https:\/\/ifbaiano.edu.br\/portal\/ensino\/wp-content\/uploads\/sites\/2\/2020\/05\/Resolu%C3%A7%C3%A3o-n%C2%BA-64-de-2020-Organiza%C3%A7%C3%A3o-Did%C3%A1tica-dos-Cursos-Superiores.pdf\" target=\"_blank\">Organiza\u00e7\u00e3o Did\u00e1tica dos Cursos de Gradua\u00e7\u00e3o do IF Baiano<\/a>, o <a href=\"https:\/\/www.ifbaiano.edu.br\/unidades\/santaines\/files\/2022\/05\/Edital_Renovacao_Matricula_2021_2.pdf\">Edital n\u00ba 13\/2022, de 20 de maio de 2022<\/a>, estabelece as condi\u00e7\u00f5es de Renova\u00e7\u00e3o de Matr\u00edcula dos discentes do Curso de Licenciatura em Ci\u00eancias Biol\u00f3gicas e Licenciatura em Geografia para o per\u00edodo letivo de 2021.2, para o Campus de Santa In\u00eas.<\/p>\n\n\n\n<p>A renova\u00e7\u00e3o de matr\u00edcula ser\u00e1 realizada do dia 25 de maio de 2022 at\u00e9 as 23h59min do dia 29 de maio de 2022, atrav\u00e9s do portal do aluno no <a href=\"https:\/\/wiki.ifbaiano.edu.br\/bin\/view\/Wikis\/DGTI\/CODES\/Sistemas\/SUAP\/Alunos\/Rematricula\/\">Sistema Acad\u00eamico SUAP.<\/a><\/p>\n\n\n\n<p>Para esclarecimentos de d\u00favidas referentes \u00e0 renova\u00e7\u00e3o de matr\u00edcula e acesso \u00e0s demais informa\u00e7\u00f5es \u00e9 imprescind\u00edvel a leitura do <a href=\"https:\/\/www.ifbaiano.edu.br\/unidades\/santaines\/files\/2022\/05\/Edital_Renovacao_Matricula_2021_2.pdf\">EDITAL<\/a>. <\/p>\n\n\n\n<p>As aulas ser\u00e3o iniciadas no dia 06 de Junho\u00a0de 2022, no formato presencial, e os(as) estudantes poder\u00e3o acessar os hor\u00e1rios semanais das disciplinas ofertadas, nas <a href=\"http:\/\/santaines.ifbaiano.edu.br\">P\u00e1ginas dos respectivos cursos<\/a> e nos links abaixo:<\/p>\n\n\n\n<p><strong>Links de acesso aos hor\u00e1rios semanais das disciplinas ofertadas pelos cursos:<\/strong><\/p>\n\n\n\n<ul><li><a href=\"https:\/\/ifbaiano.edu.br\/portal\/ciencias-biologicas-santa-ines\/wp-content\/uploads\/sites\/24\/2022\/05\/Horario-Semanal_Licenciatura_Biologia_2021.2_Presencial.pdf\">Hor\u00e1rio do Curso de Licenciatura em Ci\u00eancias Biol\u00f3gicas<\/a><\/li><li><a href=\"https:\/\/ifbaiano.edu.br\/portal\/geografia-santa-ines\/2022\/05\/13\/horario-semanal-semestre-2021-2-licenciatura-em-geografia\/\">Hor\u00e1rio do Curso de Licenciatura em Geografia<\/a><\/li><\/ul>\n\n\n\n<hr class=\"wp-block-separator is-style-default\" \/>\n\n\n\n<p><\/p>\n","protected":false},"excerpt":{"rendered":"<p>A renova\u00e7\u00e3o de matr\u00edcula ser\u00e1 realizada no per\u00edodo de 25 a 29 de maio de 2022, atrav\u00e9s do portal do aluno no Sistema Acad\u00eamico SUAP <\/p>\n","protected":false},"author":86,"featured_media":16455,"comment_status":"closed","ping_status":"closed","sticky":false,"template":"","format":"standard","meta":[],"categories":[4,38,12,5,57],"tags":[],"_links":{"self":[{"href":"https:\/\/www.ifbaiano.edu.br\/unidades\/santaines\/wp-json\/wp\/v2\/posts\/16452"}],"collection":[{"href":"https:\/\/www.ifbaiano.edu.br\/unidades\/santaines\/wp-json\/wp\/v2\/posts"}],"about":[{"href":"https:\/\/www.ifbaiano.edu.br\/unidades\/santaines\/wp-json\/wp\/v2\/types\/post"}],"author":[{"embeddable":true,"href":"https:\/\/www.ifbaiano.edu.br\/unidades\/santaines\/wp-json\/wp\/v2\/users\/86"}],"replies":[{"embeddable":true,"href":"https:\/\/www.ifbaiano.edu.br\/unidades\/santaines\/wp-json\/wp\/v2\/comments?post=16452"}],"version-history":[{"count":4,"href":"https:\/\/www.ifbaiano.edu.br\/unidades\/santaines\/wp-json\/wp\/v2\/posts\/16452\/revisions"}],"predecessor-version":[{"id":16460,"href":"https:\/\/www.ifbaiano.edu.br\/unidades\/santaines\/wp-json\/wp\/v2\/posts\/16452\/revisions\/16460"}],"wp:featuredmedia":[{"embeddable":true,"href":"https:\/\/www.ifbaiano.edu.br\/unidades\/santaines\/wp-json\/wp\/v2\/media\/16455"}],"wp:attachment":[{"href":"https:\/\/www.ifbaiano.edu.br\/unidades\/santaines\/wp-json\/wp\/v2\/media?parent=16452"}],"wp:term":[{"taxonomy":"category","embeddable":true,"href":"https:\/\/www.ifbaiano.edu.br\/unidades\/santaines\/wp-json\/wp\/v2\/categories?post=16452"},{"taxonomy":"post_tag","embeddable":true,"href":"https:\/\/www.ifbaiano.edu.br\/unidades\/santaines\/wp-json\/wp\/v2\/tags?post=16452"}],"curies":[{"name":"wp","href":"https:\/\/api.w.org\/{rel}","templated":true}]}}