{"id":16463,"date":"2022-05-23T16:42:39","date_gmt":"2022-05-23T19:42:39","guid":{"rendered":"https:\/\/www.ifbaiano.edu.br\/unidades\/santaines\/?p=16463"},"modified":"2022-05-23T16:42:40","modified_gmt":"2022-05-23T19:42:40","slug":"inscricoes-para-curso-de-mei-em-salvador-alagoinhas-e-camacari-abrem-nesta-terca-feira","status":"publish","type":"post","link":"https:\/\/www.ifbaiano.edu.br\/unidades\/santaines\/inscricoes-para-curso-de-mei-em-salvador-alagoinhas-e-camacari-abrem-nesta-terca-feira\/","title":{"rendered":"Inscri\u00e7\u00f5es para curso de MEI em Salvador, Alagoinhas e Cama\u00e7ari abrem nesta ter\u00e7a-feira"},"content":{"rendered":"\n<p>O IF Baiano disponibiliza novas vagas para curso gratuito de qualifica\u00e7\u00e3o profissional, ofertado por meio do Programa Qualifica Mais Progredir. Neste novo edital, ser\u00e3o selecionadas 1440 pessoas para o curso&nbsp;<strong>Microempreendedor Individual<\/strong>, com oferta presencial nos munic\u00edpios de Alagoinhas, Cama\u00e7ari e Salvador. As vagas s\u00e3o para o segundo semestre de 2022.<\/p>\n\n\n\n<p>Estudantes selecionados ir\u00e3o receber bolsa no valor total de R$ 700,00, para matriculados em Alagoinhas e Cama\u00e7ari, e de R$ 850,00, para matriculados em Salvador, com pagamento em duas parcelas, caso seja cumprida 80% de frequ\u00eancia ao final de cada m\u00eas de aulas.<\/p>\n\n\n\n<h3 class=\"wp-block-heading\"><strong>Inscri\u00e7\u00f5es&nbsp;<\/strong><\/h3>\n\n\n\n<p>Para concorrer, interessados devem manifestar interesse na vaga, por meio do preenchimento do<a href=\"https:\/\/docs.google.com\/forms\/d\/e\/1FAIpQLSe3bihcZsX-fPnvR1UijVsXuQ27eyl037Y6KS45dnWkMQU90Q\/closedform\">&nbsp;formul\u00e1rio de inscri\u00e7\u00e3o<\/a>, no per\u00edodo de&nbsp;<strong>24 de maio a 5 de junho<\/strong>. \u00c9 pr\u00e9-requisito ter 18 anos, Ensino Fundamental Completo e estar inscrito no Aux\u00edlio Brasil no munic\u00edpio de oferta do curso.<\/p>\n\n\n\n<p>No ato da inscri\u00e7\u00e3o, dever\u00e3o ser enviados os seguintes documentos: Cart\u00e3o NIS, RG, CPF, Comprovante de resid\u00eancia, Comprovante de escolaridade (fundamental completo), Certificado de vacina\u00e7\u00e3o contra COVID e Comprovante banc\u00e1rio.<\/p>\n\n\n\n<p>Os candidatos ser\u00e3o selecionados por&nbsp;<strong>ordem de inscri\u00e7\u00e3o.<\/strong>&nbsp;<\/p>\n\n\n\n<h3 class=\"wp-block-heading\"><strong>Curso e vagas&nbsp;<\/strong><\/h3>\n\n\n\n<p>O curso Microempreendedor Individual possui carga hor\u00e1ria de 160h, com dura\u00e7\u00e3o de 2 meses, e ser\u00e1 ofertado em modalidade Presencial, com aulas de segunda a sexta. O in\u00edcio das turmas est\u00e1 previsto para o final de junho.<\/p>\n\n\n\n<p>Das 1440 vagas dispon\u00edveis, 300 s\u00e3o para Alagoinhas, 300 para Cama\u00e7ari e 840 para Salvador. A oportunidade \u00e9 aberta a toda a sociedade, mas especialmente a trabalhadores informais atuantes na Bahia.&nbsp;<\/p>\n\n\n\n<p>O objetivo do curso \u00e9 formar microempreendedores individuais, despertando potencialidades e conscientizando sobre os benef\u00edcios da regulariza\u00e7\u00e3o das atividades empresariais. Ainda, a iniciativa visa fortalecer e valorizar os sistemas produtivos da Bahia.&nbsp;<\/p>\n\n\n\n<p>As turmas iniciadas em mar\u00e7o ir\u00e3o concluir o curso nos pr\u00f3ximos dias e o coordenador adjunto do curso em Cama\u00e7ari, Lu\u00eds Henrique Gomes, fez um balan\u00e7o desse primeiro ciclo. \u201cEsse primeiro ciclo nos serviu de laborat\u00f3rio para explorar os pontos positivos e pontos negativos. Como pontos positivos, buscamos explorar o contato com os alunos, investigar os arranjos produtivos, criar redes colaborativas de neg\u00f3cio, aproveitando o potencial empreendedor de cada um dos estudantes para transformar as suas realidades. Quanto aos pontos negativos, pudemos constatar as realidades locais de transporte e a falta de condi\u00e7\u00f5es de alguns estudantes para acompanharem o curso. No entanto, tais pontos servem para que o IF Baiano se organize para oferecer um servi\u00e7o cada vez melhor \u00e0 comunidade\u201d, explica o coordenador.<\/p>\n\n\n\n<p>De acordo com Lu\u00eds, o empreendedorismo \u00e9, muitas vezes, a \u00fanica sa\u00edda para que essa parcela da popula\u00e7\u00e3o possa entrar nos ciclos produtivos locais e o curso ajuda a aprimorar e a melhorar a qualidade da atividade empreendedora e do que esses alunos oferecem ao mercado consumidor, transformando, dessa forma, a sua realidade e a vida de sua comunidade.&nbsp;<\/p>\n\n\n\n<p>O curso tem disciplinas de plano de neg\u00f3cios, t\u00e9cnicas de vendas, legisla\u00e7\u00e3o, administra\u00e7\u00e3o, marketing, entre outras. Para a aluna Ana Paula Souza, planejamento e conhecimento sobre empreendedorismo faz toda diferen\u00e7a para o microempreendedor. \u201cAprendi sobre MEI para quem quer ser microempreendedor, pois n\u00e3o sabia suas diretrizes e aprendi tamb\u00e9m como o marketing digital bem elaborado pode alavancar nosso empreendimento\u201d, conta Ana Paula.<\/p>\n\n\n\n<h3 class=\"wp-block-heading\"><strong>Mais informa\u00e7\u00f5es&nbsp;<\/strong><\/h3>\n\n\n\n<p>Leia o edital com todos os detalhes sobre a sele\u00e7\u00e3o na p\u00e1gina:<a href=\"https:\/\/concurso.ifbaiano.edu.br\/portal\/qualifica-mais-fevereiro-2022\/\">&nbsp;<\/a><strong>https:\/\/concurso.ifbaiano.edu.br\/portal\/qualifica-mais-maio-2022\/<\/strong><\/p>\n\n\n\n<p>D\u00favidas dever\u00e3o ser encaminhadas para o e-mail:\u00a0<em>qualificamais.progredir@gmail.com<\/em><\/p>\n\n\n\n<hr class=\"wp-block-separator\" \/>\n\n\n\n<p>Mat\u00e9ria ASCOM dispon\u00edvel em: https:\/\/ifbaiano.edu.br\/portal\/blog\/inscricoes-para-curso-de-mei-em-salvador-alagoinhas-e-camacari-abrem-nesta-terca-feira\/<\/p>\n","protected":false},"excerpt":{"rendered":"<p>O curso \u00e9 voltado para benefici\u00e1rios do Aux\u00edlio Brasil e disponibiliza ajuda de custo para os estudantes<\/p>\n","protected":false},"author":86,"featured_media":16464,"comment_status":"closed","ping_status":"closed","sticky":false,"template":"","format":"standard","meta":[],"categories":[4,8,57],"tags":[],"_links":{"self":[{"href":"https:\/\/www.ifbaiano.edu.br\/unidades\/santaines\/wp-json\/wp\/v2\/posts\/16463"}],"collection":[{"href":"https:\/\/www.ifbaiano.edu.br\/unidades\/santaines\/wp-json\/wp\/v2\/posts"}],"about":[{"href":"https:\/\/www.ifbaiano.edu.br\/unidades\/santaines\/wp-json\/wp\/v2\/types\/post"}],"author":[{"embeddable":true,"href":"https:\/\/www.ifbaiano.edu.br\/unidades\/santaines\/wp-json\/wp\/v2\/users\/86"}],"replies":[{"embeddable":true,"href":"https:\/\/www.ifbaiano.edu.br\/unidades\/santaines\/wp-json\/wp\/v2\/comments?post=16463"}],"version-history":[{"count":1,"href":"https:\/\/www.ifbaiano.edu.br\/unidades\/santaines\/wp-json\/wp\/v2\/posts\/16463\/revisions"}],"predecessor-version":[{"id":16465,"href":"https:\/\/www.ifbaiano.edu.br\/unidades\/santaines\/wp-json\/wp\/v2\/posts\/16463\/revisions\/16465"}],"wp:featuredmedia":[{"embeddable":true,"href":"https:\/\/www.ifbaiano.edu.br\/unidades\/santaines\/wp-json\/wp\/v2\/media\/16464"}],"wp:attachment":[{"href":"https:\/\/www.ifbaiano.edu.br\/unidades\/santaines\/wp-json\/wp\/v2\/media?parent=16463"}],"wp:term":[{"taxonomy":"category","embeddable":true,"href":"https:\/\/www.ifbaiano.edu.br\/unidades\/santaines\/wp-json\/wp\/v2\/categories?post=16463"},{"taxonomy":"post_tag","embeddable":true,"href":"https:\/\/www.ifbaiano.edu.br\/unidades\/santaines\/wp-json\/wp\/v2\/tags?post=16463"}],"curies":[{"name":"wp","href":"https:\/\/api.w.org\/{rel}","templated":true}]}}