{"id":16466,"date":"2022-05-25T12:19:43","date_gmt":"2022-05-25T15:19:43","guid":{"rendered":"https:\/\/www.ifbaiano.edu.br\/unidades\/santaines\/?p=16466"},"modified":"2022-05-25T12:23:49","modified_gmt":"2022-05-25T15:23:49","slug":"publicado-edital-para-aquisicao-de-generos-alimenticios-da-agricultura-familiar","status":"publish","type":"post","link":"https:\/\/www.ifbaiano.edu.br\/unidades\/santaines\/publicado-edital-para-aquisicao-de-generos-alimenticios-da-agricultura-familiar\/","title":{"rendered":"Publicado Edital para aquisi\u00e7\u00e3o de g\u00eaneros aliment\u00edcios da Agricultura Familiar"},"content":{"rendered":"\n<p>Campus Santa In\u00eas realiza Chamada P\u00fablica para aquisi\u00e7\u00e3o de g\u00eaneros aliment\u00edcios da agricultura familiar, em atendimento ao Programa Alimenta Brasil executado atrav\u00e9s da modalidade Compra Institucional.<\/p>\n\n\n\n<p>Apenas poder\u00e3o participar deste procedimento:<\/p>\n\n\n\n<ul><li>Benefici\u00e1rio Fornecedor: Agricultor (es) familiar (es), detentor da Declara\u00e7\u00e3o de Aptid\u00e3o ao Programa Nacional de Fortalecimento da Agricultura Familiar \u2013 DAP f\u00edsica;<\/li><li>Organiza\u00e7\u00e3o Fornecedora: Cooperativas e Associa\u00e7\u00f5es de agricultores familiares detentores da Declara\u00e7\u00e3o de Aptid\u00e3o ao Programa Nacional de Fortalecimento da Agricultura Familiar \u2013 DAP Jur\u00eddica.<\/li><\/ul>\n\n\n\n<p>A entrega dos envelopes deve ser realizada na sala de reuni\u00f5es do IF Baiano &#8211; Campus Santa In\u00eas, localizado Km 2,5 &#8211; BR 420 &#8211; Rodovia Santa In\u00eas x Uba\u00edra &#8211; Santa In\u00eas &nbsp;&#8211; Bahia, at\u00e9 \u00e0s 9h do dia&nbsp;04 de julho&nbsp;de 2022 (hor\u00e1rio de Bras\u00edlia), mesmo hor\u00e1rio em que acontece a Sess\u00e3o P\u00fablica e a Abertura dos Envelopes. <\/p>\n\n\n\n<p>Os crit\u00e9rios e procedimentos desta Chamada P\u00fablica est\u00e3o descritos no Edital n\u00ba 04\/2022 (<a href=\"https:\/\/www.ifbaiano.edu.br\/unidades\/santaines\/files\/2022\/05\/Edital-Chamada-Publica-PAB.pdf\"><strong>dispon\u00edvel AQUI<\/strong><\/a>), e tamb\u00e9m poder\u00e1 ser disponibilizado, na \u00edntegra, por e-mail, mediante solicita\u00e7\u00e3o enviada para o e-mail:&nbsp;compras@si.ifbaiano.edu.br.<\/p>\n\n\n\n<p>D\u00favidas dever\u00e3o ser encaminhadas para e-mail:&nbsp;compras@si.ifbaiano.edu.br<\/p>\n\n\n\n<p>Telefone de Contato: (73) 3536-1210 ou (73) 3536-1212.<\/p>\n\n\n\n<hr class=\"wp-block-separator\" \/>\n\n\n\n<p><br><\/p>\n","protected":false},"excerpt":{"rendered":"<p>Campus Santa In\u00eas realiza Chamada P\u00fablica para aquisi\u00e7\u00e3o de g\u00eaneros aliment\u00edcios da agricultura familiar, em atendimento ao Programa Alimenta Brasil executado atrav\u00e9s da modalidade Compra Institucional. Apenas poder\u00e3o participar deste procedimento: Benefici\u00e1rio Fornecedor: Agricultor (es) familiar (es), detentor da Declara\u00e7\u00e3o de Aptid\u00e3o ao Programa Nacional de Fortalecimento da Agricultura Familiar \u2013 DAP f\u00edsica; Organiza\u00e7\u00e3o Fornecedora: [&hellip;]<\/p>\n","protected":false},"author":86,"featured_media":16468,"comment_status":"closed","ping_status":"closed","sticky":false,"template":"","format":"standard","meta":[],"categories":[4,5,57],"tags":[],"_links":{"self":[{"href":"https:\/\/www.ifbaiano.edu.br\/unidades\/santaines\/wp-json\/wp\/v2\/posts\/16466"}],"collection":[{"href":"https:\/\/www.ifbaiano.edu.br\/unidades\/santaines\/wp-json\/wp\/v2\/posts"}],"about":[{"href":"https:\/\/www.ifbaiano.edu.br\/unidades\/santaines\/wp-json\/wp\/v2\/types\/post"}],"author":[{"embeddable":true,"href":"https:\/\/www.ifbaiano.edu.br\/unidades\/santaines\/wp-json\/wp\/v2\/users\/86"}],"replies":[{"embeddable":true,"href":"https:\/\/www.ifbaiano.edu.br\/unidades\/santaines\/wp-json\/wp\/v2\/comments?post=16466"}],"version-history":[{"count":4,"href":"https:\/\/www.ifbaiano.edu.br\/unidades\/santaines\/wp-json\/wp\/v2\/posts\/16466\/revisions"}],"predecessor-version":[{"id":16474,"href":"https:\/\/www.ifbaiano.edu.br\/unidades\/santaines\/wp-json\/wp\/v2\/posts\/16466\/revisions\/16474"}],"wp:featuredmedia":[{"embeddable":true,"href":"https:\/\/www.ifbaiano.edu.br\/unidades\/santaines\/wp-json\/wp\/v2\/media\/16468"}],"wp:attachment":[{"href":"https:\/\/www.ifbaiano.edu.br\/unidades\/santaines\/wp-json\/wp\/v2\/media?parent=16466"}],"wp:term":[{"taxonomy":"category","embeddable":true,"href":"https:\/\/www.ifbaiano.edu.br\/unidades\/santaines\/wp-json\/wp\/v2\/categories?post=16466"},{"taxonomy":"post_tag","embeddable":true,"href":"https:\/\/www.ifbaiano.edu.br\/unidades\/santaines\/wp-json\/wp\/v2\/tags?post=16466"}],"curies":[{"name":"wp","href":"https:\/\/api.w.org\/{rel}","templated":true}]}}