{"id":16475,"date":"2022-05-25T14:58:53","date_gmt":"2022-05-25T17:58:53","guid":{"rendered":"https:\/\/www.ifbaiano.edu.br\/unidades\/santaines\/?p=16475"},"modified":"2022-06-13T16:52:18","modified_gmt":"2022-06-13T19:52:18","slug":"especializacao-em-educacao-de-jovens-e-adultos-articulada-a-educacao-profissional-publicada-lista-de-homologacao-das-inscricoes","status":"publish","type":"post","link":"https:\/\/www.ifbaiano.edu.br\/unidades\/santaines\/especializacao-em-educacao-de-jovens-e-adultos-articulada-a-educacao-profissional-publicada-lista-de-homologacao-das-inscricoes\/","title":{"rendered":"Especializa\u00e7\u00e3o em Educa\u00e7\u00e3o de Jovens e Adultos articulada \u00e0 Educa\u00e7\u00e3o Profissional &#8211; Publicada lista de homologa\u00e7\u00e3o das inscri\u00e7\u00f5es"},"content":{"rendered":"\n<p>J\u00e1 se encontra publicada a <a href=\"https:\/\/concurso.ifbaiano.edu.br\/portal\/pos-educacao-jovens-adultos-santa-ines-abril-2022\/wp-content\/uploads\/sites\/569\/2022\/05\/Homologacao-das-Inscricoes.pdf\">lista de inscri\u00e7\u00f5es homologadas<\/a> da sele\u00e7\u00e3o realizada para o curso de especializa\u00e7\u00e3o&nbsp;<em>Lato Sensu<\/em>&nbsp;em Educa\u00e7\u00e3o de Jovens e Adultos articulada \u00e0 Educa\u00e7\u00e3o Profissional ofertado no IF Baiano&nbsp;<em>Campus&nbsp;<\/em>Santa In\u00eas.<\/p>\n\n\n\n<p>Os(as) candidatos(as) devem acompanhar as etapas descritas no edital, bem como, as not\u00edcias publicadas nos canais de comunica\u00e7\u00e3o do Campus e na p\u00e1gina de concursos do IF Baiano. <\/p>\n\n\n\n<p>O curso tem carga hor\u00e1ria de 360 horas, distribu\u00eddas ao longo de 18 meses, com aulas sendo realizadas em encontros quinzenais, no&nbsp;<em>Campus&nbsp;<\/em>Santa In\u00eas, sendo 20% da carga hor\u00e1ria ofertada na modalidade semipresencial. O in\u00edcio das aulas est\u00e1 previsto para agosto de 2022.<\/p>\n\n\n\n<p>A forma\u00e7\u00e3o tem como p\u00fablico-alvo portadores de diplomas de curso superior reconhecido pelo Minist\u00e9rio da Educa\u00e7\u00e3o e profissionais, preferencialmente educadores das redes p\u00fablicas de ensino, que atuem ou pretendam atuar na educa\u00e7\u00e3o profissional e\/ou na modalidade de educa\u00e7\u00e3o de jovens e adultos e\/ou programas e projetos educacionais.<\/p>\n\n\n\n<p>O objetivo geral da especializa\u00e7\u00e3o \u00e9 formar professores com saberes espec\u00edficos acerca do ensino e aprendizagem na Educa\u00e7\u00e3o de Jovens e Adultos (EJA), atrav\u00e9s da constru\u00e7\u00e3o de compet\u00eancias pol\u00edtico-pedag\u00f3gicas necess\u00e1rias ao fazer de sala de aula comprometido com o processo de forma\u00e7\u00e3o humana e humanizadora dos estudantes jovens e adultos, assegurando a estes o direito \u00e0 aprendizagem de saberes sistematizados e cient\u00edficos.<\/p>\n\n\n\n<p>Para esclarecimentos e\/ou d\u00favidas, os interessados poder\u00e3o entrar em contato pelo telefone (73)3536-1210 ou pelo e-mail prosel.poseja@si.ifbaiano.edu.br&nbsp;<\/p>\n\n\n\n<p><strong>Documentos deste Processo Seletivo:<\/strong><\/p>\n\n\n\n<ul><li><a rel=\"noreferrer noopener\" target=\"_blank\" href=\"https:\/\/concurso.ifbaiano.edu.br\/portal\/pos-educacao-jovens-adultos-santa-ines-abril-2022\/wp-content\/uploads\/sites\/569\/2022\/04\/Edital-34-de-05-de-abril-de-2022.pdf\">Edital n\u00ba 34<\/a><\/li><li><a rel=\"noreferrer noopener\" target=\"_blank\" href=\"https:\/\/concurso.ifbaiano.edu.br\/portal\/pos-educacao-jovens-adultos-santa-ines-abril-2022\/wp-content\/uploads\/sites\/569\/2022\/04\/Anexo-I.doc\">Anexo I<\/a><\/li><li><a rel=\"noreferrer noopener\" target=\"_blank\" href=\"https:\/\/concurso.ifbaiano.edu.br\/portal\/pos-educacao-jovens-adultos-santa-ines-abril-2022\/wp-content\/uploads\/sites\/569\/2022\/04\/Anexo-II.doc\">Anexo II<\/a><\/li><li><a rel=\"noreferrer noopener\" target=\"_blank\" href=\"https:\/\/concurso.ifbaiano.edu.br\/portal\/pos-educacao-jovens-adultos-santa-ines-abril-2022\/wp-content\/uploads\/sites\/569\/2022\/04\/Anexo-IV.doc\">Anexo IV<\/a><\/li><li><a rel=\"noreferrer noopener\" target=\"_blank\" href=\"https:\/\/concurso.ifbaiano.edu.br\/portal\/pos-educacao-jovens-adultos-santa-ines-abril-2022\/wp-content\/uploads\/sites\/569\/2022\/04\/Anexo-V.doc\">Anexo V<\/a><\/li><li><a rel=\"noreferrer noopener\" target=\"_blank\" href=\"https:\/\/concurso.ifbaiano.edu.br\/portal\/pos-educacao-jovens-adultos-santa-ines-abril-2022\/wp-content\/uploads\/sites\/569\/2022\/04\/Retificacao-do-Edital-34.2022.pdf\">Retifica\u00e7\u00e3o do Edital<\/a><\/li><li><a rel=\"noreferrer noopener\" target=\"_blank\" href=\"https:\/\/concurso.ifbaiano.edu.br\/portal\/pos-educacao-jovens-adultos-santa-ines-abril-2022\/wp-content\/uploads\/sites\/569\/2022\/04\/Cronograma-Retificado.pdf\">Cronograma Retificado<\/a><\/li><li><a rel=\"noreferrer noopener\" target=\"_blank\" href=\"https:\/\/concurso.ifbaiano.edu.br\/portal\/pos-educacao-jovens-adultos-santa-ines-abril-2022\/wp-content\/uploads\/sites\/569\/2022\/05\/Homologacao-das-Inscricoes.pdf\">Homologa\u00e7\u00e3o das Inscri\u00e7\u00f5es<\/a><\/li><li><a rel=\"noreferrer noopener\" target=\"_blank\" href=\"https:\/\/concurso.ifbaiano.edu.br\/portal\/pos-educacao-jovens-adultos-santa-ines-abril-2022\/wp-content\/uploads\/sites\/569\/2022\/06\/Resultado-Preliminar-1.pdf\">Resultado Preliminar<\/a><\/li><li><a rel=\"noreferrer noopener\" target=\"_blank\" href=\"https:\/\/concurso.ifbaiano.edu.br\/portal\/pos-educacao-jovens-adultos-santa-ines-abril-2022\/wp-content\/uploads\/sites\/569\/2022\/06\/Convocacao-para-Avaliacao-da-Autodeclaracao.docx\">Convoca\u00e7\u00e3o para Avalia\u00e7\u00e3o da Autodeclara\u00e7\u00e3o<\/a><\/li><li><a rel=\"noreferrer noopener\" target=\"_blank\" href=\"https:\/\/concurso.ifbaiano.edu.br\/portal\/pos-educacao-jovens-adultos-santa-ines-abril-2022\/wp-content\/uploads\/sites\/569\/2022\/06\/Curriculo-dos-membros-da-banca-de-avaliacao-da-autodeclaracao.pdf\">Curr\u00edculo dos membros da banca de avalia\u00e7\u00e3o da autodeclara\u00e7\u00e3o<\/a><\/li><\/ul>\n\n\n\n<p>Os documentos tamb\u00e9m est\u00e3o dispon\u00edveis <a href=\"https:\/\/concurso.ifbaiano.edu.br\/portal\/pos-educacao-jovens-adultos-santa-ines-abril-2022\/\">nesta p\u00e1gina<\/a> do processo seletivo.<\/p>\n\n\n\n<hr class=\"wp-block-separator\" \/>\n","protected":false},"excerpt":{"rendered":"<p>J\u00e1 se encontra publicada a lista de inscri\u00e7\u00f5es homologadas da sele\u00e7\u00e3o realizada para o curso de especializa\u00e7\u00e3o&nbsp;Lato Sensu&nbsp;em Educa\u00e7\u00e3o de Jovens e Adultos articulada \u00e0 Educa\u00e7\u00e3o Profissional ofertado no IF Baiano&nbsp;Campus&nbsp;Santa In\u00eas. Os(as) candidatos(as) devem acompanhar as etapas descritas no edital, bem como, as not\u00edcias publicadas nos canais de comunica\u00e7\u00e3o do Campus e na p\u00e1gina [&hellip;]<\/p>\n","protected":false},"author":86,"featured_media":16348,"comment_status":"closed","ping_status":"closed","sticky":false,"template":"","format":"standard","meta":[],"categories":[4,5,8,57],"tags":[],"_links":{"self":[{"href":"https:\/\/www.ifbaiano.edu.br\/unidades\/santaines\/wp-json\/wp\/v2\/posts\/16475"}],"collection":[{"href":"https:\/\/www.ifbaiano.edu.br\/unidades\/santaines\/wp-json\/wp\/v2\/posts"}],"about":[{"href":"https:\/\/www.ifbaiano.edu.br\/unidades\/santaines\/wp-json\/wp\/v2\/types\/post"}],"author":[{"embeddable":true,"href":"https:\/\/www.ifbaiano.edu.br\/unidades\/santaines\/wp-json\/wp\/v2\/users\/86"}],"replies":[{"embeddable":true,"href":"https:\/\/www.ifbaiano.edu.br\/unidades\/santaines\/wp-json\/wp\/v2\/comments?post=16475"}],"version-history":[{"count":2,"href":"https:\/\/www.ifbaiano.edu.br\/unidades\/santaines\/wp-json\/wp\/v2\/posts\/16475\/revisions"}],"predecessor-version":[{"id":16575,"href":"https:\/\/www.ifbaiano.edu.br\/unidades\/santaines\/wp-json\/wp\/v2\/posts\/16475\/revisions\/16575"}],"wp:featuredmedia":[{"embeddable":true,"href":"https:\/\/www.ifbaiano.edu.br\/unidades\/santaines\/wp-json\/wp\/v2\/media\/16348"}],"wp:attachment":[{"href":"https:\/\/www.ifbaiano.edu.br\/unidades\/santaines\/wp-json\/wp\/v2\/media?parent=16475"}],"wp:term":[{"taxonomy":"category","embeddable":true,"href":"https:\/\/www.ifbaiano.edu.br\/unidades\/santaines\/wp-json\/wp\/v2\/categories?post=16475"},{"taxonomy":"post_tag","embeddable":true,"href":"https:\/\/www.ifbaiano.edu.br\/unidades\/santaines\/wp-json\/wp\/v2\/tags?post=16475"}],"curies":[{"name":"wp","href":"https:\/\/api.w.org\/{rel}","templated":true}]}}