{"id":16497,"date":"2022-06-01T15:36:58","date_gmt":"2022-06-01T18:36:58","guid":{"rendered":"https:\/\/www.ifbaiano.edu.br\/unidades\/santaines\/?p=16497"},"modified":"2022-06-01T20:09:28","modified_gmt":"2022-06-01T23:09:28","slug":"primeira-aula-da-saudade-apos-inicio-da-pandemia-tem-clima-de-festa-despedida-e-vitoria-no-campus-santa-ines","status":"publish","type":"post","link":"https:\/\/www.ifbaiano.edu.br\/unidades\/santaines\/primeira-aula-da-saudade-apos-inicio-da-pandemia-tem-clima-de-festa-despedida-e-vitoria-no-campus-santa-ines\/","title":{"rendered":"Primeira aula da saudade ap\u00f3s in\u00edcio da pandemia tem clima de festa, despedida e vit\u00f3ria no Campus Santa In\u00eas"},"content":{"rendered":"\n<p>Para celebrar a conclus\u00e3o dos Cursos T\u00e9cnicos integrados, o IF Baiano campus Santa In\u00eas\u00a0promoveu, nesta ter\u00e7a-feira (31), aula da saudade, para os alunos dos cursos de Agropecu\u00e1ria, Alimentos e Zootecnia, ingressantes em 2019. O primeiro evento p\u00f3s-pandemia foi idealizado por uma comiss\u00e3o composta pelas professoras Angela Calhau, Artur Carneiro, Dolores  Assariti e Patr\u00edcia Neves.<\/p>\n\n\n\n<div class=\"wp-block-media-text alignwide is-stacked-on-mobile\"><figure class=\"wp-block-media-text__media\"><img decoding=\"async\" loading=\"lazy\" width=\"1600\" height=\"1200\" src=\"https:\/\/www.ifbaiano.edu.br\/unidades\/santaines\/files\/2022\/06\/1ffde205-b129-44c6-8bfe-2f2eec7c1dd2-2.jpg\" alt=\"\" class=\"wp-image-16524 size-full\" \/><\/figure><div class=\"wp-block-media-text__content\">\n<p class=\"has-normal-font-size\">O evento aconteceu na quadra poliesportiva do <em>campus<\/em>, onde estiveram presentes a diretora geral do Campus Santa In\u00eas, professora Genilda Lima; o diretor acad\u00eamico, professor Guilherme Nascimento; a\u00a0coordenadora geral de ensino, professora Tharcilla Pessoa; a diretora administrativa, Daniele Matos; os(as) coordenadores(as) dos cursos, a professora Lucidalva Menezes (T\u00e9cnico em Agropecu\u00e1ria), a professora Marilete Previero \u00a0(T\u00e9cnico em Alimentos)<\/p>\n<\/div><\/div>\n\n\n\n<p>e a professora Viviane Correa (T\u00e9cnico em Zootecnia); bem como, servidores, colaboradores e estudantes.<\/p>\n\n\n\n<p>A professora Angela Calhau, presidente da comiss\u00e3o organizadora, fez a abertura do evento, agradecendo a participa\u00e7\u00e3o de todos. Juntamente com a professora Dolores Assariti, Angela fez uma homenagem ao estudante Matheus Souza Santos, estudante T\u00e9cnico em Agropecu\u00e1ria pelo IF Baiano &#8211; Campus Santa In\u00eas, falecido em abril de 2022. \u201c[Matheus era] um menino gentil, cheio de sonhos e de sorriso f\u00e1cil, como atleta representou muito bem nosso campus nos Jogos Estudantis do IF Baiano e foi escolhido como melhor goleiro em 2019 nos nossos Jogos Internos\u201d, relatou Dolores.<\/p>\n\n\n\n<figure class=\"wp-block-gallery columns-3 is-cropped wp-block-gallery-1 is-layout-flex\"><ul class=\"blocks-gallery-grid\"><li class=\"blocks-gallery-item\"><figure><a href=\"https:\/\/www.ifbaiano.edu.br\/unidades\/santaines\/files\/2022\/06\/5d27c379-1648-4bde-a7d6-ed279f47e1a5-1.jpg\"><img decoding=\"async\" loading=\"lazy\" width=\"1600\" height=\"1200\" src=\"https:\/\/www.ifbaiano.edu.br\/unidades\/santaines\/files\/2022\/06\/5d27c379-1648-4bde-a7d6-ed279f47e1a5-1.jpg\" alt=\"\" data-id=\"16515\" data-link=\"https:\/\/www.ifbaiano.edu.br\/unidades\/santaines\/?attachment_id=16515\" class=\"wp-image-16515\" \/><\/a><\/figure><\/li><li class=\"blocks-gallery-item\"><figure><a href=\"https:\/\/www.ifbaiano.edu.br\/unidades\/santaines\/files\/2022\/06\/f028779e-f224-4493-87de-ed08e8f06a04-1.jpg\"><img decoding=\"async\" loading=\"lazy\" width=\"1600\" height=\"1200\" src=\"https:\/\/www.ifbaiano.edu.br\/unidades\/santaines\/files\/2022\/06\/f028779e-f224-4493-87de-ed08e8f06a04-1.jpg\" alt=\"\" data-id=\"16516\" data-link=\"https:\/\/www.ifbaiano.edu.br\/unidades\/santaines\/?attachment_id=16516\" class=\"wp-image-16516\" \/><\/a><\/figure><\/li><li class=\"blocks-gallery-item\"><figure><a href=\"https:\/\/www.ifbaiano.edu.br\/unidades\/santaines\/files\/2022\/06\/291b3353-a55b-49d5-a6b6-03582f85ac6c-1.jpg\"><img decoding=\"async\" loading=\"lazy\" width=\"1600\" height=\"1200\" src=\"https:\/\/www.ifbaiano.edu.br\/unidades\/santaines\/files\/2022\/06\/291b3353-a55b-49d5-a6b6-03582f85ac6c-1.jpg\" alt=\"\" data-id=\"16514\" data-link=\"https:\/\/www.ifbaiano.edu.br\/unidades\/santaines\/?attachment_id=16514\" class=\"wp-image-16514\" \/><\/a><\/figure><\/li><\/ul><\/figure>\n\n\n\n<p>Foram convidados a fazer parte da mesa, a diretora geral do campus Santa In\u00eas, professora Genilda Lima, o diretor acad\u00eamico, professor Guilherme Nascimento, a&nbsp;coordenadora geral de ensino, professora Tharcilla Pessoa, o representante discente, Anderson Oliveira e a representante docente, professora Edilaine Melo.<\/p>\n\n\n\n<p>As falas dos participantes foram mais voltadas \u00e0 import\u00e2ncia dos estudantes estarem concluindo o curso em meio a tudo que foi vivenciado, principalmente diante da pandemia. Tamb\u00e9m foram relembradas as dificuldades enfrentadas, as conquistas alcan\u00e7adas e momentos importantes vivenciados durante o curso.<\/p>\n\n\n\n<p>Os representantes de turmas falaram sobre conflitos do in\u00edcio do curso, sobre aprendizados e crescimento pessoal adquiridos durante esse tempo, fizeram agradecimentos aos professores e afirmaram a import\u00e2ncia destes em sua forma\u00e7\u00e3o.<\/p>\n\n\n\n<p>Um v\u00eddeo (retrospectiva) de v\u00e1rios momentos dos estudantes durante suas jornadas na institui\u00e7\u00e3o foi apresentado na cerim\u00f4nia. E, ao final, foi entregue uma carta aos estudantes, com um agradecimento por seguirem na institui\u00e7\u00e3o e os parabenizando por conclu\u00edrem uma etapa importante de suas vidas.<\/p>\n\n\n\n<p>Segundo a professora Angela Calhau, presidente da comiss\u00e3o organizadora, &#8220;esse foi um momento de relembrar e de celebrar esse ciclo que se encerra na vida desses estudantes. (&#8230;) Nossa expectativa era que os estudantes aproveitassem esse momento para celebrar tudo aquilo que eles vivenciaram ao longo desse per\u00edodo que, por conta da Covid-19, se tornaram 4 anos e, de fato foi poss\u00edvel perceber nas express\u00f5es em cada estudante que vibraram com as homenagens\u201d.<\/p>\n\n\n\n<figure class=\"wp-block-gallery columns-3 is-cropped wp-block-gallery-3 is-layout-flex\"><ul class=\"blocks-gallery-grid\"><li class=\"blocks-gallery-item\"><figure><a href=\"https:\/\/www.ifbaiano.edu.br\/unidades\/santaines\/files\/2022\/06\/a0ca44c7-05a4-4d90-87f1-c8a5816fa13f-1.jpg\"><img decoding=\"async\" loading=\"lazy\" width=\"1600\" height=\"1200\" src=\"https:\/\/www.ifbaiano.edu.br\/unidades\/santaines\/files\/2022\/06\/a0ca44c7-05a4-4d90-87f1-c8a5816fa13f-1.jpg\" alt=\"\" data-id=\"16519\" data-link=\"https:\/\/www.ifbaiano.edu.br\/unidades\/santaines\/?attachment_id=16519\" class=\"wp-image-16519\" \/><\/a><\/figure><\/li><li class=\"blocks-gallery-item\"><figure><a href=\"https:\/\/www.ifbaiano.edu.br\/unidades\/santaines\/files\/2022\/06\/038c5e23-8f1e-477a-acf6-33ed3208d6a2-1.jpg\"><img decoding=\"async\" loading=\"lazy\" width=\"1600\" height=\"1200\" src=\"https:\/\/www.ifbaiano.edu.br\/unidades\/santaines\/files\/2022\/06\/038c5e23-8f1e-477a-acf6-33ed3208d6a2-1.jpg\" alt=\"\" data-id=\"16517\" data-link=\"https:\/\/www.ifbaiano.edu.br\/unidades\/santaines\/?attachment_id=16517\" class=\"wp-image-16517\" \/><\/a><\/figure><\/li><li class=\"blocks-gallery-item\"><figure><a href=\"https:\/\/www.ifbaiano.edu.br\/unidades\/santaines\/files\/2022\/06\/d5906133-0099-404f-8863-99f382a6fa12-1.jpg\"><img decoding=\"async\" loading=\"lazy\" width=\"1600\" height=\"1200\" src=\"https:\/\/www.ifbaiano.edu.br\/unidades\/santaines\/files\/2022\/06\/d5906133-0099-404f-8863-99f382a6fa12-1.jpg\" alt=\"\" data-id=\"16518\" data-link=\"https:\/\/www.ifbaiano.edu.br\/unidades\/santaines\/?attachment_id=16518\" class=\"wp-image-16518\" \/><\/a><\/figure><\/li><li class=\"blocks-gallery-item\"><figure><a href=\"https:\/\/www.ifbaiano.edu.br\/unidades\/santaines\/files\/2022\/06\/4da13be1-44c1-4d4a-b2ad-e17e9268ace8-1.jpg\"><img decoding=\"async\" loading=\"lazy\" width=\"1600\" height=\"1200\" src=\"https:\/\/www.ifbaiano.edu.br\/unidades\/santaines\/files\/2022\/06\/4da13be1-44c1-4d4a-b2ad-e17e9268ace8-1.jpg\" alt=\"\" data-id=\"16520\" data-link=\"https:\/\/www.ifbaiano.edu.br\/unidades\/santaines\/?attachment_id=16520\" class=\"wp-image-16520\" \/><\/a><\/figure><\/li><li class=\"blocks-gallery-item\"><figure><a href=\"https:\/\/www.ifbaiano.edu.br\/unidades\/santaines\/files\/2022\/06\/178e1187-fdaf-4673-a436-74e17f1b988b-1.jpg\"><img decoding=\"async\" loading=\"lazy\" width=\"1600\" height=\"1200\" src=\"https:\/\/www.ifbaiano.edu.br\/unidades\/santaines\/files\/2022\/06\/178e1187-fdaf-4673-a436-74e17f1b988b-1.jpg\" alt=\"\" data-id=\"16521\" data-link=\"https:\/\/www.ifbaiano.edu.br\/unidades\/santaines\/?attachment_id=16521\" class=\"wp-image-16521\" \/><\/a><\/figure><\/li><li class=\"blocks-gallery-item\"><figure><a href=\"https:\/\/www.ifbaiano.edu.br\/unidades\/santaines\/files\/2022\/06\/63002a09-ed1a-4db5-b79f-688c8a9a8d3f-1.jpg\"><img decoding=\"async\" loading=\"lazy\" width=\"1600\" height=\"1200\" src=\"https:\/\/www.ifbaiano.edu.br\/unidades\/santaines\/files\/2022\/06\/63002a09-ed1a-4db5-b79f-688c8a9a8d3f-1.jpg\" alt=\"\" data-id=\"16522\" data-link=\"https:\/\/www.ifbaiano.edu.br\/unidades\/santaines\/?attachment_id=16522\" class=\"wp-image-16522\" \/><\/a><\/figure><\/li><\/ul><\/figure>\n\n\n\n<hr class=\"wp-block-separator\" \/>\n\n\n\n<p><\/p>\n\n\n\n<p><\/p>\n","protected":false},"excerpt":{"rendered":"<p>Para celebrar a conclus\u00e3o dos Cursos T\u00e9cnicos integrados, o IF Baiano campus Santa In\u00eas\u00a0promoveu, nesta ter\u00e7a-feira (31), aula da saudade, para os alunos dos cursos de Agropecu\u00e1ria, Alimentos e Zootecnia, ingressantes em 2019. O primeiro evento p\u00f3s-pandemia foi idealizado por uma comiss\u00e3o composta pelas professoras Angela Calhau, Artur Carneiro, Dolores Assariti e Patr\u00edcia Neves. O [&hellip;]<\/p>\n","protected":false},"author":86,"featured_media":16498,"comment_status":"closed","ping_status":"closed","sticky":false,"template":"","format":"standard","meta":[],"categories":[4,13,5,23,57],"tags":[],"_links":{"self":[{"href":"https:\/\/www.ifbaiano.edu.br\/unidades\/santaines\/wp-json\/wp\/v2\/posts\/16497"}],"collection":[{"href":"https:\/\/www.ifbaiano.edu.br\/unidades\/santaines\/wp-json\/wp\/v2\/posts"}],"about":[{"href":"https:\/\/www.ifbaiano.edu.br\/unidades\/santaines\/wp-json\/wp\/v2\/types\/post"}],"author":[{"embeddable":true,"href":"https:\/\/www.ifbaiano.edu.br\/unidades\/santaines\/wp-json\/wp\/v2\/users\/86"}],"replies":[{"embeddable":true,"href":"https:\/\/www.ifbaiano.edu.br\/unidades\/santaines\/wp-json\/wp\/v2\/comments?post=16497"}],"version-history":[{"count":8,"href":"https:\/\/www.ifbaiano.edu.br\/unidades\/santaines\/wp-json\/wp\/v2\/posts\/16497\/revisions"}],"predecessor-version":[{"id":16533,"href":"https:\/\/www.ifbaiano.edu.br\/unidades\/santaines\/wp-json\/wp\/v2\/posts\/16497\/revisions\/16533"}],"wp:featuredmedia":[{"embeddable":true,"href":"https:\/\/www.ifbaiano.edu.br\/unidades\/santaines\/wp-json\/wp\/v2\/media\/16498"}],"wp:attachment":[{"href":"https:\/\/www.ifbaiano.edu.br\/unidades\/santaines\/wp-json\/wp\/v2\/media?parent=16497"}],"wp:term":[{"taxonomy":"category","embeddable":true,"href":"https:\/\/www.ifbaiano.edu.br\/unidades\/santaines\/wp-json\/wp\/v2\/categories?post=16497"},{"taxonomy":"post_tag","embeddable":true,"href":"https:\/\/www.ifbaiano.edu.br\/unidades\/santaines\/wp-json\/wp\/v2\/tags?post=16497"}],"curies":[{"name":"wp","href":"https:\/\/api.w.org\/{rel}","templated":true}]}}